{"id":27879,"date":"2022-03-15T08:30:41","date_gmt":"2022-03-15T07:30:41","guid":{"rendered":"https:\/\/www.vdsm.net\/wronline\/?p=27879"},"modified":"2022-03-15T08:45:16","modified_gmt":"2022-03-15T07:45:16","slug":"acht-auszubildende-machen-examen-als-pflegefachkraefte-an-drk-kinderklinik-siegen","status":"publish","type":"post","link":"https:\/\/www.vdsm.net\/wronline\/acht-auszubildende-machen-examen-als-pflegefachkraefte-an-drk-kinderklinik-siegen\/","title":{"rendered":"Acht Auszubildende machen Examen als Pflegefachkr\u00e4fte an DRK-Kinderklinik Siegen"},"content":{"rendered":"<p>Mitte M\u00e4rz gab es mal wieder einen Grund zum Feiern an der DRK-Kinderklinik Siegen: Sieben junge Damen und ein junger Mann haben n\u00e4mlich ihr Examen erfolgreich abgelegt und d\u00fcrfen sich nun Gesundheits- und Kinderkrankenpflegekraft mit Vertiefung P\u00e4diatrie nennen. Die jungen Menschen sind die ersten, die 2019 nach Fertigstellung des BiGS im April als zus\u00e4tzlich eingerichtetem Ausbildungskurs die Lehre begonnen und nun erfolgreich beendet haben. Der von Anette Braedel geleitete Kurs des BiGS hat stark von der integrativen Ausbildung durch die Kooperation mit dem Kreisklinikum und dem St.-Marien-Krankenhaus profitiert. Au\u00dferdem legte eine Medizinische Fachangestellte vor kurzem ihre Abschlusspr\u00fcfung ab, die praxisnah in den Ambulanzen der Kinderklinik ausgebildet wurde.<\/p>\n<p>Drei der acht Pflegekr\u00e4fte sowie die MFA werden von der DRK-Kinderklinik gerne in feste Anstellungsverh\u00e4ltnisse \u00fcbernommen. Zwei der jungen Pflegekr\u00e4fte haben aufgrund der besonders guten Noten (1,9 oder besser) zudem das Anrecht auf eine Begabtenf\u00f6rderung in Form eines Weiterbildungsstipendiums durch das Bundesministerium f\u00fcr Bildung und Forschung erhalten.<\/p>\n<p><a href=\"https:\/\/www.vdsm.net\/wronline\/wp-content\/uploads\/2022\/03\/Examen-Kinderklinik-Maer-20221_WEB.jpg\"><img loading=\"lazy\" decoding=\"async\" class=\"alignright wp-image-27886 size-medium\" src=\"https:\/\/www.vdsm.net\/wronline\/wp-content\/uploads\/2022\/03\/Examen-Kinderklinik-Maer-20221_WEB-300x200.jpg\" alt=\"\" width=\"300\" height=\"200\" srcset=\"https:\/\/www.vdsm.net\/wronline\/wp-content\/uploads\/2022\/03\/Examen-Kinderklinik-Maer-20221_WEB-300x200.jpg 300w, https:\/\/www.vdsm.net\/wronline\/wp-content\/uploads\/2022\/03\/Examen-Kinderklinik-Maer-20221_WEB-768x512.jpg 768w, https:\/\/www.vdsm.net\/wronline\/wp-content\/uploads\/2022\/03\/Examen-Kinderklinik-Maer-20221_WEB.jpg 777w\" sizes=\"auto, (max-width: 300px) 100vw, 300px\" \/><\/a>Klinikgesch\u00e4ftsf\u00fchrer Carsten Jochum bedankte sich bei allen Beteiligten der Klinik und des Bildungsinstituts f\u00fcr Gesundheitsberufe S\u00fcdwestfalen in seiner Ansprache anl\u00e4sslich der Examensvergabe daf\u00fcr, dass die Ausbildung auch unter den schwierigen Pandemie-bedingungen dennoch eine hohe Qualit\u00e4t und Praxisorientierung erfahren hat. Simone Hensel, Vertreterin der Leitungen im Bereich der Pflege, freute sich, dass man an der DRK-Kinderklinik Siegen weiter-hin das spezialisierte Berufsbild der Gesundheits- und Kinderkrankenpflegekraft bzw. zuk\u00fcnftig das der Pflegefachkraft mit Vertiefung\u00a0P\u00e4diatrie aufrecht erh\u00e4lt. Aus Sicht aller an der Ausbildung Beteiligten ist ein gut ausgebildeter Nachwuchs in den heutigen Zeiten ein elementarer Faktor, um langfristig die Bedarfe im Bereich der Pflege decken zu k\u00f6nnen und so die spezialisierte Versorgung von kranken Kindern und Jugendlichen in der Region aufrecht zu halten.<\/p>\n<p>Mit dem Kurs 2022-2025 fangen im April wieder neun junge Menschen eine Ausbildung zur Fachpflegekraft mit Vertiefung P\u00e4diatrie an, es stehen noch einige wenige Ausbildungspl\u00e4tze zum Oktober f\u00fcr Schnellentschlossene zur Verf\u00fcgung. Interessenten k\u00f6nnen sich gerne schriftlich bei der DRK-Kinderklinik bewerben oder sich unter 0271\/2345-632 bei den Bereichsleitungen Pflege informieren.<\/p>\n<p>Text und Fotos:\u00a0<a href=\"https:\/\/www.drk-kinderklinik.de\/\" target=\"_blank\" rel=\"noopener\">DRK-Kinderklinik Siegen gGmbH<\/a><\/p>\n","protected":false},"excerpt":{"rendered":"<p>Mitte M\u00e4rz gab es mal wieder einen Grund zum Feiern an der DRK-Kinderklinik Siegen: Sieben junge Damen und ein junger Mann haben n\u00e4mlich ihr Examen&#8230;<\/p>\n","protected":false},"author":6,"featured_media":27884,"comment_status":"open","ping_status":"open","sticky":false,"template":"","format":"standard","meta":{"_jetpack_memberships_contains_paid_content":false,"footnotes":""},"categories":[1,32,10],"tags":[],"class_list":["post-27879","post","type-post","status-publish","format-standard","has-post-thumbnail","hentry","category-aktuell","category-infos","category-unternehmen"],"jetpack_featured_media_url":"https:\/\/www.vdsm.net\/wronline\/wp-content\/uploads\/2022\/03\/Examen-Kinderklinik-Maer-2022_WEB.jpg","jetpack_sharing_enabled":true,"_links":{"self":[{"href":"https:\/\/www.vdsm.net\/wronline\/wp-json\/wp\/v2\/posts\/27879","targetHints":{"allow":["GET"]}}],"collection":[{"href":"https:\/\/www.vdsm.net\/wronline\/wp-json\/wp\/v2\/posts"}],"about":[{"href":"https:\/\/www.vdsm.net\/wronline\/wp-json\/wp\/v2\/types\/post"}],"author":[{"embeddable":true,"href":"https:\/\/www.vdsm.net\/wronline\/wp-json\/wp\/v2\/users\/6"}],"replies":[{"embeddable":true,"href":"https:\/\/www.vdsm.net\/wronline\/wp-json\/wp\/v2\/comments?post=27879"}],"version-history":[{"count":7,"href":"https:\/\/www.vdsm.net\/wronline\/wp-json\/wp\/v2\/posts\/27879\/revisions"}],"predecessor-version":[{"id":27888,"href":"https:\/\/www.vdsm.net\/wronline\/wp-json\/wp\/v2\/posts\/27879\/revisions\/27888"}],"wp:featuredmedia":[{"embeddable":true,"href":"https:\/\/www.vdsm.net\/wronline\/wp-json\/wp\/v2\/media\/27884"}],"wp:attachment":[{"href":"https:\/\/www.vdsm.net\/wronline\/wp-json\/wp\/v2\/media?parent=27879"}],"wp:term":[{"taxonomy":"category","embeddable":true,"href":"https:\/\/www.vdsm.net\/wronline\/wp-json\/wp\/v2\/categories?post=27879"},{"taxonomy":"post_tag","embeddable":true,"href":"https:\/\/www.vdsm.net\/wronline\/wp-json\/wp\/v2\/tags?post=27879"}],"curies":[{"name":"wp","href":"https:\/\/api.w.org\/{rel}","templated":true}]}}