{"id":27863,"date":"2022-03-14T11:25:52","date_gmt":"2022-03-14T10:25:52","guid":{"rendered":"https:\/\/www.vdsm.net\/wronline\/?p=27863"},"modified":"2022-03-14T11:25:52","modified_gmt":"2022-03-14T10:25:52","slug":"ausgezeichnete-ausbildung-auch-in-teilzeit-moeglich","status":"publish","type":"post","link":"https:\/\/www.vdsm.net\/wronline\/ausgezeichnete-ausbildung-auch-in-teilzeit-moeglich\/","title":{"rendered":"Ausgezeichnete Ausbildung auch in Teilzeit m\u00f6glich"},"content":{"rendered":"<p>Die Agentur f\u00fcr Arbeit Siegen zeichnete dieses Jahr den Friseursalon Hauptsache Birgit als einen von drei Betrieben mit ihrem Zertifikat f\u00fcr hervorragendes Engagement in der Ausbildung aus. Grund daf\u00fcr ist der besondere Einsatz, den Birgit Matejka, Inhaberin des Salons, bei der Auszubildenden Nurhan G\u00fcng\u00f6r zeigt. Die 26-J\u00e4hrige Mutter von zwei Kindern absolviert seit September 2020 die Ausbildung zur Friseurin in Teilzeit in Matejkas Salon. \u201eIch habe schon ganz lange keine Bewerbungen mehr bekommen. Eigentlich wollte ich gar nicht mehr ausbilden. Dann stand Nurhan pers\u00f6nlich in meinem Salon und wollte gerne eine Ausbildung machen\u201c, erz\u00e4hlt Matejka. Von der Agentur f\u00fcr Arbeit habe sie von der M\u00f6glichkeit der Teilzeitausbildung erfahren. Vor der Ausbildung hat Nurhan die Einstiegsqualifizierung \u2013 ein verg\u00fctetes Praktikum zur beruflichen Orientierung \u2013 in Teilzeit absolviert. \u201eIn der Zeit hat alles sehr gut gepasst. Sie hat gezeigt, dass sie m\u00f6chte und dass sie gut mit den Kundinnen und Kunden umgehen kann. Unser Salon ist famili\u00e4r, dadurch k\u00f6nnen wir sie unterst\u00fctzen und mit ihr den praktischen Teil der Ausbildung flexibel \u00fcben. In der Berufsschule ist sie auch sehr gut\u201c, freut sich die Friseurmeisterin.<\/p>\n<p>\u201eIch finde es toll, wenn Arbeitgeber jungen Menschen, die nicht die klassischen Rahmenbedingungen mitbringen, Chancen geben. Dadurch gewinnen sie wichtige Fachkr\u00e4fte von morgen\u201c, ist sich Simone Stuhrmann, Gesch\u00e4ftsf\u00fchrerin Operativ der Siegener Arbeitsagentur, sicher. Weniger als ein Prozent der Ausbildungsvertr\u00e4ge werden aktuell in Teilzeit abgeschlossen. Dabei suchen die Unternehmen in unserer Region in vielen Bereichen h\u00e4nderingend nach Azubis. Die Teilzeitausbildung bietet gute M\u00f6glichkeiten f\u00fcr beide Seiten\u201c.<\/p>\n<p>Die M\u00f6glichkeit der Teilzeitausbildung gibt es schon seit dem Jahr 2005. Wer seine Ausbildung in Teilzeit absolvieren m\u00f6chte, kann die Anwesenheit im Betrieb auf bis zu 75 Prozent \u2013 das hei\u00dft zwischen 25 und 35 Stunden pro Woche \u2013 reduzieren. So verl\u00e4ngert sich die regul\u00e4re Dauer des Ausbildungsverh\u00e4ltnisses nicht. Eine geringere Stundenzahl ist m\u00f6glich, setzt aber eine Verl\u00e4ngerung der Ausbildungsdauer voraus, damit alle Inhalte der Ausbildung auch kennengelernt werden k\u00f6nnen.<\/p>\n<p>Info: Agentur f\u00fcr Arbeit Siegen<\/p>\n","protected":false},"excerpt":{"rendered":"<p>Die Agentur f\u00fcr Arbeit Siegen zeichnete dieses Jahr den Friseursalon Hauptsache Birgit als einen von drei Betrieben mit ihrem Zertifikat f\u00fcr hervorragendes Engagement in der&#8230;<\/p>\n","protected":false},"author":2,"featured_media":27864,"comment_status":"open","ping_status":"open","sticky":false,"template":"","format":"standard","meta":{"_jetpack_memberships_contains_paid_content":false,"footnotes":""},"categories":[16,32,30],"tags":[],"class_list":["post-27863","post","type-post","status-publish","format-standard","has-post-thumbnail","hentry","category-arbeitsmarkt","category-infos","category-vermischtes"],"jetpack_featured_media_url":"https:\/\/www.vdsm.net\/wronline\/wp-content\/uploads\/2022\/03\/Presseinfo_10_2022_Ausbildungszertifikat_Hauptsache_Birgit_1.jpg","jetpack_sharing_enabled":true,"_links":{"self":[{"href":"https:\/\/www.vdsm.net\/wronline\/wp-json\/wp\/v2\/posts\/27863","targetHints":{"allow":["GET"]}}],"collection":[{"href":"https:\/\/www.vdsm.net\/wronline\/wp-json\/wp\/v2\/posts"}],"about":[{"href":"https:\/\/www.vdsm.net\/wronline\/wp-json\/wp\/v2\/types\/post"}],"author":[{"embeddable":true,"href":"https:\/\/www.vdsm.net\/wronline\/wp-json\/wp\/v2\/users\/2"}],"replies":[{"embeddable":true,"href":"https:\/\/www.vdsm.net\/wronline\/wp-json\/wp\/v2\/comments?post=27863"}],"version-history":[{"count":1,"href":"https:\/\/www.vdsm.net\/wronline\/wp-json\/wp\/v2\/posts\/27863\/revisions"}],"predecessor-version":[{"id":27866,"href":"https:\/\/www.vdsm.net\/wronline\/wp-json\/wp\/v2\/posts\/27863\/revisions\/27866"}],"wp:featuredmedia":[{"embeddable":true,"href":"https:\/\/www.vdsm.net\/wronline\/wp-json\/wp\/v2\/media\/27864"}],"wp:attachment":[{"href":"https:\/\/www.vdsm.net\/wronline\/wp-json\/wp\/v2\/media?parent=27863"}],"wp:term":[{"taxonomy":"category","embeddable":true,"href":"https:\/\/www.vdsm.net\/wronline\/wp-json\/wp\/v2\/categories?post=27863"},{"taxonomy":"post_tag","embeddable":true,"href":"https:\/\/www.vdsm.net\/wronline\/wp-json\/wp\/v2\/tags?post=27863"}],"curies":[{"name":"wp","href":"https:\/\/api.w.org\/{rel}","templated":true}]}}