{"id":27792,"date":"2022-03-07T15:06:26","date_gmt":"2022-03-07T14:06:26","guid":{"rendered":"https:\/\/www.vdsm.net\/wronline\/?p=27792"},"modified":"2022-03-08T08:15:28","modified_gmt":"2022-03-08T07:15:28","slug":"nachhaltiges-wachstum-ein-wesentlicher-eckpfeiler-von-lachmann-rink","status":"publish","type":"post","link":"https:\/\/www.vdsm.net\/wronline\/nachhaltiges-wachstum-ein-wesentlicher-eckpfeiler-von-lachmann-rink\/","title":{"rendered":"Nachhaltiges Wachstum \u2013 ein wesentlicher Eckpfeiler von Lachmann &#038; Rink"},"content":{"rendered":"<p>Die Weichen f\u00fcr die Zukunft sind gestellt \u2013 ob nachhaltiges Wachstum, Solarkraftanlagen oder Elektromobilit\u00e4t. Jedes Unternehmen tr\u00e4gt Verantwortung f\u00fcr einen schonenden Umgang mit nat\u00fcrlichen Ressourcen. Gerade die gr\u00fcne Region S\u00fcdwestfalens ist es wert, f\u00fcr nachfolgende Generationen erhalten zu werden. Auch die Lachmann &amp; Rink GmbH (L&amp;R) ist sich dieser Verantwortung bewusst. Daher investiert sie in Elektromobilit\u00e4t, Solarenergie und vor allem in ihre Mitarbeiterinnen und Mitarbeiter.<\/p>\n<p>Bereits im Jahr 2000 \u2013 mit dem Wechsel zum Standort Freudenberg \u2013 setzten die Firmengr\u00fcnder Dr. Ulrich Lachmann und Alfred Rink den Grundstein f\u00fcr nachhaltiges Wachstum. Schon damals konzipierten sie das Firmengeb\u00e4ude mit ausreichend Potenzial zum Expandieren. 2007 erfolgte mit dem Aufstocken einer weiteren Etage die erste Erweiterung. Der Anbau des Lagers Technik, direkt mit drei weiteren B\u00fcror\u00e4umen und einer sch\u00f6nen Dachterrasse, stand 2012 auf dem Plan. 2016 lie\u00dfen die neuen Gesch\u00e4ftsf\u00fchrer, Arjan Bijlard und Claudius Rink, das Hauptgeb\u00e4ude ein drittes Mal erweitern. Im neuen Anbau entstanden neben 12 zus\u00e4tzlichen B\u00fcror\u00e4umen eine weitere Kantine sowie Besprechungszimmer. Seit Mai 2018 ist Lachmann &amp; Rink mit einem zweiten Standort in Dortmund in attraktiver N\u00e4he zum Campus der Technischen Universit\u00e4t vertreten. Auch weiterhin stehen L&amp;Rs Zeichen auf Wachstum. Spannende Pl\u00e4ne zur Standorterweiterung in Freudenberg sind bereits ausgearbeitet.<\/p>\n<p><strong>Umweltbewusstsein f\u00f6rdern \u2013 gr\u00fcn denken<\/strong><\/p>\n<p>Der Pandemie einen Schritt voraus erm\u00f6glichte die Gesch\u00e4ftsleitung bereits 2019 das Mobile Arbeiten f\u00fcr die Mitarbeiterinnen und Mitarbeiter. Weniger (Auto-) Fahrten zur Arbeitsst\u00e4tte schonen nicht nur den Geldbeutel, sondern auch die Umwelt. Den n\u00e4chsten Meilenstein beim Umwelt- und Klimaschutz setzte L&amp;R mit der Investition eines Solarparks auf dem Firmengeb\u00e4ude. Gemeinsam mit dem Wuppertaler Pionier <a href=\"https:\/\/enteria.org\/referenzen\/lachman-and-rink\" target=\"_blank\" rel=\"noopener\">ENTERIA Energietechnik GmbH<\/a> errichtete L&amp;R den betriebseigenen Solarpark. Trotz der siegerlandtypischen Regenzeit konnte sich die Jahresbilanz 2021 dieser Solarkraftanlage sehen lassen. In Zahlen ausgedr\u00fcckt produzierte die firmeninterne Solaranlage insgesamt 83.921 kWh Energie, wobei L&amp;R davon einen Eigenverbrauch von 50.316 kWh nutzen konnte. Der Rest wurde an diesen Sonnentagen als \u00dcberschuss ins Netz eingespeist. Aus dem Stromnetz selbst wurden noch 54.777 kWh bezogen. Zum Vergleich: Im Jahr 2019 betrug der Gesamtbedarf 138.727 kWh, d.h. ca. 50 Prozent des Strombedarfs deckt L&amp;R mit der eigenen Solarkraftanlage selbst ab.<\/p>\n<p><strong>Starker Partner f\u00fcr einen zukunftssicheren Standort<\/strong><\/p>\n<p>Lachmann &amp; Rink expandiert weiter und wird an seinem Freudenberger Standort weitere Parkfl\u00e4chen errichten, um seine Zukunftssicherheit zu sichern und f\u00fcr das geplante Wachstum gewappnet zu sein. Denn zwei Dinge stehen f\u00fcr das inhabergef\u00fchrte Unternehmen fest: Erstens, die Parkpl\u00e4tze sollen mit dem Unternehmen wachsen k\u00f6nnen. Und zweitens, die Energie, die durch Solarkraftanlage von ENTERIA produziert wird, soll f\u00fcr die Mitarbeiterinnen und Mitarbeiter nachhaltig nutzbar sein. Da sich die Elektromobilit\u00e4t mehr und mehr durchsetzt, sind f\u00fcr die neuen Parkfl\u00e4chen f\u00fcnf Lades\u00e4ulen mit jeweils zwei Ladestationen geplant, welche zuk\u00fcnftig eine komfortable Ladel\u00f6sung f\u00fcr die Belegschaft bieten werden. Auch f\u00fcr die Parkfl\u00e4chen beim Firmengeb\u00e4ude sind weitere Ladestationen geplant. Die eMobility-Ladel\u00f6sungen der <a href=\"https:\/\/www.mennekes.de\/\" target=\"_blank\" rel=\"noopener\">MENNEKES Elektrotechnik GmbH &amp; Co. KG<\/a> aus Kirchhundem bieten eine optimale L\u00f6sung: Die Lades\u00e4ulen AMEDIO\u00ae Professional+ sind mit neuester Technik ausgestattet und auf Langlebigkeit und Zukunftsf\u00e4higkeit ausgerichtet.<\/p>\n<p><strong>L&amp;R unter Strom \u2013 Investitionen in unsere Umwelt<\/strong><\/p>\n<p>Bereits seit einigen Jahren bietet L&amp;R seinen Mitarbeiterinnen und Mitarbeitern zur F\u00f6rderung der Gesundheit und auch zur Schonung der Umwelt ein E-Bike-Leasing an. Dieses haben bereits viele Mitarbeiterinnen und Mitarbeiter in Anspruch genommen, lassen morgens das Auto stehen und fahren stattdessen mit dem Rad zur Arbeit. In den n\u00e4chsten Jahren forciert der innovative Software-Dienstleister den Umstieg zur Elektromobilit\u00e4t weiter, stellt seine Firmenwagenflotte nach und nach um und leistet damit einen weiteren wichtigen Beitrag f\u00fcr unsere Umwelt.<\/p>\n<p>Info: <a href=\"https:\/\/www.lachmann-rink.de\/\" target=\"_blank\" rel=\"noopener\">Lachmann &amp; Rink GmbH<\/a><\/p>\n","protected":false},"excerpt":{"rendered":"<p>Die Weichen f\u00fcr die Zukunft sind gestellt \u2013 ob nachhaltiges Wachstum, Solarkraftanlagen oder Elektromobilit\u00e4t. Jedes Unternehmen tr\u00e4gt Verantwortung f\u00fcr einen schonenden Umgang mit nat\u00fcrlichen Ressourcen&#8230;.<\/p>\n","protected":false},"author":2,"featured_media":27793,"comment_status":"open","ping_status":"open","sticky":false,"template":"","format":"standard","meta":{"_jetpack_memberships_contains_paid_content":false,"footnotes":""},"categories":[1,32,10],"tags":[],"class_list":["post-27792","post","type-post","status-publish","format-standard","has-post-thumbnail","hentry","category-aktuell","category-infos","category-unternehmen"],"jetpack_featured_media_url":"https:\/\/www.vdsm.net\/wronline\/wp-content\/uploads\/2022\/03\/lachmann-rink-goes-green_PRESSE-CMYK.jpg","jetpack_sharing_enabled":true,"_links":{"self":[{"href":"https:\/\/www.vdsm.net\/wronline\/wp-json\/wp\/v2\/posts\/27792","targetHints":{"allow":["GET"]}}],"collection":[{"href":"https:\/\/www.vdsm.net\/wronline\/wp-json\/wp\/v2\/posts"}],"about":[{"href":"https:\/\/www.vdsm.net\/wronline\/wp-json\/wp\/v2\/types\/post"}],"author":[{"embeddable":true,"href":"https:\/\/www.vdsm.net\/wronline\/wp-json\/wp\/v2\/users\/2"}],"replies":[{"embeddable":true,"href":"https:\/\/www.vdsm.net\/wronline\/wp-json\/wp\/v2\/comments?post=27792"}],"version-history":[{"count":1,"href":"https:\/\/www.vdsm.net\/wronline\/wp-json\/wp\/v2\/posts\/27792\/revisions"}],"predecessor-version":[{"id":27794,"href":"https:\/\/www.vdsm.net\/wronline\/wp-json\/wp\/v2\/posts\/27792\/revisions\/27794"}],"wp:featuredmedia":[{"embeddable":true,"href":"https:\/\/www.vdsm.net\/wronline\/wp-json\/wp\/v2\/media\/27793"}],"wp:attachment":[{"href":"https:\/\/www.vdsm.net\/wronline\/wp-json\/wp\/v2\/media?parent=27792"}],"wp:term":[{"taxonomy":"category","embeddable":true,"href":"https:\/\/www.vdsm.net\/wronline\/wp-json\/wp\/v2\/categories?post=27792"},{"taxonomy":"post_tag","embeddable":true,"href":"https:\/\/www.vdsm.net\/wronline\/wp-json\/wp\/v2\/tags?post=27792"}],"curies":[{"name":"wp","href":"https:\/\/api.w.org\/{rel}","templated":true}]}}