{"id":27790,"date":"2022-03-07T14:01:08","date_gmt":"2022-03-07T13:01:08","guid":{"rendered":"https:\/\/www.vdsm.net\/wronline\/?p=27790"},"modified":"2022-03-07T14:01:08","modified_gmt":"2022-03-07T13:01:08","slug":"innovationswerkstatt-2-0-unterstuetzt-bei-digitalisierung","status":"publish","type":"post","link":"https:\/\/www.vdsm.net\/wronline\/innovationswerkstatt-2-0-unterstuetzt-bei-digitalisierung\/","title":{"rendered":"Innovationswerkstatt 2.0 unterst\u00fctzt bei Digitalisierung"},"content":{"rendered":"<p>Die Digitalisierung schreitet immer weiter voran \u2013 auch in kleinen und mittleren Unternehmen. Eine zentrale Frage ist dabei aber nach wie vor die\u00a0Finanzierung von Digitalisierungsvorhaben. F\u00fcr die Anschaffung neuer Hard- und Software oder die Qualifizierung von Mitarbeitenden m\u00fcssen entsprechende Mittel bereitgestellt werden.<\/p>\n<p>Um die Themen Digitalisierung und F\u00f6rderung noch besser zu verzahnen und Unternehmen entsprechend zu unterst\u00fctzen, hat sich das\u00a0Mittelstand 4.0-Kompetenzzentrum Siegen\u00a0mit der\u00a0Besch\u00e4ftigungsf\u00f6rderung des Kreises Siegen-Wittgenstein\u00a0zusammengeschlossen. W\u00e4hrend das Kompetenzzentrum kleine und mittlere Unternehmen (KMU) in S\u00fcdwestfalen in allen Fragen und Problemen rund um das Thema Digitalisierung unterst\u00fctzt, ber\u00e4t die Regiestelle des Kreises Siegen-Wittgenstein Unternehmen zu passenden F\u00f6rderprogrammen f\u00fcr Digitalisierungsvorhaben und hilft bei der Antragstellung.<\/p>\n<p>Aus dieser Kooperation ist nun die\u00a0Veranstaltungsreihe \u201eInnovationswerkstatt 2.0 \u2013 Online-Sprechtag zu Digitalisierung und F\u00f6rderm\u00f6glichkeiten\u201c\u00a0entstanden. Von der digitalen Produktion bis hin zur Gesch\u00e4ftsmodellentwicklung k\u00f6nnen sich Unternehmen zu verschiedenen Themenschwerpunkten informieren und vor allem ihre eigenen Fragen und Anliegen einbringen.<\/p>\n<p>Die Innovationswerkstatt 2.0 findet\u00a0einmal im Monat zu jeweils wechselnden Themen\u00a0statt. Kleine und mittlere Unternehmen k\u00f6nnen sich f\u00fcr\u00a0einst\u00fcndige Einzelsprechstunden anmelden\u00a0und gemeinsam mit den Expertinnen und Experten des Kompetenzzentrums und der Besch\u00e4ftigungsf\u00f6rderung ihre Digitalisierungsvorhaben und entsprechende F\u00f6rderm\u00f6glichkeiten besprechen. \u201eGanz egal, ob sich die Unternehmen allgemein informieren m\u00f6chten oder schon konkrete Ideen haben, ob sie bereits Erfahrungen gesammelt haben oder noch ganz am Anfang stehen \u2013 wir geben die n\u00f6tigen Informationen und kl\u00e4ren individuelle Fragen\u201c, erkl\u00e4rt Josefine Zilke, Ansprechpartnerin des Kreises Siegen-Wittgenstein f\u00fcr F\u00f6rderprogramme im Bereich Digitalisierung.<\/p>\n<p><strong>Auftaktveranstaltung am 16. M\u00e4rz zum Thema IT-Sicherheit\u00a0<\/strong><\/p>\n<p>Die erste gemeinsame Innovationswerkstatt 2.0 findet\u00a0online am Mittwoch, den 16. M\u00e4rz 2022, zu dem Thema\u00a0IT-Sicherheit\u00a0statt. In der Zeit von 9:00 bis 15:00 Uhr k\u00f6nnen kleine und mittlere Unternehmen an den Einzelsprechstunden teilnehmen.<\/p>\n<p>Nico Vitt, IT-Sicherheitsexperte des Kompetenzzentrums, informiert rund um das Thema IT-Sicherheit und beantwortet individuelle Fragen, zum Beispiel zum Schutz vor Hackerangriffen und m\u00f6glichen Schwachstellen. Josefine Zilke gibt Tipps, wie Unternehmen das passende F\u00f6rderprogramm finden und einen entsprechenden Antrag stellen k\u00f6nnen.<\/p>\n<p>Die Teilnahme an den Online-Sprechstunden ist\u00a0kostenfrei. Interessierte Unternehmen k\u00f6nnen sich \u00fcber die\u00a0<a title=\"Externer Link\" href=\"https:\/\/www.siegen-wittgenstein.de\/redirect.phtml?extlink=1&amp;La=1&amp;url_fid=3415.1000.1\" target=\"_blank\" rel=\"noopener\">Website des Mittelstand 4.0-Kompetenzzentrums<\/a>\u00a0anmelden\u00a0und dort weitere Informationen erhalten.<\/p>\n<p>Das neue Angebot des Kompetenzzentrums und des Kreises Siegen-Wittgenstein wird durch die IHK Siegen, Handwerkskammer S\u00fcdwestfalen, Kreishandwerkerschaft Westfalen S\u00fcd, Arbeitgeberverb\u00e4nde Siegen-Wittgenstein und ZDW S\u00fcdwestfalen GmbH unterst\u00fctzt.<\/p>\n<p>Fragen beantworten Josefine Zilke, 0271 333 1145 \/<a href=\"mailto:j.zilke@siegen-wittgenstein.de\"> j.zilke@siegen-wittgenstein.de<\/a> oder Jennifer Novak, 0271 7403289 \/ <a href=\"mailto:novak@kompetenzzentrum-siegen.digital\">novak@kompetenzzentrum-siegen.digital<\/a>.<\/p>\n<p>Info: <a href=\"https:\/\/www.siegen-wittgenstein.de\/\" target=\"_blank\" rel=\"noopener\">Kreis Siegen-Wittgenstein<\/a><\/p>\n","protected":false},"excerpt":{"rendered":"<p>Die Digitalisierung schreitet immer weiter voran \u2013 auch in kleinen und mittleren Unternehmen. Eine zentrale Frage ist dabei aber nach wie vor die\u00a0Finanzierung von Digitalisierungsvorhaben&#8230;.<\/p>\n","protected":false},"author":2,"featured_media":15137,"comment_status":"open","ping_status":"open","sticky":false,"template":"","format":"standard","meta":{"_jetpack_memberships_contains_paid_content":false,"footnotes":""},"categories":[8,32,30,11],"tags":[],"class_list":["post-27790","post","type-post","status-publish","format-standard","has-post-thumbnail","hentry","category-ausbildung","category-infos","category-vermischtes","category-regionale-wirtschaft"],"jetpack_featured_media_url":"https:\/\/www.vdsm.net\/wronline\/wp-content\/uploads\/2019\/08\/digitalisierung.jpg","jetpack_sharing_enabled":true,"_links":{"self":[{"href":"https:\/\/www.vdsm.net\/wronline\/wp-json\/wp\/v2\/posts\/27790","targetHints":{"allow":["GET"]}}],"collection":[{"href":"https:\/\/www.vdsm.net\/wronline\/wp-json\/wp\/v2\/posts"}],"about":[{"href":"https:\/\/www.vdsm.net\/wronline\/wp-json\/wp\/v2\/types\/post"}],"author":[{"embeddable":true,"href":"https:\/\/www.vdsm.net\/wronline\/wp-json\/wp\/v2\/users\/2"}],"replies":[{"embeddable":true,"href":"https:\/\/www.vdsm.net\/wronline\/wp-json\/wp\/v2\/comments?post=27790"}],"version-history":[{"count":1,"href":"https:\/\/www.vdsm.net\/wronline\/wp-json\/wp\/v2\/posts\/27790\/revisions"}],"predecessor-version":[{"id":27791,"href":"https:\/\/www.vdsm.net\/wronline\/wp-json\/wp\/v2\/posts\/27790\/revisions\/27791"}],"wp:featuredmedia":[{"embeddable":true,"href":"https:\/\/www.vdsm.net\/wronline\/wp-json\/wp\/v2\/media\/15137"}],"wp:attachment":[{"href":"https:\/\/www.vdsm.net\/wronline\/wp-json\/wp\/v2\/media?parent=27790"}],"wp:term":[{"taxonomy":"category","embeddable":true,"href":"https:\/\/www.vdsm.net\/wronline\/wp-json\/wp\/v2\/categories?post=27790"},{"taxonomy":"post_tag","embeddable":true,"href":"https:\/\/www.vdsm.net\/wronline\/wp-json\/wp\/v2\/tags?post=27790"}],"curies":[{"name":"wp","href":"https:\/\/api.w.org\/{rel}","templated":true}]}}