{"id":27749,"date":"2022-03-03T11:56:12","date_gmt":"2022-03-03T10:56:12","guid":{"rendered":"https:\/\/www.vdsm.net\/wronline\/?p=27749"},"modified":"2022-03-03T11:56:12","modified_gmt":"2022-03-03T10:56:12","slug":"jetzt-praktikumsplaetze-klarmachen","status":"publish","type":"post","link":"https:\/\/www.vdsm.net\/wronline\/jetzt-praktikumsplaetze-klarmachen\/","title":{"rendered":"Jetzt Praktikumspl\u00e4tze klarmachen"},"content":{"rendered":"<p>Aufgrund der Corona-Pandemie sind Praktika in den vergangenen zwei Jahren deutlich zu kurz gekommen. Das wird jetzt in ganz NRW nachgeholt. Vom 28. M\u00e4rz bis zum 8. April k\u00f6nnen Sch\u00fclerinnen und Sch\u00fcler sich praktisch in Unternehmen und Betrieben ausprobieren.<\/p>\n<p><strong>\u00a0<\/strong>\u201eIn den vergangenen zwei Jahren ist viel Engagement f\u00fcr die berufliche Ausbildung aufgebracht worden, doch die M\u00f6glichkeiten f\u00fcr Praktika waren vielfach stark eingeschr\u00e4nkt. F\u00fcr beide Seiten ist es wichtig, jetzt das gegenseitige Kennenlernen nachzuholen oder noch weiter zu verst\u00e4rken\u201c, erkl\u00e4rt Daniela Tomczak, Leiterin der Agentur f\u00fcr Arbeit Siegen. Praktika sind wichtige T\u00fcr\u00f6ffner beim \u00dcbergang von der Schule in den Beruf \u2013 eine Chance, die sich zu nutzen lohnt. Dann sind die Praktikantinnen und Praktikanten von heute vielleicht schon im Herbst der dringend ben\u00f6tigte Nachwuchs in der Fachkr\u00e4fteausbildung. \u201eDie Chancen auf eine Ausbildung waren selten so gut wie heute. Nutzen Sie die vielf\u00e4ltigen M\u00f6glichkeiten, die die Unternehmen in unserer Region bieten\u201c, ermutigt sie alle Sch\u00fclerinnen und Sch\u00fcler.<\/p>\n<p><strong>Schulen, Arbeitsagenturen und Kammern unterst\u00fctzen <\/strong><\/p>\n<p>Mit der Suche nach passenden Praktikumsm\u00f6glichkeiten k\u00f6nnen Sch\u00fclerinnen und Sch\u00fcler sofort beginnen. Unterst\u00fctzung erhalten die jungen Menschen und ihre Eltern vor Ort in den Schulen, bei der Berufsberatung der Siegener Arbeitsagentur, den lokalen Partnern am Ausbildungsmarkt und den Praktikumsb\u00f6rsen im Internet.<\/p>\n<p>Die angebotenen zus\u00e4tzlichen Praktikumspl\u00e4tze k\u00f6nnen auch im Internet \u00fcber die bestehenden Praktikumsb\u00f6rsen gefunden werden.<\/p>\n<p><strong>Weitere Informationen gibt es hier: <\/strong><\/p>\n<p><a href=\"http:\/\/www.mags.nrw\/pressemitteilung\/aktionswochen-praktikum-jetzt-fuer-schuelerpraktika-nutzen\" target=\"_blank\" rel=\"noopener\">www.mags.nrw\/pressemitteilung\/aktionswochen-praktikum-jetzt-fuer-schuelerpraktika-nutzen<\/a><\/p>\n<p>Praktikum Jetzt!\u201c, ist eine gemeinsame Aktion der Partner im Ausbildungskonsens NRW und im Rahmen der Landesinitiative \u201eKein Abschluss ohne Anschluss\u201c (KAoA).<\/p>\n<p>Info: Agentur f\u00fcr Arbeit Siegen<\/p>\n","protected":false},"excerpt":{"rendered":"<p>Aufgrund der Corona-Pandemie sind Praktika in den vergangenen zwei Jahren deutlich zu kurz gekommen. Das wird jetzt in ganz NRW nachgeholt. Vom 28. M\u00e4rz bis&#8230;<\/p>\n","protected":false},"author":2,"featured_media":2676,"comment_status":"open","ping_status":"open","sticky":false,"template":"","format":"standard","meta":{"_jetpack_memberships_contains_paid_content":false,"footnotes":""},"categories":[16,8,32,30],"tags":[],"class_list":["post-27749","post","type-post","status-publish","format-standard","has-post-thumbnail","hentry","category-arbeitsmarkt","category-ausbildung","category-infos","category-vermischtes"],"jetpack_featured_media_url":"https:\/\/www.vdsm.net\/wronline\/wp-content\/uploads\/2015\/08\/wronline-header-ausbildung.jpg","jetpack_sharing_enabled":true,"_links":{"self":[{"href":"https:\/\/www.vdsm.net\/wronline\/wp-json\/wp\/v2\/posts\/27749","targetHints":{"allow":["GET"]}}],"collection":[{"href":"https:\/\/www.vdsm.net\/wronline\/wp-json\/wp\/v2\/posts"}],"about":[{"href":"https:\/\/www.vdsm.net\/wronline\/wp-json\/wp\/v2\/types\/post"}],"author":[{"embeddable":true,"href":"https:\/\/www.vdsm.net\/wronline\/wp-json\/wp\/v2\/users\/2"}],"replies":[{"embeddable":true,"href":"https:\/\/www.vdsm.net\/wronline\/wp-json\/wp\/v2\/comments?post=27749"}],"version-history":[{"count":1,"href":"https:\/\/www.vdsm.net\/wronline\/wp-json\/wp\/v2\/posts\/27749\/revisions"}],"predecessor-version":[{"id":27750,"href":"https:\/\/www.vdsm.net\/wronline\/wp-json\/wp\/v2\/posts\/27749\/revisions\/27750"}],"wp:featuredmedia":[{"embeddable":true,"href":"https:\/\/www.vdsm.net\/wronline\/wp-json\/wp\/v2\/media\/2676"}],"wp:attachment":[{"href":"https:\/\/www.vdsm.net\/wronline\/wp-json\/wp\/v2\/media?parent=27749"}],"wp:term":[{"taxonomy":"category","embeddable":true,"href":"https:\/\/www.vdsm.net\/wronline\/wp-json\/wp\/v2\/categories?post=27749"},{"taxonomy":"post_tag","embeddable":true,"href":"https:\/\/www.vdsm.net\/wronline\/wp-json\/wp\/v2\/tags?post=27749"}],"curies":[{"name":"wp","href":"https:\/\/api.w.org\/{rel}","templated":true}]}}