{"id":2773,"date":"2015-09-21T10:50:20","date_gmt":"2015-09-21T08:50:20","guid":{"rendered":"http:\/\/www.vdsm.net\/wronline\/?p=2773"},"modified":"2015-09-30T10:44:37","modified_gmt":"2015-09-30T08:44:37","slug":"nrw-wirtschaftsminister-garrelt-duin-besucht-mennekes-auf-der-iaa-in-frankfurt","status":"publish","type":"post","link":"https:\/\/www.vdsm.net\/wronline\/nrw-wirtschaftsminister-garrelt-duin-besucht-mennekes-auf-der-iaa-in-frankfurt\/","title":{"rendered":"Wirtschaftsminister besucht Mennekes auf der IAA"},"content":{"rendered":"<p>Am 17. September besuchte NRW Wirtschaftsminister Garrelt Duin den Mennekes Messestand auf der New Mobility World im Rahmen der 66. IAA Pkw.\u00a0Im neuen Ausstellungsbereich \u201eNew Mobility World\u201c dreht sich alles um die f\u00fcnf Themenfelder \u201eConnected Car\u201c,\u00a0<span style=\"line-height: 1.5;\">\u201eAutomated Driving\u201c, \u201eE-Mobility\u201c, \u201eUrban Mobility\u201c und \u201eMobility Services\u201c.\u00a0<\/span>Fachbesucher, Medienvertreter und das breite Publikum haben hier die M\u00f6glichkeit, sich \u00fcber die wichtigsten Entwicklungen und Innovationen in diesem sich rasch ver\u00e4ndernden Umfeld zu informieren.<\/p>\n<p>Auf dem Mennekes Messestand \u00fcberzeugte sich NRW Wirtschaftsminister Garrelt Duin davon, wie sonnig tanken\u00a0<span style=\"line-height: 1.5;\">mit der Amtron Heimladestation f\u00fcr Elektrofahrzeuge sein kann.\u00a0 Mit den Heimladestationen inklusive Charge App ist\u00a0<\/span><span style=\"line-height: 1.5;\">die Anbindung an die eigene Photovoltaikanlage einfach, komfortabel und preisg\u00fcnstig m\u00f6glich.<\/span><\/p>\n","protected":false},"excerpt":{"rendered":"<p>Am 17. September besuchte NRW Wirtschaftsminister Garrelt Duin den Mennekes Messestand auf der New Mobility World im Rahmen der 66. IAA Pkw.\u00a0Im neuen Ausstellungsbereich \u201eNew&#8230;<\/p>\n","protected":false},"author":2,"featured_media":2774,"comment_status":"open","ping_status":"open","sticky":false,"template":"","format":"standard","meta":{"_jetpack_memberships_contains_paid_content":false,"footnotes":""},"categories":[10],"tags":[],"class_list":["post-2773","post","type-post","status-publish","format-standard","has-post-thumbnail","hentry","category-unternehmen"],"jetpack_featured_media_url":"https:\/\/www.vdsm.net\/wronline\/wp-content\/uploads\/2015\/09\/MENNEKES_NRW_Wirtschaftsminister_Duin_besucht_Mennekes_auf_IAA.jpg","jetpack_sharing_enabled":true,"_links":{"self":[{"href":"https:\/\/www.vdsm.net\/wronline\/wp-json\/wp\/v2\/posts\/2773","targetHints":{"allow":["GET"]}}],"collection":[{"href":"https:\/\/www.vdsm.net\/wronline\/wp-json\/wp\/v2\/posts"}],"about":[{"href":"https:\/\/www.vdsm.net\/wronline\/wp-json\/wp\/v2\/types\/post"}],"author":[{"embeddable":true,"href":"https:\/\/www.vdsm.net\/wronline\/wp-json\/wp\/v2\/users\/2"}],"replies":[{"embeddable":true,"href":"https:\/\/www.vdsm.net\/wronline\/wp-json\/wp\/v2\/comments?post=2773"}],"version-history":[{"count":4,"href":"https:\/\/www.vdsm.net\/wronline\/wp-json\/wp\/v2\/posts\/2773\/revisions"}],"predecessor-version":[{"id":2792,"href":"https:\/\/www.vdsm.net\/wronline\/wp-json\/wp\/v2\/posts\/2773\/revisions\/2792"}],"wp:featuredmedia":[{"embeddable":true,"href":"https:\/\/www.vdsm.net\/wronline\/wp-json\/wp\/v2\/media\/2774"}],"wp:attachment":[{"href":"https:\/\/www.vdsm.net\/wronline\/wp-json\/wp\/v2\/media?parent=2773"}],"wp:term":[{"taxonomy":"category","embeddable":true,"href":"https:\/\/www.vdsm.net\/wronline\/wp-json\/wp\/v2\/categories?post=2773"},{"taxonomy":"post_tag","embeddable":true,"href":"https:\/\/www.vdsm.net\/wronline\/wp-json\/wp\/v2\/tags?post=2773"}],"curies":[{"name":"wp","href":"https:\/\/api.w.org\/{rel}","templated":true}]}}