{"id":27703,"date":"2022-03-02T10:29:55","date_gmt":"2022-03-02T09:29:55","guid":{"rendered":"https:\/\/www.vdsm.net\/wronline\/?p=27703"},"modified":"2022-03-02T10:29:55","modified_gmt":"2022-03-02T09:29:55","slug":"frauen-waehrend-pandemie-weniger-von-kuendigungen-betroffen","status":"publish","type":"post","link":"https:\/\/www.vdsm.net\/wronline\/frauen-waehrend-pandemie-weniger-von-kuendigungen-betroffen\/","title":{"rendered":"Frauen w\u00e4hrend Pandemie weniger von K\u00fcndigungen betroffen"},"content":{"rendered":"<div id=\"attachment_27184\" style=\"width: 210px\" class=\"wp-caption alignright\"><a href=\"https:\/\/www.vdsm.net\/wronline\/wp-content\/uploads\/2022\/01\/Tomczak_Daniela.jpg\"><img loading=\"lazy\" decoding=\"async\" aria-describedby=\"caption-attachment-27184\" class=\"size-medium wp-image-27184\" src=\"https:\/\/www.vdsm.net\/wronline\/wp-content\/uploads\/2022\/01\/Tomczak_Daniela-200x300.jpg\" alt=\"\" width=\"200\" height=\"300\" srcset=\"https:\/\/www.vdsm.net\/wronline\/wp-content\/uploads\/2022\/01\/Tomczak_Daniela-200x300.jpg 200w, https:\/\/www.vdsm.net\/wronline\/wp-content\/uploads\/2022\/01\/Tomczak_Daniela.jpg 591w\" sizes=\"auto, (max-width: 200px) 100vw, 200px\" \/><\/a><p id=\"caption-attachment-27184\" class=\"wp-caption-text\">Daniela Tomczak, Leiterin der Agentur f\u00fcr Arbeit Siegen<\/p><\/div>\n<p>Im Februar endet das zweite Jahr in Folge, das durch die Corona-Pandemie gepr\u00e4gt wurde. \u201eDas Vor-Corona-Niveau haben wir zwar noch nicht ganz erreicht, aber angesichts der auch in diesem Monat sinkenden Zahl von Arbeitslosen, blicken wir weiterhin vorerst optimistisch in die erste Jahresh\u00e4lfte. Die Folgen des aktuellen Konflikts auf den Arbeitsmarkt bleiben abzuwarten\u201c, berichtet Daniela Tomczak, Chefin der Siegener Arbeitsagentur. Den internationalen Frauentag am 08. M\u00e4rz nahm die Agentur f\u00fcr Arbeit Siegen als Anlass, die Entwicklungen von M\u00e4nnern und Frauen in der Arbeitslosigkeit zu vergleichen. \u201eGrunds\u00e4tzlich l\u00e4sst sich erkennen, dass die Frauen in den letzten zwei Corona-Jahren weniger stark von Arbeitslosigkeit betroffen waren als die M\u00e4nner\u201c, erkl\u00e4rt die Expertin. Bei den M\u00e4nnern stieg die Zahl der Arbeitslosen mit Beginn der Pandemie stark an, ging dann aber auch ebenso kr\u00e4ftig wieder zur\u00fcck. Im Vergleich dazu fiel der Anstieg bei den Frauen deutlich geringer aus. \u201eDas ist vor allem darauf zur\u00fcckzuf\u00fchren, dass Frauen verst\u00e4rkt im Dienstleistungssektor t\u00e4tig sind. Allein im Gesundheitswesen, im Einzelhandel und im Sozialwesen sind ein Drittel (33,9 Prozent) aller Frauen in der Region besch\u00e4ftigt\u201c, erg\u00e4nzt sie.<\/p>\n<p><strong>Der Arbeitsmarkt im \u00dcberblick<\/strong><\/p>\n<p><strong>Arbeitslosigkeit <\/strong><\/p>\n<p>Die Zahl der Arbeitslosen im Agenturbezirk Siegen ist im Februar 2022 gesunken. Insgesamt waren 10.347 Personen arbeitslos gemeldet. Verglichen mit den Zahlen des Vormonates sind dies 243 Personen oder 2,3 Prozent weniger. Im Vergleich zum Februar des Vorjahres sinkt die Zahl der Arbeitslosen um 2.588 Personen bzw. 20,0 Prozent. Die Arbeitslosenquote auf Basis aller zivilen Erwerbspersonen betr\u00e4gt 4,4 Prozent. Vor einem Jahr belief sie sich auf 5,4 Prozent (-1,0 Prozentpunkte).<\/p>\n<p><strong>Jugendarbeitslosigkeit<\/strong><\/p>\n<p>992 Arbeitslose sind im Berichtsmonat unter 25 Jahre alt. Im Vormonat waren dies noch 38 weniger und im gleichen Monat des Vorjahres 445 junge Menschen mehr. Die prozentuale Ver\u00e4nderung bel\u00e4uft sich auf +4,0 Prozent zum vorherigen Monat bzw. -31,0 Prozent im Vorjahresvergleich.<\/p>\n<p><strong>\u00c4ltere Arbeitslose<\/strong><\/p>\n<p>Die Anzahl arbeitsloser Personen ab 50 Jahre ist im Vergleich zum Vormonat gesunken(-164 Personen oder &#8211; 4,0 Prozent). Im Vergleich zum Vorjahr sind es 511 Arbeitslose (-11,5 Prozent).) Insgesamt sind 3.942 Menschen ab 50 Jahre in der Arbeitsagentur Siegen betroffen.<\/p>\n<p><strong>Langzeitarbeitslose<\/strong><\/p>\n<p>Die Zahl der Langzeitarbeitslosen ist im Berichtsmonat gesunken. 3.996 Personen waren l\u00e4nger als ein Jahr nicht sozialversicherungspflichtig besch\u00e4ftigt, darunter z\u00e4hlen 81,4 Prozent (3.254 Personen) zur Grundsicherung. Verglichen mit den Gesamtzahlen des Vormonates sind dies 165 Langzeitarbeitslose weniger.\u00a0 Im Vergleich zum Vorjahr sinkt die Zahl dieser Personengruppe um 478 Personen.<\/p>\n<p><strong>Entwicklung in der Arbeitslosenversicherung \u2013 SGB III<\/strong><\/p>\n<p>Im Bereich der Arbeitslosenversicherung wurden in diesem Monat 4.115 Personen gemeldet. Die Zahl hat sich im Vergleich zum Vormonat um 70 Personen bzw. 1,7 Prozent verringert. Im Vorjahresvergleich bedeutet dies eine Verringerung um 1.750 Personen oder 29,8 Prozent.<\/p>\n<p><strong>Entwicklung in der Grundsicherung \u2013 SGB II<\/strong><\/p>\n<p>In der Grundsicherung sind 173 Arbeitslose weniger als im Vormonat und 838 weniger als im Vorjahr zu verzeichnen. Im Verh\u00e4ltnis entspricht dies -2,7 Prozent zum Vormonat bzw. -11,9 Prozent zum Vorjahr. Insgesamt sind es 6.232 Personen und damit 60,2 Prozent aller Arbeitslosen, die zur Grundsicherung gem\u00e4\u00df SGB II z\u00e4hlen.<\/p>\n<p><strong>Stellenangebote<\/strong><\/p>\n<p>Unternehmen aus der Region haben in diesem Monat 1.163 Stellen gemeldet (270 Stellen mehr als im Vormonat). Im Bestand befanden sich insgesamt 4.455 offene Stellen, 188 mehr als im Vormonat und 1.611 mehr als im Vorjahresmonat.<\/p>\n<p><strong>Kurzarbeit<\/strong><\/p>\n<p>Mit aktuellstem Datenstand f\u00fcr Januar 2022 sind im Agenturbezirk Siegen insgesamt 131 Anzeigen auf Kurzarbeit f\u00fcr rund 2.558 Personen eingegangen, das sind 28 Anzeigen mehr als im Monat zuvor.<\/p>\n<p>Nun stehen den Agenturen f\u00fcr Arbeit Daten \u00fcber die tats\u00e4chlich erfolgte Kurzarbeit im August 2021 zur Verf\u00fcgung. In dem Monat lag der Arbeitsausfall f\u00fcr Personen in Kurzarbeit bei durchschnittlich 33,6 Prozent. Im Agenturbezirk Siegen haben insgesamt 637 Betriebe f\u00fcr 5.808 Personen Kurzarbeitergeld beantragt. Das waren 741 Kurzarbeiter\/innen weniger als im Monat zuvor.<\/p>\n<p><u>Folgende Wirtschaftsabschnitte waren in dem Monat am st\u00e4rksten von Kurzarbeit betroffen:<\/u><\/p>\n<p>Verarbeitendes Gewerbe: 177 Betriebe<br \/>\nHandel; Instanthalt. u. Rep. v. Kfz.: 130 Betriebe<br \/>\nGastgewerbe: 86 Betriebe<br \/>\nFreiberufl., wissensch. u. techn. Dienstleistungen: 52 Betriebe<br \/>\nSonstige wirtschaftliche Dienstleistungen: 47 Betriebe<br \/>\n<em>(Quelle: Statistik der Bundesagentur f\u00fcr Arbeit)\u00a0<\/em><\/p>\n<p><strong><br \/>\nKreis Siegen-Wittgenstein<\/strong><\/p>\n<p><strong>Arbeitslosigkeit<\/strong><\/p>\n<p>Die Zahl der Arbeitslosen im Kreis Siegen-Wittgenstein ist im Februar 2022 gesunken. Insgesamt waren 7.651 Personen arbeitslos gemeldet. Verglichen mit den Zahlen des Vormonates sind dies 156 Personen oder 2,0 Prozent weniger.\u00a0 Im Vergleich zum Februar des Vorjahres sinkt die Zahl der Arbeitslosen um 1.708 Personen bzw. 18,2 Prozent. Die Arbeitslosenquote auf Basis aller zivilen Erwerbspersonen betr\u00e4gt 4,9 Prozent. Vor einem Jahr belief sie sich auf 6,0 Prozent (-1,1 Prozentpunkte).<br \/>\n<strong><br \/>\nEntwicklung in der Arbeitslosenversicherung \u2013 SGB III<\/strong><\/p>\n<p>Im Bereich der Arbeitslosenversicherung wurden in diesem Monat 2.758 Personen gemeldet. Die Zahl hat sich im Vergleich zum Vormonat um 42 Personen bzw. 1,5 Prozent verringert. Im Vorjahresvergleich bedeutet dies eine Verringerung um 1.136 Personen oder 29,2 Prozent.<\/p>\n<p><strong>Entwicklung in der Grundsicherung \u2013 SGB II<\/strong><\/p>\n<p>In der Grundsicherung sind 114 Arbeitslose weniger als im Vormonat und 572 weniger als im Vorjahr zu verzeichnen. Im Verh\u00e4ltnis entspricht dies -2,3 Prozent zum Vormonat bzw. -10,5 Prozent zum Vorjahr. Insgesamt sind es 4.893 Personen und damit 64,0 Prozent aller Arbeitslosen, die zur Grundsicherung gem\u00e4\u00df SGB II z\u00e4hlen.<\/p>\n<p><strong><br \/>\nKreis Olpe<\/strong><\/p>\n<p><strong>Arbeitslosigkeit<\/strong><\/p>\n<p>Die Zahl der Arbeitslosen im Kreis Olpe ist im Februar 2022 gesunken. Insgesamt waren 2.696 Personen arbeitslos gemeldet. Verglichen mit den Zahlen des Vormonates sind dies 87 Personen oder 3,1 Prozent weniger.\u00a0 Im Vergleich zum Februar des Vorjahres sinkt die Zahl der Arbeitslosen um 880 Personen bzw. 24,6 Prozent. Die Arbeitslosenquote auf Basis aller zivilen Erwerbspersonen betr\u00e4gt 3,4 Prozent. Vor einem Jahr belief sie sich auf 4,5 Prozent (-1,1 Prozentpunkte).<br \/>\n<strong><br \/>\nEntwicklung in der Arbeitslosenversicherung \u2013 SGB III<\/strong><\/p>\n<p>Im Bereich der Arbeitslosenversicherung wurden in diesem Monat 1.357 Personen gemeldet. Die Zahl hat sich im Vergleich zum Vormonat verringert um 28 Personen bzw. 2,0 Prozent. Im Vorjahresvergleich bedeutet dies eine Verringerung um 614 Personen oder 31,2 Prozent.<\/p>\n<p><strong>Entwicklung in der Grundsicherung \u2013 SGB II<\/strong><\/p>\n<p>In der Grundsicherung sind 59 Arbeitslose weniger als im Vormonat und 266 weniger als im Vorjahr zu verzeichnen. Im Verh\u00e4ltnis entspricht dies -4,2 Prozent zum Vormonat bzw. -16,6 Prozent zum Vorjahr. Insgesamt sind es 1.339 Personen und damit 49,7 Prozent aller Arbeitslosen, die zur Grundsicherung gem\u00e4\u00df SGB II z\u00e4hlen.<\/p>\n<p>Text: Agentur f\u00fcr Arbeit Siegen<\/p>\n","protected":false},"excerpt":{"rendered":"<p>Im Februar endet das zweite Jahr in Folge, das durch die Corona-Pandemie gepr\u00e4gt wurde. \u201eDas Vor-Corona-Niveau haben wir zwar noch nicht ganz erreicht, aber angesichts&#8230;<\/p>\n","protected":false},"author":6,"featured_media":22637,"comment_status":"open","ping_status":"open","sticky":false,"template":"","format":"standard","meta":{"_jetpack_memberships_contains_paid_content":false,"footnotes":""},"categories":[16,32,30],"tags":[],"class_list":["post-27703","post","type-post","status-publish","format-standard","has-post-thumbnail","hentry","category-arbeitsmarkt","category-infos","category-vermischtes"],"jetpack_featured_media_url":"https:\/\/www.vdsm.net\/wronline\/wp-content\/uploads\/2021\/03\/wronline-header-arbeitsmark.jpg","jetpack_sharing_enabled":true,"_links":{"self":[{"href":"https:\/\/www.vdsm.net\/wronline\/wp-json\/wp\/v2\/posts\/27703","targetHints":{"allow":["GET"]}}],"collection":[{"href":"https:\/\/www.vdsm.net\/wronline\/wp-json\/wp\/v2\/posts"}],"about":[{"href":"https:\/\/www.vdsm.net\/wronline\/wp-json\/wp\/v2\/types\/post"}],"author":[{"embeddable":true,"href":"https:\/\/www.vdsm.net\/wronline\/wp-json\/wp\/v2\/users\/6"}],"replies":[{"embeddable":true,"href":"https:\/\/www.vdsm.net\/wronline\/wp-json\/wp\/v2\/comments?post=27703"}],"version-history":[{"count":4,"href":"https:\/\/www.vdsm.net\/wronline\/wp-json\/wp\/v2\/posts\/27703\/revisions"}],"predecessor-version":[{"id":27707,"href":"https:\/\/www.vdsm.net\/wronline\/wp-json\/wp\/v2\/posts\/27703\/revisions\/27707"}],"wp:featuredmedia":[{"embeddable":true,"href":"https:\/\/www.vdsm.net\/wronline\/wp-json\/wp\/v2\/media\/22637"}],"wp:attachment":[{"href":"https:\/\/www.vdsm.net\/wronline\/wp-json\/wp\/v2\/media?parent=27703"}],"wp:term":[{"taxonomy":"category","embeddable":true,"href":"https:\/\/www.vdsm.net\/wronline\/wp-json\/wp\/v2\/categories?post=27703"},{"taxonomy":"post_tag","embeddable":true,"href":"https:\/\/www.vdsm.net\/wronline\/wp-json\/wp\/v2\/tags?post=27703"}],"curies":[{"name":"wp","href":"https:\/\/api.w.org\/{rel}","templated":true}]}}