{"id":2770,"date":"2015-09-21T10:41:15","date_gmt":"2015-09-21T08:41:15","guid":{"rendered":"http:\/\/www.vdsm.net\/wronline\/?p=2770"},"modified":"2015-09-21T10:41:15","modified_gmt":"2015-09-21T08:41:15","slug":"tarifparteien-oeffnen-tarifvertrag-fuer-fluechtlinge","status":"publish","type":"post","link":"https:\/\/www.vdsm.net\/wronline\/tarifparteien-oeffnen-tarifvertrag-fuer-fluechtlinge\/","title":{"rendered":"Tarifparteien \u00f6ffnen Tarifvertrag f\u00fcr Fl\u00fcchtlinge"},"content":{"rendered":"<p class=\"Default\">Die nordrhein-westf\u00e4lischen Metallarbeitgeber wollen Fl\u00fcchtlinge durch Besch\u00e4ftigung in den Betrieben des Landes fr\u00fchzeitig integrieren und mit gezielter Sprachf\u00f6rderung f\u00fcr eine regul\u00e4re Arbeitsaufnahme qualifizieren. Der Pr\u00e4sident des Verbandes der Metall- und Elektro-Industrie Nordrhein Westfalen (METALL NRW), Arndt G. Kirchhoff, sagte am Montag in D\u00fcsseldorf, er freue sich, dass die IG Metall seinem Vorschlag zugestimmt habe, den Tarifvertrag \u201eF\u00f6rderung von Ausbildungsf\u00e4higkeit \u2013 TV FAF\u201c auch f\u00fcr Fl\u00fcchtlinge anzuwenden, um ihnen eine Chance auf Integration durch Qualifizierung zu geben. Der TV FAF sei im Jahr 2008 zwischen METALL NRW und der IG Metall NRW vereinbart worden, um nicht ausbildungsf\u00e4hige Jugendliche f\u00fcr eine regul\u00e4re Ausbildung fit zu machen. \u201eIch bin davon \u00fcberzeugt, dass Sprachf\u00f6rderung, Praktika und qualifizierende Besch\u00e4ftigung am ehesten geeignet sind, Menschen bei uns zu integrieren, die sonst in Fl\u00fcchtlingsunterk\u00fcnften verharren m\u00fcssten\u201c, erkl\u00e4rte Kirchhoff. Dieses gemeinsame Vorgehen der Tarifpartner sei ein starkes Signal f\u00fcr eine funktionierende Sozialpartnerschaft in Nordrhein-Westfalen.<\/p>\n<p>Mit der IG Metall sei abgesprochen, dass Unternehmen einen F\u00f6rdervertrag auf Basis des TV FAF abschlie\u00dfen k\u00f6nnten, die Fl\u00fcchtlinge zu den Bedingungen dieses Tarifvertrages aufnehmen wollten. Mit Zustimmung der Tarifpartner k\u00f6nne im Einzelfall vom Tarifvertrag abgewichen werden, wenn dessen Konditionen nicht zu 100 Prozent auf das F\u00f6rderverh\u00e4ltnis angewendet werden k\u00f6nnten. Vor dem Abschluss eines F\u00f6rdervertrages w\u00fcrden auch Ausl\u00e4nderbeh\u00f6rde und Arbeitsagentur eingeschaltet werden. \u201eUnsere Unternehmen, die sich f\u00fcr Fl\u00fcchtlinge im besonderen Ma\u00dfe engagieren, brauchen bei der qualifizierenden Besch\u00e4ftigung gr\u00f6\u00dftm\u00f6gliche Rechtssicherheit\u201c, betonte Kirchhoff. Dieses tarifliche Instrument k\u00f6nne ein wertvoller Schritt auf dem Weg sein, Fl\u00fcchtlinge mittel- und langfristig zu Fachkr\u00e4ften zu qualifizieren.<\/p>\n","protected":false},"excerpt":{"rendered":"<p>Die nordrhein-westf\u00e4lischen Metallarbeitgeber wollen Fl\u00fcchtlinge durch Besch\u00e4ftigung in den Betrieben des Landes fr\u00fchzeitig integrieren und mit gezielter Sprachf\u00f6rderung f\u00fcr eine regul\u00e4re Arbeitsaufnahme qualifizieren. Der Pr\u00e4sident&#8230;<\/p>\n","protected":false},"author":2,"featured_media":2772,"comment_status":"open","ping_status":"open","sticky":false,"template":"","format":"standard","meta":{"_jetpack_memberships_contains_paid_content":false,"footnotes":""},"categories":[16],"tags":[],"class_list":["post-2770","post","type-post","status-publish","format-standard","has-post-thumbnail","hentry","category-arbeitsmarkt"],"jetpack_featured_media_url":"https:\/\/www.vdsm.net\/wronline\/wp-content\/uploads\/2015\/09\/IMG_5561_zugeschnitten.jpg","jetpack_sharing_enabled":true,"_links":{"self":[{"href":"https:\/\/www.vdsm.net\/wronline\/wp-json\/wp\/v2\/posts\/2770","targetHints":{"allow":["GET"]}}],"collection":[{"href":"https:\/\/www.vdsm.net\/wronline\/wp-json\/wp\/v2\/posts"}],"about":[{"href":"https:\/\/www.vdsm.net\/wronline\/wp-json\/wp\/v2\/types\/post"}],"author":[{"embeddable":true,"href":"https:\/\/www.vdsm.net\/wronline\/wp-json\/wp\/v2\/users\/2"}],"replies":[{"embeddable":true,"href":"https:\/\/www.vdsm.net\/wronline\/wp-json\/wp\/v2\/comments?post=2770"}],"version-history":[{"count":2,"href":"https:\/\/www.vdsm.net\/wronline\/wp-json\/wp\/v2\/posts\/2770\/revisions"}],"predecessor-version":[{"id":2779,"href":"https:\/\/www.vdsm.net\/wronline\/wp-json\/wp\/v2\/posts\/2770\/revisions\/2779"}],"wp:featuredmedia":[{"embeddable":true,"href":"https:\/\/www.vdsm.net\/wronline\/wp-json\/wp\/v2\/media\/2772"}],"wp:attachment":[{"href":"https:\/\/www.vdsm.net\/wronline\/wp-json\/wp\/v2\/media?parent=2770"}],"wp:term":[{"taxonomy":"category","embeddable":true,"href":"https:\/\/www.vdsm.net\/wronline\/wp-json\/wp\/v2\/categories?post=2770"},{"taxonomy":"post_tag","embeddable":true,"href":"https:\/\/www.vdsm.net\/wronline\/wp-json\/wp\/v2\/tags?post=2770"}],"curies":[{"name":"wp","href":"https:\/\/api.w.org\/{rel}","templated":true}]}}