{"id":27577,"date":"2022-02-23T14:40:36","date_gmt":"2022-02-23T13:40:36","guid":{"rendered":"https:\/\/www.vdsm.net\/wronline\/?p=27577"},"modified":"2022-02-23T14:42:32","modified_gmt":"2022-02-23T13:42:32","slug":"kutschaty-beeindruckt-vom-campus-buschhuetten","status":"publish","type":"post","link":"https:\/\/www.vdsm.net\/wronline\/kutschaty-beeindruckt-vom-campus-buschhuetten\/","title":{"rendered":"Kutschaty beeindruckt vom Campus Buschh\u00fctten"},"content":{"rendered":"<p>Thomas Kutschaty, Vorsitzender der NRW-SPD war jetzt zu Besuch im Campus Buschh\u00fctten in Kreuztal-Buschh\u00fctten und mit ihm neben Kreuztals B\u00fcrgermeister Walter Ki\u00df und Willi Brase als Ehrenvorsitzendem des SDP-Unterbezirks Siegen-Wittgenstein gleich neun weitere interessierte Parteikollegen und -kolleginnen. Gefreut hat sich das Kernteam um den Siegener Maschinenbauprofessor Prof. Dr.-Ing. Peter Burggr\u00e4f<a href=\"https:\/\/www.linkedin.com\/in\/ACoAABGTFMMBh04K276DaDwsxrgYxnXeuPuJ600\" data-attribute-index=\"0\" data-entity-hovercard-id=\"urn:li:fs_miniProfile:ACoAABGTFMMBh04K276DaDwsxrgYxnXeuPuJ600\" data-entity-type=\"MINI_PROFILE\">,<\/a> MBA. und Dipl.-Ing ETH Axel Barten von Achenbach Buschh\u00fctten herum, den beiden Initiatoren der vision\u00e4ren Idee, Wissenschaft und Praxis, akademische Lehre und gewerblich-technische Ausbildung in Sachen wegweisender Produktionstechnik in Richtung Industrie 4.0 unter einem Dach zusammenzubringen. Die eigens daf\u00fcr modernisierte 120 Jahre alten Backsteinhalle erzeugte auch bei diesen Besuchern wieder f\u00fcr ein staunendes\u00a0\u201aWow\u2018. Vor allem aber lobte Kutschaty den ganzheitlichen Ansatz des Campus Buschh\u00fctten, der Br\u00fccken baut zwischen Universit\u00e4t und Industrieunternehmen, zwischen Studenten und Auszubildenden und der die zwei Megatrends KI und Nachhaltigkeit in den Fokus nimmt und der nicht zuletzt antritt, durch Demonstration, Transfer und Weiterbildungsangebote auf allen Ebenen Ber\u00fchrungs\u00e4ngste abzubauen.<\/p>\n<p>Bild und Info: <a href=\"https:\/\/www.achenbach.de\/\" target=\"_blank\" rel=\"noopener\">Achenbach Buschh\u00fctten GmbH &amp; Co. KG<\/a><\/p>\n","protected":false},"excerpt":{"rendered":"<p>Thomas Kutschaty, Vorsitzender der NRW-SPD war jetzt zu Besuch im Campus Buschh\u00fctten in Kreuztal-Buschh\u00fctten und mit ihm neben Kreuztals B\u00fcrgermeister Walter Ki\u00df und Willi Brase&#8230;<\/p>\n","protected":false},"author":2,"featured_media":27578,"comment_status":"open","ping_status":"open","sticky":false,"template":"","format":"standard","meta":{"_jetpack_memberships_contains_paid_content":false,"footnotes":""},"categories":[8,32,30,10],"tags":[],"class_list":["post-27577","post","type-post","status-publish","format-standard","has-post-thumbnail","hentry","category-ausbildung","category-infos","category-vermischtes","category-unternehmen"],"jetpack_featured_media_url":"https:\/\/www.vdsm.net\/wronline\/wp-content\/uploads\/2022\/02\/kutschaty-achenbach.jpg","jetpack_sharing_enabled":true,"_links":{"self":[{"href":"https:\/\/www.vdsm.net\/wronline\/wp-json\/wp\/v2\/posts\/27577","targetHints":{"allow":["GET"]}}],"collection":[{"href":"https:\/\/www.vdsm.net\/wronline\/wp-json\/wp\/v2\/posts"}],"about":[{"href":"https:\/\/www.vdsm.net\/wronline\/wp-json\/wp\/v2\/types\/post"}],"author":[{"embeddable":true,"href":"https:\/\/www.vdsm.net\/wronline\/wp-json\/wp\/v2\/users\/2"}],"replies":[{"embeddable":true,"href":"https:\/\/www.vdsm.net\/wronline\/wp-json\/wp\/v2\/comments?post=27577"}],"version-history":[{"count":4,"href":"https:\/\/www.vdsm.net\/wronline\/wp-json\/wp\/v2\/posts\/27577\/revisions"}],"predecessor-version":[{"id":27582,"href":"https:\/\/www.vdsm.net\/wronline\/wp-json\/wp\/v2\/posts\/27577\/revisions\/27582"}],"wp:featuredmedia":[{"embeddable":true,"href":"https:\/\/www.vdsm.net\/wronline\/wp-json\/wp\/v2\/media\/27578"}],"wp:attachment":[{"href":"https:\/\/www.vdsm.net\/wronline\/wp-json\/wp\/v2\/media?parent=27577"}],"wp:term":[{"taxonomy":"category","embeddable":true,"href":"https:\/\/www.vdsm.net\/wronline\/wp-json\/wp\/v2\/categories?post=27577"},{"taxonomy":"post_tag","embeddable":true,"href":"https:\/\/www.vdsm.net\/wronline\/wp-json\/wp\/v2\/tags?post=27577"}],"curies":[{"name":"wp","href":"https:\/\/api.w.org\/{rel}","templated":true}]}}