{"id":2755,"date":"2015-09-16T09:09:07","date_gmt":"2015-09-16T07:09:07","guid":{"rendered":"http:\/\/www.vdsm.net\/wronline\/?p=2755"},"modified":"2015-09-25T09:33:17","modified_gmt":"2015-09-25T07:33:17","slug":"vom-elektroinstallateur-zu-einem-der-groessten-arbeitgeber-der-region","status":"publish","type":"post","link":"https:\/\/www.vdsm.net\/wronline\/vom-elektroinstallateur-zu-einem-der-groessten-arbeitgeber-der-region\/","title":{"rendered":"Vom Elektroinstallateur zu einem der gr\u00f6\u00dften Arbeitgeber der Region"},"content":{"rendered":"<p><strong>Mennekes feiert 80-j\u00e4hriges Bestehen &#8211;<br \/>\n<\/strong><\/p>\n<p>In diesen Tagen blickt die Mennekes Elektrotechnik GmbH &amp; Co. KG aus Kirchhundem auf 80 Jahre erfolgreiche Unternehmensgeschichte zur\u00fcck. Aus dem 1935 von Aloys Mennekes in Hofolpe gegr\u00fcndeten Elektrohandwerksbetrieb ist \u00fcber die Jahrzehnte ein weltweit agierender Spezialist f\u00fcr Steckvorrichtungen und Energieverteilungen entstanden.<\/p>\n<div id=\"attachment_2757\" style=\"width: 227px\" class=\"wp-caption alignleft\"><a href=\"http:\/\/www.vdsm.net\/wronline\/wp-content\/uploads\/2015\/09\/Christopher-und-Walter-Mennekes.jpg\"><img loading=\"lazy\" decoding=\"async\" aria-describedby=\"caption-attachment-2757\" class=\"size-medium wp-image-2757\" src=\"http:\/\/www.vdsm.net\/wronline\/wp-content\/uploads\/2015\/09\/Christopher-und-Walter-Mennekes-217x300.jpg\" alt=\"Was Firmengr\u00fcnder Aloys Mennekes 1935 begann, f\u00fchren Walter Mennekes und sein Sohn Christopher heute gemeinsam fort.\" width=\"217\" height=\"300\" srcset=\"https:\/\/www.vdsm.net\/wronline\/wp-content\/uploads\/2015\/09\/Christopher-und-Walter-Mennekes-217x300.jpg 217w, https:\/\/www.vdsm.net\/wronline\/wp-content\/uploads\/2015\/09\/Christopher-und-Walter-Mennekes.jpg 400w\" sizes=\"auto, (max-width: 217px) 100vw, 217px\" \/><\/a><p id=\"caption-attachment-2757\" class=\"wp-caption-text\">Was Firmengr\u00fcnder Aloys Mennekes 1935 begann, f\u00fchren Walter Mennekes und sein Sohn Christopher heute gemeinsam fort.<\/p><\/div>\n<p>Mennekes ist ein traditionsreiches Familienunternehmen. Unter der Leitung von Walter Mennekes wuchs das Unternehmen in der zweiten Generation zu einer weltweit agierenden Unternehmensgruppe. Mit dem Eintritt von Christopher Mennekes vor vier Jahren wird das Unternehmen heute bereits in dritter Generation von Familienmitgliedern gef\u00fchrt.<\/p>\n<p>In den zur\u00fcckliegenden 80 Jahren ist das Unternehmen stetig gewachsen. Besonders im letzten Jahrzehnt hat es sich, ungeachtet der Wirtschaftskrisen in Europa und der Welt, erfreulich gut entwickelt. Mennekes besch\u00e4ftigt heute weltweit rund 1.000 Mitarbeiter, davon mehr als die H\u00e4lfte allein am Stammsitz in Kirchhundem. Die Mennekes-Gruppe erwirtschaftete im zur\u00fcckliegenden Gesch\u00e4ftsjahr einen konsolidierten Umsatz von rund 130 Millionen Euro. Mehr als die H\u00e4lfte des Umsatzes wird im Ausland erzielt.<\/p>\n<p><strong>Weltmarktf\u00fchrer f\u00fcr Industriesteckvorrichtungen<\/strong><\/p>\n<p>Mennekes z\u00e4hlt zu den Global Playern. Mit Aktivit\u00e4ten in \u00fcber 90 L\u00e4ndern, darunter zahlreiche Tochtergesellschaften in wichtigen Wachstumsm\u00e4rkten wie beispielsweise China, Russland, USA und Indien, ist Mennekes weltmarktf\u00fchrend bei genormten Industriesteckvorrichtungen. Der Slogan \u201ePlugs for the World\u201c spiegelt dabei den Anspruch wider, den das Unternehmen an sich selbst stellt.<\/p>\n<p>\u00dcber 10.000 Katalogartikel bilden das Sortiment an Serien-Steckvorrichtungen. Dar\u00fcber hinaus werden f\u00fcr die Kunden individuelle Steckvorrichtungs-Kombinationen f\u00fcr die verschiedensten Einsatzgebiete wie Werften und Hafenanlagen, Bergbau, Landwirtschaft, Gewerbe, Chemie- oder Lebensmittelindustrie sowie Kraftwerke und Sportst\u00e4tten gefertigt.<\/p>\n<p><strong>Pionier in Sachen Elektromobilit\u00e4t <\/strong><\/p>\n<p>Mit der Entwicklung von Ladesteckvorrichtungen f\u00fcr die Elektromobilit\u00e4t stellte Mennekes bereits vor Jahren die Weichen f\u00fcr den Eintritt in diesen Zukunftsmarkt. Das Unternehmen engagierte sich in vielen Pilotprojekten und entwickelte ein Ladesteckvorrichtungssystem f\u00fcr Elektrofahrzeuge, welches 2009 zur Normung bei der Internationalen Elektrotechnischen Kommission (IEC) eingereicht wurde.<\/p>\n<p>Ende 2011 wurde der Mennekes-Entwurf als einer von drei Systemen weltweit genormt. 2014 schlie\u00dflich hat das europ\u00e4ische Parlament in Br\u00fcssel das von Mennekes entwickelte Ladesteckvorrichtungssystem f\u00fcr die Elektromobilit\u00e4t als einheitlichen Standard f\u00fcr den Einsatz in ganz Europa per EU-Richtlinie verabschiedet. Ein Meilenstein in der 80-j\u00e4hrigen Firmengeschichte.<\/p>\n<p>Als Pionier f\u00fcr Elektromobilit\u00e4tsl\u00f6sungen k\u00f6nnen die Kirchhundemer dabei alle Felder von kompletten Ladesystemen f\u00fcr zu Hause oder den \u00f6ffentlichen Parkraum, \u00fcber Ladekabel bis hin zu Komponenten f\u00fcr Elektrofahrzeuge bedienen.<\/p>\n<p><strong>Bekenntnis zum Standort Kirchhundem<\/strong><\/p>\n<p>Viele Mitarbeiter sind bereits seit Jahrzehnten im Unternehmen t\u00e4tig, und dank der positiven Entwicklung w\u00e4chst der Mitarbeiterstamm stetig. Allein in den letzten f\u00fcnf Jahren\u00a0 sind in Kirchhundem rund 150 neue Arbeitspl\u00e4tze entstanden. Damit verbunden waren auch Investitionen in den Standort. So wurde im Jahr 2009 die Produktionsfl\u00e4che in Kirchhundem um 2.800m\u00b2 erweitert. 2013 wurde das neue Logistikzentrum in Welschen Ennest bezogen; der Tag der offenen T\u00fcr anl\u00e4sslich der Er\u00f6ffnung ist vielen sicherlich noch in guter Erinnerung. 2014 \u00fcbernahm Mennekes das ehemalige K&amp;K-Gel\u00e4nde in Welschen Ennest mit \u00fcber 40.000 m\u00b2.<\/p>\n<p>Ein wichtiger Grund f\u00fcr die positive Entwicklung ist die Elektromobilit\u00e4t, welche die Unternehmensleitung fr\u00fchzeitig als zus\u00e4tzliches Gesch\u00e4ftsfeld erkannt hat. Hier kann Mennekes die Kernkompetenzen einbringen, die in den vergangenen Jahrzehnten aufgebaut worden sind: Zum Aufladen von Elektroautos werden ebenso robuste Stecker und sichere Stromverteilungen ben\u00f6tigt wie im sogenannten \u201eKerngesch\u00e4ft\u201c der Industriesteckvorrichtungen.<\/p>\n<p>Aber auch dieser etablierte Bereich ist in den letzten Jahren durch eine intensive Marktbearbeitung im In- und Ausland weiter gewachsen. Grundlage daf\u00fcr sind verl\u00e4ssliche und innovative Produkte, kontinuierliche Verbesserungen der internen Prozesse und eine langfristige und enge Kundenbetreuung.<\/p>\n<p><strong>Vielf\u00e4ltiges Engagement und begehrter Ausbildungsbetrieb<\/strong><\/p>\n<p>Die Heimatverbundenheit der Inhaber zeigt sich auch in der Unterst\u00fctzung sozialer und karitativer Einrichtungen sowie zahlreicher Vereine. Auch die Schulen und Kinderg\u00e4rten im Umkreis unterst\u00fctzt Mennekes immer wieder gern.<\/p>\n<div id=\"attachment_2752\" style=\"width: 310px\" class=\"wp-caption alignleft\"><a href=\"http:\/\/www.vdsm.net\/wronline\/wp-content\/uploads\/2015\/09\/Rekordzahl-neuer-Auszubildender-MENNEKES.jpg\"><img loading=\"lazy\" decoding=\"async\" aria-describedby=\"caption-attachment-2752\" class=\"size-medium wp-image-2752\" src=\"http:\/\/www.vdsm.net\/wronline\/wp-content\/uploads\/2015\/09\/Rekordzahl-neuer-Auszubildender-MENNEKES-300x217.jpg\" alt=\"v.l.n.r.: Christopher Mennekes, Julian Drahn (Verfahrensmechaniker f\u00fcr Kunststoff- und Kautschuktechnik), Dominik Krengel (Industriemechaniker), Dennis Tillmann (Elektroniker f\u00fcr Betriebstechnik), Marvin Beckmann (Informatikkaufmann), Jannik Jaspers (Verfahrensmechaniker f\u00fcr Kunststoff- und Kautschuktechnik), Vitor Gomes (Zerspanungsmechaniker), Mirko Tigges (Industrieelektriker), Pia Kremer (Technische Produktdesignerin), Jonas Thielmann (Mechatroniker und Duales Studium), Christian Menzel (Verfahrensmechaniker f\u00fcr Kunststoff- und Kautschuktechnik), Sophia Grotmann (Industriekauffrau), Christian Grundhoff (Industriekaufmann), Philipp Dreher (Industriekaufmann), Janis Rieke (Industriemechaniker), Timo Bayer (Mechatroniker), Natalie Fitzon (Industriekauffrau), Stephan Herzig (Personalreferent), Dietmar Spurk (Personalleiter), Vorne sitzend: Anna Schmidt (Industriekauffrau und Duales Studium).\" width=\"300\" height=\"217\" srcset=\"https:\/\/www.vdsm.net\/wronline\/wp-content\/uploads\/2015\/09\/Rekordzahl-neuer-Auszubildender-MENNEKES-300x217.jpg 300w, https:\/\/www.vdsm.net\/wronline\/wp-content\/uploads\/2015\/09\/Rekordzahl-neuer-Auszubildender-MENNEKES.jpg 777w\" sizes=\"auto, (max-width: 300px) 100vw, 300px\" \/><\/a><p id=\"caption-attachment-2752\" class=\"wp-caption-text\">17 neue Auszubildende starteten in diesem Jahr bei Mennekes in den Beruf. Das ist die bislang gr\u00f6\u00dfte Zahl in der Geschichte des Unternehmens.<\/p><\/div>\n<p>Ein wichtiges Erfolgsrezept des Unternehmens ist die Ausbildung, die im Hause Mennekes schon seit Jahren besonderes Engagement erkennen l\u00e4sst: rund 10 % der in der Gruppe besch\u00e4ftigten Mitarbeiter sind Azubis.<\/p>\n<p>\u201eWir brauchen motivierte und qualifizierte Mitarbeiter, die allesamt an ihren unterschiedlichen Arbeitspl\u00e4tzen einen wichtigen Beitrag zum Erreichen der Unternehmensziele leisten. Deshalb bieten wir den Jugendlichen unserer Region eine gute und solide Ausbildung und qualifizieren sie so als Fachkr\u00e4fte f\u00fcr die Zukunft.\u201c, erkl\u00e4rt Christopher Mennekes. Das Unternehmen bildet in gewerblichen und kaufm\u00e4nnischen Berufen \u00fcber den eigenen Bedarf hinaus aus, um m\u00f6glichst vielen Jugendlichen einen guten Start in das Arbeitsleben bieten zu k\u00f6nnen.<\/p>\n<p><strong>Jubil\u00e4umsfeier mit den Mitarbeitern<\/strong><\/p>\n<p>80 Jahre Erfolgsgeschichte \u2013 Grund genug f\u00fcr die beiden gesch\u00e4ftsf\u00fchrenden Inhaber Walter und Christopher Mennekes, diesen runden Geburtstag mit der gesamten Belegschaft zu feiern. \u201eDie Mitarbeiter sind unser Erfolgsgeheimnis. Somit ist das 80-j\u00e4hrige Bestehen eine gute Gelegenheit, ihnen allen f\u00fcr ihren Beitrag unseren Dank auszusprechen.\u201c, sind sich beide einig.<\/p>\n<p>Das Geburtstagsfest wird im neu erworbenen Geb\u00e4ude \u201eM7\u201c, der ehemaligen K&amp;K-Lagerhalle in Welschen Ennest, stattfinden. \u201eEin idealer Ort, um mit Stolz und Dankbarkeit auf die vergangenen 80 Jahre zur\u00fcckzublicken und mit freudiger Spannung auf die n\u00e4chsten Jahrzehnte anzusto\u00dfen.\u201c, sagt Christopher Mennekes. \u201eDenn dieses Geb\u00e4ude steht symbolisch f\u00fcr das anhaltende Bekenntnis meiner Familie zum Standort Kirchhundem und damit zu den Menschen hier in der Region.\u201c<\/p>\n","protected":false},"excerpt":{"rendered":"<p>Mennekes feiert 80-j\u00e4hriges Bestehen &#8211; In diesen Tagen blickt die Mennekes Elektrotechnik GmbH &amp; Co. KG aus Kirchhundem auf 80 Jahre erfolgreiche Unternehmensgeschichte zur\u00fcck. Aus&#8230;<\/p>\n","protected":false},"author":2,"featured_media":2756,"comment_status":"open","ping_status":"open","sticky":false,"template":"","format":"standard","meta":{"_jetpack_memberships_contains_paid_content":false,"footnotes":""},"categories":[1],"tags":[],"class_list":["post-2755","post","type-post","status-publish","format-standard","has-post-thumbnail","hentry","category-aktuell"],"jetpack_featured_media_url":"https:\/\/www.vdsm.net\/wronline\/wp-content\/uploads\/2015\/09\/Stammsitz-Kirchhundem-MENNEKES.jpg","jetpack_sharing_enabled":true,"_links":{"self":[{"href":"https:\/\/www.vdsm.net\/wronline\/wp-json\/wp\/v2\/posts\/2755","targetHints":{"allow":["GET"]}}],"collection":[{"href":"https:\/\/www.vdsm.net\/wronline\/wp-json\/wp\/v2\/posts"}],"about":[{"href":"https:\/\/www.vdsm.net\/wronline\/wp-json\/wp\/v2\/types\/post"}],"author":[{"embeddable":true,"href":"https:\/\/www.vdsm.net\/wronline\/wp-json\/wp\/v2\/users\/2"}],"replies":[{"embeddable":true,"href":"https:\/\/www.vdsm.net\/wronline\/wp-json\/wp\/v2\/comments?post=2755"}],"version-history":[{"count":1,"href":"https:\/\/www.vdsm.net\/wronline\/wp-json\/wp\/v2\/posts\/2755\/revisions"}],"predecessor-version":[{"id":2758,"href":"https:\/\/www.vdsm.net\/wronline\/wp-json\/wp\/v2\/posts\/2755\/revisions\/2758"}],"wp:featuredmedia":[{"embeddable":true,"href":"https:\/\/www.vdsm.net\/wronline\/wp-json\/wp\/v2\/media\/2756"}],"wp:attachment":[{"href":"https:\/\/www.vdsm.net\/wronline\/wp-json\/wp\/v2\/media?parent=2755"}],"wp:term":[{"taxonomy":"category","embeddable":true,"href":"https:\/\/www.vdsm.net\/wronline\/wp-json\/wp\/v2\/categories?post=2755"},{"taxonomy":"post_tag","embeddable":true,"href":"https:\/\/www.vdsm.net\/wronline\/wp-json\/wp\/v2\/tags?post=2755"}],"curies":[{"name":"wp","href":"https:\/\/api.w.org\/{rel}","templated":true}]}}