{"id":2751,"date":"2015-09-11T09:35:42","date_gmt":"2015-09-11T07:35:42","guid":{"rendered":"http:\/\/www.vdsm.net\/wronline\/?p=2751"},"modified":"2015-09-11T09:35:42","modified_gmt":"2015-09-11T07:35:42","slug":"17-neue-auszubildende-bei-mennekes","status":"publish","type":"post","link":"https:\/\/www.vdsm.net\/wronline\/17-neue-auszubildende-bei-mennekes\/","title":{"rendered":"17 neue Auszubildende bei Mennekes"},"content":{"rendered":"<p>In diesem Jahr beginnen 17 neue Auszubildende ihre Berufsausbildung bei der Mennekes Elektrotechnik GmbH &amp; Co. KG. Eine Rekordzahl! So viele Auszubildende haben noch nie gemeinsam ihre Ausbildung bei Mennekes begonnen. 55 Jugendlichen bietet das Familienunternehmen derzeit einen Ausbildungsplatz und zeigt somit ein \u00fcberdurchschnittliches Engagement im Bereich Ausbildung in der Region.<\/p>\n<p>\u201eDie Ausbildung war, ist und bleibt ein Kernthema im Hause Mennekes. \u00dcber Generationen hinweg und \u00fcber den eigenen Bedarf hinaus haben wir junge Menschen in unterschiedlichsten Berufen ausgebildet, haben sie gef\u00f6rdert und gefordert. Wenn mein Vater sagt \u201eKeiner darf verloren gehen\u201c, dann kann ich das als sein Nachfolger nur unterstreichen. Somit freue ich mich, dass wir in diesem Jahr mit 17 neuen Auszubildenden einen neuen Einstellungs-Rekord verzeichnen k\u00f6nnen. Jedem einzelnen von ihnen w\u00fcnsche icheinen guten Start in ein erfolgreiches Berufsleben und danke allen Mitarbeitern, Lehrern und Mentoren, die durch ihren Einsatz die besondere Qualit\u00e4t der Ausbildung sicherstellen.\u201c, so Christopher Mennekes.<\/p>\n<p>Jugendliche, die an einer Ausbildung ab 2016 in einem der 11 Berufe bei Mennekes interessiert sind, k\u00f6nnen sich auf der Internetseite des Unternehmens unter <a href=\"http:\/\/www.mennekes.de\/index.php?id=karriere\" target=\"_blank\">www.MENNEKES.de<\/a><u>\u00a0<\/u>\u00a0sowie auf <a href=\"https:\/\/www.facebook.com\/MENNEKESworldwide\" target=\"_blank\">Facebook<\/a>\u00a0dar\u00fcber informieren und auch bewerben.<\/p>\n","protected":false},"excerpt":{"rendered":"<p>In diesem Jahr beginnen 17 neue Auszubildende ihre Berufsausbildung bei der Mennekes Elektrotechnik GmbH &amp; Co. KG. Eine Rekordzahl! So viele Auszubildende haben noch nie&#8230;<\/p>\n","protected":false},"author":2,"featured_media":2752,"comment_status":"open","ping_status":"open","sticky":false,"template":"","format":"standard","meta":{"_jetpack_memberships_contains_paid_content":false,"footnotes":""},"categories":[8],"tags":[],"class_list":["post-2751","post","type-post","status-publish","format-standard","has-post-thumbnail","hentry","category-ausbildung"],"jetpack_featured_media_url":"https:\/\/www.vdsm.net\/wronline\/wp-content\/uploads\/2015\/09\/Rekordzahl-neuer-Auszubildender-MENNEKES.jpg","jetpack_sharing_enabled":true,"_links":{"self":[{"href":"https:\/\/www.vdsm.net\/wronline\/wp-json\/wp\/v2\/posts\/2751","targetHints":{"allow":["GET"]}}],"collection":[{"href":"https:\/\/www.vdsm.net\/wronline\/wp-json\/wp\/v2\/posts"}],"about":[{"href":"https:\/\/www.vdsm.net\/wronline\/wp-json\/wp\/v2\/types\/post"}],"author":[{"embeddable":true,"href":"https:\/\/www.vdsm.net\/wronline\/wp-json\/wp\/v2\/users\/2"}],"replies":[{"embeddable":true,"href":"https:\/\/www.vdsm.net\/wronline\/wp-json\/wp\/v2\/comments?post=2751"}],"version-history":[{"count":1,"href":"https:\/\/www.vdsm.net\/wronline\/wp-json\/wp\/v2\/posts\/2751\/revisions"}],"predecessor-version":[{"id":2753,"href":"https:\/\/www.vdsm.net\/wronline\/wp-json\/wp\/v2\/posts\/2751\/revisions\/2753"}],"wp:featuredmedia":[{"embeddable":true,"href":"https:\/\/www.vdsm.net\/wronline\/wp-json\/wp\/v2\/media\/2752"}],"wp:attachment":[{"href":"https:\/\/www.vdsm.net\/wronline\/wp-json\/wp\/v2\/media?parent=2751"}],"wp:term":[{"taxonomy":"category","embeddable":true,"href":"https:\/\/www.vdsm.net\/wronline\/wp-json\/wp\/v2\/categories?post=2751"},{"taxonomy":"post_tag","embeddable":true,"href":"https:\/\/www.vdsm.net\/wronline\/wp-json\/wp\/v2\/tags?post=2751"}],"curies":[{"name":"wp","href":"https:\/\/api.w.org\/{rel}","templated":true}]}}