{"id":27220,"date":"2022-02-01T10:10:16","date_gmt":"2022-02-01T09:10:16","guid":{"rendered":"https:\/\/www.vdsm.net\/wronline\/?p=27220"},"modified":"2022-02-01T10:11:15","modified_gmt":"2022-02-01T09:11:15","slug":"27220-2","status":"publish","type":"post","link":"https:\/\/www.vdsm.net\/wronline\/27220-2\/","title":{"rendered":"Arbeitslosigkeit steigt zu Jahresbeginn geringer als \u00fcblich"},"content":{"rendered":"<p style=\"text-align: left;\" align=\"justify\">Die Zahl der Arbeitslosen ist wie erwartet zum Beginn des neuen Jahres gestiegen. \u201eDas ist eine saisonale Entwicklung, der Anstieg ist gr\u00f6\u00dftenteils auf endende Arbeitsvertr\u00e4ge, den K\u00fcndigungstermin zum Jahresende sowie auf das Ausbildungsende der zweieinhalb- und dreieinhalbj\u00e4hrigen Berufsausbildungen zur\u00fcckzuf\u00fchren\u201c, erkl\u00e4rt Daniela Tomczak, Vorsitzende der Gesch\u00e4ftsf\u00fchrung der Agentur f\u00fcr Arbeit Siegen. Im aktuellen Jahreswechsel von Dezember auf Januar stieg die Arbeitslosigkeit in der Region um 3,9 Prozent. In den f\u00fcnf Jahren zuvor lagen die Ver\u00e4nderungen von Dezember auf Januar durchschnittlich bei 6,2 Prozent. Tomczak erg\u00e4nzt: \u201eDer Arbeitsmarkt reagiert also weiterhin recht robust und gleicht sogar die \u00fcblichen saisonalen Effekte in geringem Ma\u00dfe aus.<\/p>\n<h4 align=\"left\">Der Arbeitsmarkt im \u00dcberblick<\/h4>\n<p align=\"left\"><strong>Arbeitslosigkeit <\/strong><\/p>\n<p>Die Zahl der Arbeitslosen im Agenturbezirk Siegen ist im Januar 2022 gestiegen. Insgesamt waren 10.590 Personen arbeitslos gemeldet. Verglichen mit den Zahlen des Vormonates sind dies 394 Personen oder 3,9 Prozent mehr. Im Vergleich zum Januar des Vorjahres sinkt die Zahl der Arbeitslosen um 2.246 Personen bzw. 17,5 Prozent. Die Arbeitslosenquote auf Basis aller zivilen Erwerbspersonen betr\u00e4gt 4,5 Prozent. Vor einem Jahr belief sie sich auf 5,4 Prozent (-0,9 Prozentpunkte).<\/p>\n<p><strong>Jugendarbeitslosigkeit<\/strong><\/p>\n<p>954 Arbeitslose sind im Berichtsmonat im Agenturbezirk Siegen unter 25 Jahre alt. Im Vormonat waren dies noch 22 weniger und im gleichen Monat des Vorjahres 373 junge Menschen mehr. Die prozentuale Ver\u00e4nderung bel\u00e4uft sich somit auf +2,4 Prozent zum vorherigen Monat bzw. -28,1 Prozent im Vorjahresvergleich.<\/p>\n<p align=\"left\"><strong>\u00c4ltere Arbeitslose<\/strong><\/p>\n<p>Die Anzahl arbeitsloser Personen ab 50 Jahre ist im Vergleich zum Vormonat gestiegen (+185 Personen oder +4,7 Prozent). Im Vergleich zum Vorjahr sind es 368 Arbeitslose (-8,2 Prozent).) Insgesamt sind 4.106 Menschen ab 50 Jahre in der Arbeitsagentur Siegen von Arbeitslosigkeit betroffen.<\/p>\n<p align=\"left\"><strong>Langzeitarbeitslose<\/strong><\/p>\n<p>Die Zahl der Langzeitarbeitslosen im Agenturbezirk Siegen ist im Berichtsmonat gestiegen. 4.161 Personen waren l\u00e4nger als ein Jahr nicht sozialversicherungspflichtig besch\u00e4ftigt, darunter z\u00e4hlen 81,7 Prozent (3.399 Personen) zur Grundsicherung. Verglichen mit den Zahlen des Vormonates sind dies 9 Langzeitarbeitslose mehr. Im Vergleich zum Vorjahr sinkt die Zahl dieser Personengruppe um 215 Personen.<\/p>\n<p align=\"left\"><strong>Entwicklung in der Arbeitslosenversicherung \u2013 SGB III<\/strong><\/p>\n<p>Im Bereich der Arbeitslosenversicherung wurden in diesem Monat 4.185 Personen gemeldet. Die Zahl hat sich im Vergleich zum Vormonat um 283 Personen bzw. 7,3 Prozent erh\u00f6ht. Im Vorjahresvergleich bedeutet dies eine Verringerung um 1.840 Personen oder 30,5 Prozent.<\/p>\n<p align=\"left\"><strong>Entwicklung in der Grundsicherung \u2013 SGB II<\/strong><\/p>\n<p>In der Grundsicherung sind 111 Arbeitslose mehr als im Vormonat und 406 weniger als im Vorjahr zu verzeichnen. Im Verh\u00e4ltnis entspricht dies +1,8 Prozent zum Vormonat bzw. -6,0 Prozent zum Vorjahr. Insgesamt sind es 6.405 Personen und damit 60,5 Prozent aller Arbeitslosen, die zur Grundsicherung gem\u00e4\u00df SGB II z\u00e4hlen.<\/p>\n<p align=\"left\"><strong>Stellenangebote<\/strong><\/p>\n<p align=\"left\">Unternehmen aus der Region haben in diesem Monat 893 Stellen gemeldet (147 weniger als im Vormonat). Im Bestand befanden sich insgesamt 4.267 offene Stellen, 25 weniger als im Vormonat und 1.388 mehr als im Vorjahresmonat.<\/p>\n<p align=\"left\"><strong>Kurzarbeit<\/strong><\/p>\n<p>Mit aktuellstem Datenstand f\u00fcr Dezember 2021 sind im Agenturbezirk Siegen insgesamt 103 Anzeigen auf Kurzarbeit) f\u00fcr rund 1.802 Personen eingegangen.<\/p>\n<p>Nun stehen den Agenturen f\u00fcr Arbeit Daten \u00fcber die tats\u00e4chlich erfolgte Kurzarbeit im Juli 2021 zur Verf\u00fcgung. In dem Monat lag der Arbeitsausfall f\u00fcr Personen in Kurzarbeit bei durchschnittlich 34,8 Prozent. In dem Monat haben im Agenturbezirk Siegen insgesamt 747 Betriebe f\u00fcr 6.549 Personen Kurzarbeitergeld beantragt. Das waren 1.659 Kurzarbeiter\/innen weniger als im Monat zuvor. Zum Vergleich: Die bisherigen H\u00f6chstwerte wurden zu Beginn der Corona-Pandemie im April 2020 mit 2.729 Betrieben und 32.477 Personen in realisierter Kurzarbeit verzeichnet.<\/p>\n<h4 align=\"left\">Kreis Siegen-Wittgenstein<\/h4>\n<p><strong>Arbeitslosigkeit<\/strong><\/p>\n<p>Die Zahl der Arbeitslosen im Kreis Siegen-Wittgenstein ist im Januar 2022 gestiegen. Insgesamt waren 7.807 Personen arbeitslos gemeldet. Verglichen mit den Zahlen des Vormonates sind dies 310 Personen oder 4,1 Prozent mehr. Im Vergleich zum Januar des Vorjahres sinkt die Zahl der Arbeitslosen um 1.443 Personen bzw. 15,6 Prozent. Die Arbeitslosenquote auf Basis aller zivilen Erwerbspersonen betr\u00e4gt 5,0 Prozent. Vor einem Jahr belief sie sich auf 5,9 Prozent (-0,9 Prozentpunkte).<\/p>\n<p><strong>Entwicklung in der Arbeitslosenversicherung \u2013 SGB III<\/strong><\/p>\n<p>Im Bereich der Arbeitslosenversicherung wurden in diesem Monat 2.800 Personen gemeldet. Die Zahl hat sich im Vergleich zum Vormonat um 203 Personen bzw. 7,8 Prozent erh\u00f6ht. Im Vorjahresvergleich bedeutet dies eine Verringerung um 1.187 Personen oder 29,8 Prozent.<\/p>\n<p><strong>Entwicklung in der Grundsicherung \u2013 SGB II<\/strong><\/p>\n<p>In der Grundsicherung sind 107 Arbeitslose mehr als im Vormonat und 256 weniger als im Vorjahr zu verzeichnen. Im Verh\u00e4ltnis entspricht dies +2,2 Prozent zum Vormonat bzw. -4,9 Prozent zum Vorjahr. Insgesamt sind es 5.007 Personen und damit 64,1 Prozent aller Arbeitslosen, die zur Grundsicherung gem\u00e4\u00df SGB II z\u00e4hlen.<\/p>\n<h4>Kreis Olpe<\/h4>\n<p align=\"left\"><strong>Arbeitslosigkeit<\/strong><\/p>\n<p>Die Zahl der Arbeitslosen im Kreis Olpe ist im Januar 2022 gestiegen. Insgesamt waren 2.783 Personen arbeitslos gemeldet. Verglichen mit den Zahlen des Vormonates sind dies 84 Personen oder 3,1 Prozent mehr. Im Vergleich zum Januar des Vorjahres sinkt die Zahl der Arbeitslosen um 803 Personen bzw. 22,4 Prozent. Die Arbeitslosenquote auf Basis aller zivilen Erwerbspersonen betr\u00e4gt 3,5 Prozent. Vor einem Jahr belief sie sich auf 4,5 Prozent (-1,0 Prozentpunkte).<\/p>\n<p align=\"left\"><strong>Entwicklung in der Arbeitslosenversicherung \u2013 SGB III<\/strong><\/p>\n<p>Im Bereich der Arbeitslosenversicherung wurden in diesem Monat 1.385 Personen gemeldet. Die Zahl hat sich im Vergleich zum Vormonat um 80 Personen bzw. 6,1 Prozent erh\u00f6ht. Im Vorjahresvergleich bedeutet dies eine Verringerung um 653 Personen oder 32,0 Prozent.<\/p>\n<p align=\"left\"><strong>Entwicklung in der Grundsicherung \u2013 SGB II<\/strong><\/p>\n<p>In der Grundsicherung sind 4 Arbeitslose mehr als im Vormonat und 150 weniger als im Vorjahr zu verzeichnen. Im Verh\u00e4ltnis entspricht dies +0,3 Prozent zum Vormonat bzw. -9,7 Prozent zum Vorjahr. Insgesamt sind es 1.398 Personen und damit 50,2 Prozent aller Arbeitslosen, die zur Grundsicherung gem\u00e4\u00df SGB II z\u00e4hlen.<\/p>\n<p>Info: Agentur f\u00fcr Arbeit Siegen<\/p>\n","protected":false},"excerpt":{"rendered":"<p>Die Zahl der Arbeitslosen ist wie erwartet zum Beginn des neuen Jahres gestiegen. \u201eDas ist eine saisonale Entwicklung, der Anstieg ist gr\u00f6\u00dftenteils auf endende Arbeitsvertr\u00e4ge,&#8230;<\/p>\n","protected":false},"author":2,"featured_media":2674,"comment_status":"open","ping_status":"open","sticky":false,"template":"","format":"standard","meta":{"_jetpack_memberships_contains_paid_content":false,"footnotes":""},"categories":[16,32,30],"tags":[],"class_list":["post-27220","post","type-post","status-publish","format-standard","has-post-thumbnail","hentry","category-arbeitsmarkt","category-infos","category-vermischtes"],"jetpack_featured_media_url":"https:\/\/www.vdsm.net\/wronline\/wp-content\/uploads\/2015\/08\/wronline-header-arbeitsmarkt.jpg","jetpack_sharing_enabled":true,"_links":{"self":[{"href":"https:\/\/www.vdsm.net\/wronline\/wp-json\/wp\/v2\/posts\/27220","targetHints":{"allow":["GET"]}}],"collection":[{"href":"https:\/\/www.vdsm.net\/wronline\/wp-json\/wp\/v2\/posts"}],"about":[{"href":"https:\/\/www.vdsm.net\/wronline\/wp-json\/wp\/v2\/types\/post"}],"author":[{"embeddable":true,"href":"https:\/\/www.vdsm.net\/wronline\/wp-json\/wp\/v2\/users\/2"}],"replies":[{"embeddable":true,"href":"https:\/\/www.vdsm.net\/wronline\/wp-json\/wp\/v2\/comments?post=27220"}],"version-history":[{"count":3,"href":"https:\/\/www.vdsm.net\/wronline\/wp-json\/wp\/v2\/posts\/27220\/revisions"}],"predecessor-version":[{"id":27223,"href":"https:\/\/www.vdsm.net\/wronline\/wp-json\/wp\/v2\/posts\/27220\/revisions\/27223"}],"wp:featuredmedia":[{"embeddable":true,"href":"https:\/\/www.vdsm.net\/wronline\/wp-json\/wp\/v2\/media\/2674"}],"wp:attachment":[{"href":"https:\/\/www.vdsm.net\/wronline\/wp-json\/wp\/v2\/media?parent=27220"}],"wp:term":[{"taxonomy":"category","embeddable":true,"href":"https:\/\/www.vdsm.net\/wronline\/wp-json\/wp\/v2\/categories?post=27220"},{"taxonomy":"post_tag","embeddable":true,"href":"https:\/\/www.vdsm.net\/wronline\/wp-json\/wp\/v2\/tags?post=27220"}],"curies":[{"name":"wp","href":"https:\/\/api.w.org\/{rel}","templated":true}]}}