{"id":2699,"date":"2015-09-07T11:24:16","date_gmt":"2015-09-07T09:24:16","guid":{"rendered":"http:\/\/www.vdsm.net\/wronline\/?p=2699"},"modified":"2015-09-07T11:24:16","modified_gmt":"2015-09-07T09:24:16","slug":"arbeitslosenzahl-sinkt-wieder-unter-12-000","status":"publish","type":"post","link":"https:\/\/www.vdsm.net\/wronline\/arbeitslosenzahl-sinkt-wieder-unter-12-000\/","title":{"rendered":"Arbeitslosenzahl sinkt wieder unter 12.000"},"content":{"rendered":"<p>Die Zahl der Arbeitslosen im Bezirk der Agentur f\u00fcr Arbeit Siegen sinkt im August um 0,9 Prozent auf 11.953 M\u00e4nner und Frauen. Im Juli war sie noch deutlich auf 12.065 gestiegen, weil viele junge Erwachsene nach ihrer Ausbildung nicht \u00fcbernommen wurden. Die Arbeitslosenquote bleibt konstant bei 5,2 Prozent. Im Vergleich zum Vorjahr, als im August 446 Personen mehr arbeitslos waren, geht die Zahl der Arbeitslosen um 3,6 Prozent zur\u00fcck. Die Arbeitslosenquote lag im Vorjahr bei 5,4 Prozent. \u201eIn diesem Jahr hat sich der saisontypische Anstieg der Jugendarbeitslosigkeit auf den Juli konzentriert, da die Sommerferien sehr fr\u00fch waren\u201c, beschreibt Dr. Bettina Wolf, Vorsitzende der Gesch\u00e4ftsf\u00fchrung der Arbeitsagentur Siegen. Gew\u00f6hnlich steige die Arbeitslosigkeit der jungen Erwachsenen im August noch einmal.<\/p>\n<p>Im August waren 1.575 junge Menschen zwischen 15 und 25 Jahren arbeitslos. Das sind zwar 56 weniger als im letzten Jahr und 35 weniger als im Juli, dennoch ist Dr. Wolf nicht zufrieden: \u201eDie Jugendlichen und jungen Erwachsenen sind die Fachkr\u00e4fte von morgen, die unsere Unternehmen dringend brauchen. Darum investieren wir viel Zeit und Arbeitskraft und sprechen immer wieder die Unternehmen direkt an, damit sie den jungen Menschen eine Ausbildung und berufliche Perspektiven erm\u00f6glichen.\u201c<\/p>\n<p>Auf der Suche nach einer Ausbildungsstelle waren im August noch 474 Bewerber, einer mehr, als vor einem Jahr, aber rund 260 weniger, als im Juli. Sie k\u00f6nnen sich noch auf 500 freie Ausbildungsstellen im Agenturbezirk bewerben. Das sind 69 Stellen und damit 16 Prozent mehr als vor einem Jahr. Dr. Wolf ist optimistisch, dass noch viele Jugendliche f\u00fcndig werden. \u201eWer noch keine Ausbildungsstelle gefunden hat, sollte die Hoffnung nicht aufgeben, sich weiter bewerben und engen Kontakt mit unseren Berufsberatern halten\u201c, fordert sie die Ausbildungsplatzsuchenden auf: \u201eUnsere Berufsberater wissen genau, wo noch Betriebe auf der Suche nach Auszubildenden sind. Zudem helfen sie, verwandte Berufe zu finden, die ebenfalls zu den eigenen Interessen und St\u00e4rken passen.\u201c<\/p>\n<p>Insgesamt ist die Zahl der bei der Arbeitsagentur registrierten Ausbildungssuchenden im Vergleich zum Vorjahr um 340 Jugendliche auf 3.242 junge M\u00e4nner und Frauen zur\u00fcck gegangen, das ist ein Minus von 9,5 Prozent. Die Zahl der bei der Arbeitsagentur registrierten Ausbildungspl\u00e4tze steigt dagegen auf 3.451 Lehrstellen. Im Vergleich zum Vorjahr haben die Betriebe mit plus 19,9 Prozent 572 Ausbildungsstellen mehr gemeldet.<\/p>\n<p>Die Arbeitgeber haben im August 859 neue Stellen gemeldet. Das sind 11 Stellen mehr als im Vormonat. Der Bestand an gemeldeten Arbeitsstellen sinkt um 9,5 Prozent auf 2.248. Trotzdem stehen im Vergleich zum Vorjahr den Arbeitssuchenden 4 Prozent mehr Stellen zur Verf\u00fcgung. \u201eDer R\u00fcckgang im Bestand an offenen Stellen f\u00e4llt in diesem Sommer zwar ein wenig deutlicher aus, ist aber typisch f\u00fcr die Ferienzeit. Im Jahresvergleich zeigt sich, dass die wirtschaftliche Lage in der Region weiterhin gut und der Arbeitsmarkt aufnahmef\u00e4hig ist. Viele Stellen konnten besetzt werden\u201c, bewertet Dr. Wolf die gesunkene Zahl an freien Stellen.<\/p>\n<p>Die Arbeitslosen setzen sich aus Kunden der beiden Rechtskreise zusammen. Kunden der Arbeitslosenversicherung und damit der Arbeitsagentur geh\u00f6ren dem Rechtskreis SGB III (Sozialgesetzbuch) an. Jobcenter-Kunden erhalten Arbeitslosengeld II und geh\u00f6ren dem Rechtskreis SGB II an. W\u00e4hrend die Arbeitsagentur Siegen f\u00fcr beide Kreise zust\u00e4ndig ist, gibt es ein Jobcenter im Kreis Siegen-Wittgenstein und eins im Kreis Olpe.<\/p>\n<p>Im Bereich der Arbeitsagentur sinkt im August die Zahl der Arbeitslosen verglichen mit Juli um 79 Personen auf 4.210 M\u00e4nner und Frauen. Der Vergleich mit dem Vorjahr ist ebenfalls positiv: Die Arbeitslosenzahl ist um 393 Personen oder 8,5 Prozent zur\u00fcckgegangen. Im Rechtskreis der beiden Jobcenter sind mit 7.743 Menschen 33 Personen weniger arbeitslos als im Juni. Im Jahresvergleich ergibt sich ein R\u00fcckgang von 0,7 Prozent, denn im August 2014 waren 53 M\u00e4nner und Frauen mehr arbeitslos.<\/p>\n<p>Dr. Bettina Wolf hat bei ihrer t\u00e4glichen Arbeit weiterhin die Langzeitarbeitslosen besonders im Blick: \u201eViele von ihnen sind gut ausgebildet und motiviert und bringen reichhaltige Erfahrungen mit. Ihre Einstellung bietet viele Chancen.\u201c Darum werde sich die Agentur in den n\u00e4chsten Monaten besonders um die Langzeitarbeitslosen in der Region k\u00fcmmern. \u201eLeider konnte dieser Personenkreis bisher nicht in w\u00fcnschenswertem Umfang von der guten Stellensituation profitieren. Daher werden wir gemeinsam mit den Jobcentern Kreis Siegen-Wittgenstein und Kreis Olpe die bestehenden Ans\u00e4tze ausbauen, um den Menschen, die bereits l\u00e4nger arbeitslos sind, eine neue Chance zu geben,\u201c berichtet Dr. Wolf.<\/p>\n<p>Im Kreis Siegen-Wittgenstein waren im Juli 8.608 Menschen ohne Arbeit. Das sind 65 weniger als im Juli. Die Arbeitslosenquote sinkt um 0,1 Prozentpunkte auf 5,6 Prozent. Im Vorjahr waren 332 Personen mehr arbeitslos. Die Arbeitslosenquote betrug damals 5,9 Prozent. Von den Arbeitslosen sind im August 5.780 Personen Kunden des Jobcenters Kreis Siegen-Wittgenstein. Das sind 31 Personen weniger als im Juli. Verglichen mit August 2014 zeigt sich ebenfalls ein leichter R\u00fcckgang um 0,4 Prozent oder 24 Personen.<\/p>\n<p>Auf der Suche nach einem Ausbildungsplatz sind in Siegen-Wittgenstein im August noch 368 Bewerber, ein leichter R\u00fcckgang um 1,3 Prozent verglichen mit dem Vorjahr. Die Zahl der noch freien Ausbildungsstellen w\u00e4chst um 23,1 Prozent auf 304 Lehrstellen. \u201eIn Siegen-Wittgenstein sind trotz eines deutlichen Lehrstellen-Plus noch genauso viele Bewerber auf Ausbildungssuche wie im letzten Jahr\u201c, hadert Dr. Wolf. Daher appelliert sie an die Ausbildungsbetriebe, auch schw\u00e4cheren Bewerbern eine Chance zu geben: \u201eIch empfehle Jugendlichen, sich jetzt flexibel um Alternativen zu bem\u00fchen. Die Auswahl ist noch immer gro\u00df.\u201c Insgesamt steigt die Anzahl der Ausbildungsstellen in Siegen-Wittgenstein um 269 auf 1.869 Lehrstellen, ein Plus von 16,8 Prozent. Gleichzeitig f\u00e4llt die Zahl der Bewerber um 7,5 Prozent auf 2.194 Jugendliche.<\/p>\n<p>Im Kreis Olpe sinkt die Zahl der Arbeitslosen im August um 1,4 Prozent auf 3.345 Personen. Die Arbeitslosenquote betr\u00e4gt nun 4,3 Prozent, das sind 0,1 Prozentpunkte weniger als im Juli. Verglichen mit August 2014 sinkt die Zahl der Arbeitslosen um 114 Personen, ein R\u00fcckgang um 3,3 Prozent. Das Jobcenter Kreis Olpe betreute im August 1.963 Arbeitslose. Damit ergibt sich im Kreis Olpe in diesem Rechtskreis ein R\u00fcckgang um 2 Personen im Vergleich zum Vormonat und um 29 Personen zum letzten Jahr.<\/p>\n<p>Im Kreis Olpe sind noch 106 Bewerber ohne Ausbildungsplatz, sechs mehr als vor einem Jahr. Ihnen gegen\u00fcber stehen 196 freie Stellen. Das sind zw\u00f6lf mehr als im Vorjahr. Insgesamt haben 1.048 Jugendliche eine Ausbildungsstelle gesucht, ein R\u00fcckgang von 13,3 Prozent oder 161 Jugendlichen. Gleichzeitig steigt die Anzahl der bei der Arbeitsagentur gemeldeten Ausbildungspl\u00e4tze auf 1.582, ein Zuwachs von 23,7 Prozent oder 303 Stellen.<\/p>\n<p>In Olpe kommen statistisch fast zwei freie Stellen auf einen Ausbildungsplatzbewerber. Daher k\u00f6nne jeder Bewerber und jede Bewerberin noch ausw\u00e4hlen, so Dr. Wolf. \u201eIch lade auch die jungen Menschen aus anderen Kreisen herzlich ein, sich noch rasch einen \u00dcberblick \u00fcber das Angebot zu verschaffen, damit einerseits Ausbildungspl\u00e4tze nicht frei bleiben und andererseits junge Leute keine Ausbildung beginnen k\u00f6nnen\u201c, fasst Dr. Bettina Wolf zusammen.<\/p>\n","protected":false},"excerpt":{"rendered":"<p>Die Zahl der Arbeitslosen im Bezirk der Agentur f\u00fcr Arbeit Siegen sinkt im August um 0,9 Prozent auf 11.953 M\u00e4nner und Frauen. Im Juli war&#8230;<\/p>\n","protected":false},"author":2,"featured_media":2674,"comment_status":"open","ping_status":"open","sticky":false,"template":"","format":"standard","meta":{"_jetpack_memberships_contains_paid_content":false,"footnotes":""},"categories":[16],"tags":[],"class_list":["post-2699","post","type-post","status-publish","format-standard","has-post-thumbnail","hentry","category-arbeitsmarkt"],"jetpack_featured_media_url":"https:\/\/www.vdsm.net\/wronline\/wp-content\/uploads\/2015\/08\/wronline-header-arbeitsmarkt.jpg","jetpack_sharing_enabled":true,"_links":{"self":[{"href":"https:\/\/www.vdsm.net\/wronline\/wp-json\/wp\/v2\/posts\/2699","targetHints":{"allow":["GET"]}}],"collection":[{"href":"https:\/\/www.vdsm.net\/wronline\/wp-json\/wp\/v2\/posts"}],"about":[{"href":"https:\/\/www.vdsm.net\/wronline\/wp-json\/wp\/v2\/types\/post"}],"author":[{"embeddable":true,"href":"https:\/\/www.vdsm.net\/wronline\/wp-json\/wp\/v2\/users\/2"}],"replies":[{"embeddable":true,"href":"https:\/\/www.vdsm.net\/wronline\/wp-json\/wp\/v2\/comments?post=2699"}],"version-history":[{"count":2,"href":"https:\/\/www.vdsm.net\/wronline\/wp-json\/wp\/v2\/posts\/2699\/revisions"}],"predecessor-version":[{"id":2701,"href":"https:\/\/www.vdsm.net\/wronline\/wp-json\/wp\/v2\/posts\/2699\/revisions\/2701"}],"wp:featuredmedia":[{"embeddable":true,"href":"https:\/\/www.vdsm.net\/wronline\/wp-json\/wp\/v2\/media\/2674"}],"wp:attachment":[{"href":"https:\/\/www.vdsm.net\/wronline\/wp-json\/wp\/v2\/media?parent=2699"}],"wp:term":[{"taxonomy":"category","embeddable":true,"href":"https:\/\/www.vdsm.net\/wronline\/wp-json\/wp\/v2\/categories?post=2699"},{"taxonomy":"post_tag","embeddable":true,"href":"https:\/\/www.vdsm.net\/wronline\/wp-json\/wp\/v2\/tags?post=2699"}],"curies":[{"name":"wp","href":"https:\/\/api.w.org\/{rel}","templated":true}]}}