{"id":2655,"date":"2015-08-10T09:53:52","date_gmt":"2015-08-10T07:53:52","guid":{"rendered":"http:\/\/www.vdsm.net\/wronline\/?p=2655"},"modified":"2015-08-10T09:53:52","modified_gmt":"2015-08-10T07:53:52","slug":"arbeitsjubilare-bei-ejot-ausgezeichnet","status":"publish","type":"post","link":"https:\/\/www.vdsm.net\/wronline\/arbeitsjubilare-bei-ejot-ausgezeichnet\/","title":{"rendered":"Arbeitsjubilare bei EJOT ausgezeichnet"},"content":{"rendered":"<p>\u201eIch w\u00fcrde es genauso noch einmal machen\u201c, sagt Ernst Pitz mit einem L\u00e4cheln im Gesicht. Ernst Pitz ist einer von sieben Jubilaren, die seit 45 bzw. 40 Jahren bei EJOT besch\u00e4ftigt sind. Aus Dankbarkeit f\u00fcr ihre Treue zu EJOT zeichnete Hans Werner Kocherscheidt die Jubilare mit einem Pr\u00e4sent und einem Blumenstrau\u00df aus.<\/p>\n<p>40 oder 45 Jahre in einem Unternehmen zu arbeiten, sei etwas ganz Besonderes und Au\u00dfergew\u00f6hnliches. \u201eIm Ausland werden wir darum beneidet\u201c, betont Kocherscheidt. Es gebe aber auch Menschen, die es als stupide bezeichnen, das ganze Arbeitsleben in einem Unternehmen zu verbringen.<\/p>\n<p>Ein stupides Arbeitsleben haben die EJOT-Jubilare Hans-J\u00fcrgen Hartnack, J\u00fcrgen Klein und Bernd Treude (alle 40 Jahre) sowie Richard Althaus, Bernd Schneider, Helmut Sch\u00e4fer und Ernst Pitz (alle 45 Jahre) ganz und gar nicht verbracht. \u201eSie haben 1975 bzw. 1980 bei uns angefangen und in diesen Jahren die rasante Entwicklung bei EJOT miterlebt und mitgestaltet.\u201c Das seien ganze entscheidende Jahre in der Firmenentwicklung gewesen. Damals, so Kocherscheidt weiter, habe sich die Zahl der Mitarbeiter bei EJOT alle f\u00fcnf Jahre verdoppelt. Das sei nur m\u00f6glich gewesen, weil Leute mit ihrem K\u00f6nnen und ihrer Zuverl\u00e4ssigkeit \u00fcber Jahrzehnte bei EJOT gearbeitet haben.<\/p>\n","protected":false},"excerpt":{"rendered":"<p>\u201eIch w\u00fcrde es genauso noch einmal machen\u201c, sagt Ernst Pitz mit einem L\u00e4cheln im Gesicht. Ernst Pitz ist einer von sieben Jubilaren, die seit 45&#8230;<\/p>\n","protected":false},"author":2,"featured_media":2656,"comment_status":"open","ping_status":"open","sticky":false,"template":"","format":"standard","meta":{"_jetpack_memberships_contains_paid_content":false,"footnotes":""},"categories":[10],"tags":[],"class_list":["post-2655","post","type-post","status-publish","format-standard","has-post-thumbnail","hentry","category-unternehmen"],"jetpack_featured_media_url":"https:\/\/www.vdsm.net\/wronline\/wp-content\/uploads\/2015\/08\/Jubilare-HWK.jpg","jetpack_sharing_enabled":true,"_links":{"self":[{"href":"https:\/\/www.vdsm.net\/wronline\/wp-json\/wp\/v2\/posts\/2655","targetHints":{"allow":["GET"]}}],"collection":[{"href":"https:\/\/www.vdsm.net\/wronline\/wp-json\/wp\/v2\/posts"}],"about":[{"href":"https:\/\/www.vdsm.net\/wronline\/wp-json\/wp\/v2\/types\/post"}],"author":[{"embeddable":true,"href":"https:\/\/www.vdsm.net\/wronline\/wp-json\/wp\/v2\/users\/2"}],"replies":[{"embeddable":true,"href":"https:\/\/www.vdsm.net\/wronline\/wp-json\/wp\/v2\/comments?post=2655"}],"version-history":[{"count":1,"href":"https:\/\/www.vdsm.net\/wronline\/wp-json\/wp\/v2\/posts\/2655\/revisions"}],"predecessor-version":[{"id":2657,"href":"https:\/\/www.vdsm.net\/wronline\/wp-json\/wp\/v2\/posts\/2655\/revisions\/2657"}],"wp:featuredmedia":[{"embeddable":true,"href":"https:\/\/www.vdsm.net\/wronline\/wp-json\/wp\/v2\/media\/2656"}],"wp:attachment":[{"href":"https:\/\/www.vdsm.net\/wronline\/wp-json\/wp\/v2\/media?parent=2655"}],"wp:term":[{"taxonomy":"category","embeddable":true,"href":"https:\/\/www.vdsm.net\/wronline\/wp-json\/wp\/v2\/categories?post=2655"},{"taxonomy":"post_tag","embeddable":true,"href":"https:\/\/www.vdsm.net\/wronline\/wp-json\/wp\/v2\/tags?post=2655"}],"curies":[{"name":"wp","href":"https:\/\/api.w.org\/{rel}","templated":true}]}}