{"id":2642,"date":"2015-08-04T15:53:54","date_gmt":"2015-08-04T13:53:54","guid":{"rendered":"http:\/\/www.vdsm.net\/wronline\/?p=2642"},"modified":"2015-08-04T15:53:54","modified_gmt":"2015-08-04T13:53:54","slug":"internationaler-bund-verabschiedet-seine-auszubildenden","status":"publish","type":"post","link":"https:\/\/www.vdsm.net\/wronline\/internationaler-bund-verabschiedet-seine-auszubildenden\/","title":{"rendered":"Internationaler Bund verabschiedet seine Auszubildenden"},"content":{"rendered":"<p>In einem feierlichen Rahmen hat der Internationale Bund (IB) seine diesj\u00e4hrigen Ausbildungsabsolventinnen und -absolventen in seinem Bildungszentrum Siegen verabschiedet. Insgesamt 24 junge Menschen haben sich f\u00fcr die Berufe Maschinen- und Anlagenf\u00fchrer, Fachkraft f\u00fcr Metalltechnik, Fachlagerist, Verk\u00e4ufer und Zimmerer erfolgreich qualifiziert. Unter den Absolventinnen und Absolventen sind Rosana Avdula, Alexander Bolz, Tobias Eiternick, Jaromir H\u00fcbbers, Dennis Gorgus, Leslie-Ann Mudersbach, Jennifer Schneider und Nicole Strozyna. Sie nahmen nach einer Ansprache von Tanja Krieger, der Ausbildungskoordinatorin beim IB in Siegen, freudestrahlend ihre Ausbildungszertifikate entgegen. \u201eOhne die Unterst\u00fctzung der Agentur f\u00fcr Arbeit, die uns die Ausbildung beim IB erm\u00f6glicht hat, st\u00fcnden wir jetzt nicht hier\u201c, sind sie sich einig. Sie sind allesamt froh und stolz, den stellenweise recht m\u00fchsamen Weg einer Berufsausbildung eingeschlagen und zu Ende gebracht zu haben.<\/p>\n<p>Bei der \u201eBaE-k\u201c handelt es sich um ein von der Agentur f\u00fcr Arbeit Siegen und dem Jobcenter Siegen-Wittgenstein gef\u00f6rdertes und initiiertes Ausbildungsprogramm, die sogenannte \u201eBerufsausbildung in au\u00dferbetrieblichen Einrichtungen &#8211; kooperatives Modell\u201c. \u201eZiel der BaE-k ist es, Ausbildungssuchenden die M\u00f6glichkeit zu er\u00f6ffnen, einen anerkannten Berufsabschluss zu erwerben. Sie erh\u00f6hen damit ihre Chancen, ihren Weg in ein selbstbestimmtes Erwerbsleben zu finden\u201c, so die Koordinatorinnen der Ma\u00dfnahme bei der Agentur f\u00fcr Arbeit, Anja Simon, und beim Jobcenter Siegen-Wittgenstein, Anja Kammler. Angesichts der demografischen Entwicklung und sinkender Schulabg\u00e4ngerzahlen ist die BaE-k gleichzeitig auch ein Beitrag in einem B\u00fcndel von Ma\u00dfnahmen von Agentur f\u00fcr Arbeit und Jobcenter Kreis Siegen-Wittgenstein, um dem Problem fehlender Arbeitskr\u00e4fte zu begegnen und die regionale Wirtschaft zu st\u00e4rken.<\/p>\n<p>Mit der Durchf\u00fchrung der BaE-k im Raum Siegen ist der Internationale Bund (IB West gGmbH f\u00fcr Bildung und soziale Dienste) in seinem Bildungszentrum in Siegen bereits seit 2005 beauftragt. Dort erhalten die Jugendlichen auch zus\u00e4tzlichen St\u00fctz- und F\u00f6rderunterricht sowie sozialp\u00e4dagogische Hilfestellung bei der Bew\u00e4ltigung privater wie beruflicher Probleme durch qualifiziertes Fachpersonal. \u201eDas war eine tolle Sache, dass wir hier eine feste Lerngruppe und immer einen Ansprechpartner hatten, egal, um was es auch ging\u201c, zeigen sich die frisch gebackenen Absolventinnen und Absolventen r\u00fcckblickend begeistert.<\/p>\n<p>Jugendliche k\u00f6nnen an der Ausbildung nur teilnehmen, wenn dies vorher in Beratungsgespr\u00e4chen mit der Arbeitsagentur oder dem Jobcenter besprochen wurde, da die Teilnahme an besondere gesetzliche Bestimmungen und die pers\u00f6nliche Situation des Teilnehmers gekn\u00fcpft ist. Vom Erfolg des Ausbildungsmodells zeugt die Tatsache, dass sich fast die H\u00e4lfte der Absolventinnen und Absolventen bereits jetzt schon \u00fcber eine Anschlussbesch\u00e4ftigung in einem hiesigen Unternehmen freuen kann.<\/p>\n","protected":false},"excerpt":{"rendered":"<p>In einem feierlichen Rahmen hat der Internationale Bund (IB) seine diesj\u00e4hrigen Ausbildungsabsolventinnen und -absolventen in seinem Bildungszentrum Siegen verabschiedet. Insgesamt 24 junge Menschen haben sich&#8230;<\/p>\n","protected":false},"author":2,"featured_media":2643,"comment_status":"open","ping_status":"open","sticky":false,"template":"","format":"standard","meta":{"_jetpack_memberships_contains_paid_content":false,"footnotes":""},"categories":[8],"tags":[],"class_list":["post-2642","post","type-post","status-publish","format-standard","has-post-thumbnail","hentry","category-ausbildung"],"jetpack_featured_media_url":"https:\/\/www.vdsm.net\/wronline\/wp-content\/uploads\/2015\/08\/Foto-zur-IB-Pressemitteilung2015-08-04.jpg","jetpack_sharing_enabled":true,"_links":{"self":[{"href":"https:\/\/www.vdsm.net\/wronline\/wp-json\/wp\/v2\/posts\/2642","targetHints":{"allow":["GET"]}}],"collection":[{"href":"https:\/\/www.vdsm.net\/wronline\/wp-json\/wp\/v2\/posts"}],"about":[{"href":"https:\/\/www.vdsm.net\/wronline\/wp-json\/wp\/v2\/types\/post"}],"author":[{"embeddable":true,"href":"https:\/\/www.vdsm.net\/wronline\/wp-json\/wp\/v2\/users\/2"}],"replies":[{"embeddable":true,"href":"https:\/\/www.vdsm.net\/wronline\/wp-json\/wp\/v2\/comments?post=2642"}],"version-history":[{"count":1,"href":"https:\/\/www.vdsm.net\/wronline\/wp-json\/wp\/v2\/posts\/2642\/revisions"}],"predecessor-version":[{"id":2644,"href":"https:\/\/www.vdsm.net\/wronline\/wp-json\/wp\/v2\/posts\/2642\/revisions\/2644"}],"wp:featuredmedia":[{"embeddable":true,"href":"https:\/\/www.vdsm.net\/wronline\/wp-json\/wp\/v2\/media\/2643"}],"wp:attachment":[{"href":"https:\/\/www.vdsm.net\/wronline\/wp-json\/wp\/v2\/media?parent=2642"}],"wp:term":[{"taxonomy":"category","embeddable":true,"href":"https:\/\/www.vdsm.net\/wronline\/wp-json\/wp\/v2\/categories?post=2642"},{"taxonomy":"post_tag","embeddable":true,"href":"https:\/\/www.vdsm.net\/wronline\/wp-json\/wp\/v2\/tags?post=2642"}],"curies":[{"name":"wp","href":"https:\/\/api.w.org\/{rel}","templated":true}]}}