{"id":26245,"date":"2021-11-22T15:16:05","date_gmt":"2021-11-22T14:16:05","guid":{"rendered":"https:\/\/www.vdsm.net\/wronline\/?p=26245"},"modified":"2021-11-22T15:16:05","modified_gmt":"2021-11-22T14:16:05","slug":"bundes-und-landesbeste-ihk-azubis-ausgezeichnet","status":"publish","type":"post","link":"https:\/\/www.vdsm.net\/wronline\/bundes-und-landesbeste-ihk-azubis-ausgezeichnet\/","title":{"rendered":"Bundes- und landesbeste IHK-Azubis ausgezeichnet"},"content":{"rendered":"<p>\u201eSie haben eine herausragende Leistung erbracht. Nutzen Sie diesen R\u00fcckenwind f\u00fcr Ihren weiteren beruflichen Werdegang\u201c, appelliert Sabine Bechheim, Gesch\u00e4ftsf\u00fchrerin der Industrie- und Handelskammer Siegen, an die bundesbesten IHK-Azubis aus der heimischen Wirtschaft. Unter den 222 Ausgezeichneten finden sich gleich vier junge Menschen aus der Region \u2013 ein Rekordwert. Die urspr\u00fcnglich geplante Zeremonie f\u00fcr die Bundesbesten in Berlin fiel in diesem Jahr der Corona-Pandemie zum Opfer. Gleichwohl konnte Sabine Bechheim den erfolgreichen Nachwuchskr\u00e4ften im Rahmen der Landesbesten-Ehrung in Gelsenkirchen ihre Gratulation und Wertsch\u00e4tzung \u00fcbermitteln. Sie begl\u00fcckw\u00fcnschte auch die f\u00fcnf weiteren Auszubildenden, die auf Landesebene zu den besten Absolventen geh\u00f6ren, und erg\u00e4nzte: \u201eBesonderer Dank geb\u00fchrt neben den Ausbilderinnen und Ausbildern aus den Betrieben dabei auch den Lehrkr\u00e4ften aus den regionalen Berufskollegs, ohne deren Einsatz ein solcher Erfolg nicht denkbar w\u00e4re.\u201c<\/p>\n<p>Mit imposanten 98 % schloss Marius Latt von der EJOT Holding GmbH &amp; Co. KG aus Bad Berleburg seine Pr\u00fcfung zum Maschinen- und Anlagenf\u00fchrer ab. Andreas Kurth, Ausbildungsleiter des Wittgensteiner Traditionsunternehmens, freut sich mit seinem Sch\u00fctzling und unterstreicht: \u201eDiese Auszeichnung hat er sich mehr als verdient, da er seit dem ersten Tag mit Leidenschaft, Begeisterung und gro\u00dfem Talent bei der Sache war. Ich bin sehr stolz, dass Marius Latt uns auch nach seiner Lehre nun langfristig erhalten bleiben wird und direkt eine weitere Ausbildung als Fachinformatiker bei uns absolviert.\u201c<\/p>\n<p>Das gleiche Pr\u00fcfungsresultat erlangte Louis Br\u00fcser (ebenfalls Maschinen- und Anlagenf\u00fchrer) von der Heinrich Eibach GmbH aus Finnentrop. \u201eDem Fachkr\u00e4ftemangel in der Arbeitswelt k\u00f6nnen wir nur durch Ausbildung erfolgreich begegnen. Daher macht es mich sehr gl\u00fccklich, solch erfolgreiche und gute Absolventen wie Louis Br\u00fcser in unseren Reihen zu wissen\u201c, betont Ausbildungsleiter Oliver Ochel.<\/p>\n<p>Mit 96 % verbuchte auch Jan Albert Harnischmacher (Viega GmbH &amp; Co. KG, Attendorn) ein exzellentes Pr\u00fcfungsergebnis. In seiner Ausbildung zum Verfahrenstechnologen Metall, Fachrichtung Nichteisenmetallurgie, habe er \u201efundiertes Know-how in sehr spezifischen Aufgabenbereichen\u201c erhalten, erl\u00e4utert Ulrich Schmidt, gewerblich-technischer Ausbildungsleiter des Unternehmens: \u201eEine Ausbildung ist ein perfekter Start ins Berufsleben \u2013 gerade dann, wenn man sie mit so viel Herzblut durchzieht wie Jan Albert Harnischmacher.\u201c<\/p>\n<p>Eine ausgewiesene Fachkraft hat schlie\u00dflich auch die Ingenieurb\u00fcro F. Braun GbR ausgebildet: Tobias Zimmermann (Pr\u00fcfungsresultat: 94 %) hat seine Lehre als Werkstoffpr\u00fcfer mit Fachrichtung Systemtechnik bravour\u00f6s gemeistert. Volker Reusch, der ihn als technischer Leiter seit Beginn der Ausbildung begleitet, konstatiert: \u201eTobias Zimmermann hat als einer der ersten Azubis in der Fachrichtung Systemtechnik begonnen und die Ausbildung souver\u00e4n beendet. Wir sind stolz auf seine Leistung und freuen uns, dass er uns als Werkstoffpr\u00fcfer erhalten bleibt.\u201c<\/p>\n<div id=\"attachment_26247\" style=\"width: 310px\" class=\"wp-caption alignleft\"><a href=\"https:\/\/www.vdsm.net\/wronline\/wp-content\/uploads\/2021\/11\/097-21-Azubi-Ehrung-Landesb.jpg\"><img loading=\"lazy\" decoding=\"async\" aria-describedby=\"caption-attachment-26247\" class=\"size-medium wp-image-26247\" src=\"https:\/\/www.vdsm.net\/wronline\/wp-content\/uploads\/2021\/11\/097-21-Azubi-Ehrung-Landesb-300x214.jpg\" alt=\"\" width=\"300\" height=\"214\" srcset=\"https:\/\/www.vdsm.net\/wronline\/wp-content\/uploads\/2021\/11\/097-21-Azubi-Ehrung-Landesb-300x214.jpg 300w, https:\/\/www.vdsm.net\/wronline\/wp-content\/uploads\/2021\/11\/097-21-Azubi-Ehrung-Landesb-768x547.jpg 768w, https:\/\/www.vdsm.net\/wronline\/wp-content\/uploads\/2021\/11\/097-21-Azubi-Ehrung-Landesb.jpg 777w\" sizes=\"auto, (max-width: 300px) 100vw, 300px\" \/><\/a><p id=\"caption-attachment-26247\" class=\"wp-caption-text\">IHK-Gesch\u00e4ftsf\u00fchrerin Sabine Bechheim (l.) \u00fcbermittelte den Landesbesten ihre Gl\u00fcckw\u00fcnsche.<\/p><\/div>\n<p><strong>Die Landesbesten aus dem IHK-Bezirk Siegen <\/strong><\/p>\n<p>Felix Althaus, Beton- und Stahlbetonbauer<br \/>\nOtto Quast Bauunternehmen GmbH &amp; Co. KG (Siegen)<br \/>\nBerufskolleg Technik des Kreises Siegen-Wittgenstein<\/p>\n<p>Louis Br\u00fcser, Maschinen- und Anlagenf\u00fchrer<br \/>\nHeinrich Eibach GmbH (Finnentrop)<br \/>\nBerufskolleg des Kreises Olpe<\/p>\n<p>Nils Dexheimer, Anlagenmechaniker<br \/>\nSMS group GmbH (Hilchenbach)<br \/>\nBerufskolleg Technik des Kreises Siegen-Wittgenstein<\/p>\n<p>Jan Albert Harnischmacher, Verfahrenstechnologe Metall, Fachrichtung Nichteisenmetallurgie<br \/>\nViega GmbH &amp; Co. KG (Attendorn)<br \/>\nBerufskolleg Technik des Kreises Siegen-Wittgenstein<\/p>\n<p>Nikola Klein, Mediengestalterin Digital und Print<br \/>\nVorl\u00e4nder GmbH &amp; Co. KG (Siegen)<br \/>\nBerufskolleg Technik des Kreises Siegen-Wittgenstein<\/p>\n<p>Tabea Marie Langemann, Automobilkauffrau<br \/>\nWalter Schneider Fludersbach GmbH &amp; Co. KG (Siegen)<br \/>\nBerufskolleg Wirtschaft und Verwaltung des Kreises Siegen-Wittgenstein<\/p>\n<p>Marius Latt, Maschinen- und Anlagenf\u00fchrer<br \/>\nEJOT Holding GmbH &amp; Co. KG (Bad Berleburg)<br \/>\nBerufskolleg Wittgenstein<\/p>\n<p>Markus Widera, Kaufmann E-Commerce<br \/>\nAbanico GmbH (Drolshagen)<br \/>\nKaufmannsschule I der Stadt Hagen<\/p>\n<p>Tobias Zimmermann, Werkstoffpr\u00fcfer, Fachrichtung Systemtechnik<br \/>\nIngenieurb\u00fcro F. Braun (Freudenberg)<br \/>\nWerner-von-Siemens-Schule, Wetzlar<\/p>\n<p>Bilder und Info: <a href=\"https:\/\/www.ihk-siegen.de\/\" target=\"_blank\" rel=\"noopener\">IHK Siegen<\/a><\/p>\n","protected":false},"excerpt":{"rendered":"<p>\u201eSie haben eine herausragende Leistung erbracht. Nutzen Sie diesen R\u00fcckenwind f\u00fcr Ihren weiteren beruflichen Werdegang\u201c, appelliert Sabine Bechheim, Gesch\u00e4ftsf\u00fchrerin der Industrie- und Handelskammer Siegen, an&#8230;<\/p>\n","protected":false},"author":2,"featured_media":26246,"comment_status":"open","ping_status":"open","sticky":false,"template":"","format":"standard","meta":{"_jetpack_memberships_contains_paid_content":false,"footnotes":""},"categories":[8,32,11],"tags":[],"class_list":["post-26245","post","type-post","status-publish","format-standard","has-post-thumbnail","hentry","category-ausbildung","category-infos","category-regionale-wirtschaft"],"jetpack_featured_media_url":"https:\/\/www.vdsm.net\/wronline\/wp-content\/uploads\/2021\/11\/097-21-Azubi-Ehrung-Bundesb.jpg","jetpack_sharing_enabled":true,"_links":{"self":[{"href":"https:\/\/www.vdsm.net\/wronline\/wp-json\/wp\/v2\/posts\/26245","targetHints":{"allow":["GET"]}}],"collection":[{"href":"https:\/\/www.vdsm.net\/wronline\/wp-json\/wp\/v2\/posts"}],"about":[{"href":"https:\/\/www.vdsm.net\/wronline\/wp-json\/wp\/v2\/types\/post"}],"author":[{"embeddable":true,"href":"https:\/\/www.vdsm.net\/wronline\/wp-json\/wp\/v2\/users\/2"}],"replies":[{"embeddable":true,"href":"https:\/\/www.vdsm.net\/wronline\/wp-json\/wp\/v2\/comments?post=26245"}],"version-history":[{"count":1,"href":"https:\/\/www.vdsm.net\/wronline\/wp-json\/wp\/v2\/posts\/26245\/revisions"}],"predecessor-version":[{"id":26248,"href":"https:\/\/www.vdsm.net\/wronline\/wp-json\/wp\/v2\/posts\/26245\/revisions\/26248"}],"wp:featuredmedia":[{"embeddable":true,"href":"https:\/\/www.vdsm.net\/wronline\/wp-json\/wp\/v2\/media\/26246"}],"wp:attachment":[{"href":"https:\/\/www.vdsm.net\/wronline\/wp-json\/wp\/v2\/media?parent=26245"}],"wp:term":[{"taxonomy":"category","embeddable":true,"href":"https:\/\/www.vdsm.net\/wronline\/wp-json\/wp\/v2\/categories?post=26245"},{"taxonomy":"post_tag","embeddable":true,"href":"https:\/\/www.vdsm.net\/wronline\/wp-json\/wp\/v2\/tags?post=26245"}],"curies":[{"name":"wp","href":"https:\/\/api.w.org\/{rel}","templated":true}]}}