{"id":26232,"date":"2021-11-22T11:49:51","date_gmt":"2021-11-22T10:49:51","guid":{"rendered":"https:\/\/www.vdsm.net\/wronline\/?p=26232"},"modified":"2021-11-22T11:49:51","modified_gmt":"2021-11-22T10:49:51","slug":"wiederbewaldung-in-kirchhundem-azubis-packen-an","status":"publish","type":"post","link":"https:\/\/www.vdsm.net\/wronline\/wiederbewaldung-in-kirchhundem-azubis-packen-an\/","title":{"rendered":"Wiederbewaldung in Kirchhundem: Azubis packen an"},"content":{"rendered":"<p>\u00dcberall im Land ist es un\u00fcbersehbar: Wo einst m\u00e4chtige meterhohe B\u00e4ume standen, klaffen nun gro\u00dfe L\u00f6cher. Deutschlands Wald ist vielerorts krank. D\u00fcrresommer und Borkenk\u00e4fer haben ganze Arbeit geleistet. Laut Landesbetrieb Wald und Holz Nordrhein-Westfalen m\u00fcssen alleine in unserem Bundesland rund 75.000 Hektar Wald wiederaufgeforstet werden. Im gesamten Sauerland sind es etwa 27.000 Hektar \u2013 Tendenz steigend. Doch es tut sich was und schon kleine regionale Beitr\u00e4ge k\u00f6nnen helfen. Am 17. und 18. November pflanzten daher Auszubildende von MENNEKES und vom Regionalforstamt Kurk\u00f6lnisches Sauerland des Landesbetriebs Wald und Holz NRW im Waldst\u00fcck \u201eKirchhundem-Vasbach\u201c oberhalb des Firmengel\u00e4ndes dutzende neue B\u00e4ume.<\/p>\n<p>Das rund 165 Hektar gro\u00dfe Waldst\u00fcck erstreckt sich entlang von Kirchhundem nach Herrntrop und reicht bis auf den Berg \u201eT\u00f6te\u201c. Eigent\u00fcmer des Waldes ist das Land Nordrhein-Westfalen. \u201eBis vor Kurzem standen hier noch zahlreiche Fichten. Die D\u00fcrrejahre 2018 bis 2020 f\u00fchrten aber dazu, dass \u00fcber Monate bis in 1,80 Meter Bodentiefe absolute Trockenheit herrschte. Die Fichten litten unter Wassermangel, konnten Borkenk\u00e4fer so nicht mehr durch Verharzen abwehren und waren ihnen letztlich schutzlos ausgeliefert\u201c, erkl\u00e4rt J\u00fcrgen Messerschmidt, Leiter des Regionalforstamtes Kurk\u00f6lnisches Sauerland, den Kahlschlag.<\/p>\n<p>Um gro\u00dffl\u00e4chiges Baumsterben und Kahlfl\u00e4chen k\u00fcnftig zu vermeiden, setzen Forstexperten beim Wiederbewalden auf die Pflanzung klimastabiler Mischw\u00e4lder, statt auf Nadelholzreinbest\u00e4nde. So auch im Waldst\u00fcck Kirchhundem-Vasbach, wie der f\u00fcr den Staatswald im Regionalforstamt Kurk\u00f6lnisches Sauerland zust\u00e4ndige Fachgebietsleiter Marlon Ohms erz\u00e4hlt: \u201eDie Azubis pflanzen verschiedene robuste, heimische Baumarten wie Traubeneiche, Hainbuche, Winterlinde und Vogelkirsche. Diese Baumarten sind f\u00fcr den k\u00fcnftigen Klimawald von gr\u00f6\u00dfter Bedeutung, da sie nicht nur besser an die Klimaentwicklung angepasst sind, sondern auch f\u00fcr viele heimische Insektenarten einen Lebensraum bieten und dem Artensterben entgegenwirken.\u201c Eingemischt finden vereinzelt auch fremdl\u00e4ndische Baumarten wie die Esskastanie Verwendung. \u201eBei der Wahl der Baumarten gilt es, sehr sorgf\u00e4ltig den Standort zu analysieren: Nicht jeder Baum w\u00e4chst \u00fcberall. Die Arten haben unterschiedliche Anspr\u00fcche an N\u00e4hrstoffversorgung, Licht und Wasserhaushalt\u201c, wei\u00df die Forstwirtauszubildende des Regionalforstamtes Lea Jansen.<\/p>\n<p>Baumpflanzen: Was erst einmal simpel klingt, erfordert bei genauerem Hinsehen gut durchdachte Arbeitsschritte \u2013 schlie\u00dflich sollen sich die B\u00e4ume an ihrem Standort wohlf\u00fchlen und \u00fcber lange Zeit stabil Wind und Wetter standhalten. Vor dem Start der Pflanzaktion erhielten die Azubis daher zun\u00e4chst eine theoretische Einweisung durch die Experten des Regionalforstamtes. Danach ging es ans Einpflanzen. F\u00fcr jede Baumart wurden ein an die Gr\u00f6\u00dfe und das Wurzelvolumen angepasstes Pflanzloch ausgehoben und die B\u00e4ume anschlie\u00dfend behutsam St\u00fcck f\u00fcr St\u00fcck eingesetzt.<\/p>\n<p>\u201eWir brauchen nur aus dem Fenster zu schauen, um dem Klimawandel ins Auge zu blicken: Gro\u00dfe Teile unserer Sauerl\u00e4nder W\u00e4lder sind Trockenheit und Borkenk\u00e4fer zum Opfer gefallen. Bei MENNEKES haben wir schon vor einigen Jahren begonnen, etwas f\u00fcr den Klimaschutz zu tun. Diese Baumpflanz-Aktion soll ein weiterer kleiner Klima-Beitrag sein. Wir helfen damit nicht nur bei der Aufforstung unseres Nachbarwaldes, sondern vermitteln allen Teilnehmern auch einen pers\u00f6nlichen Bezug zur Natur\u201c, unterstreicht Christopher Mennekes, gesch\u00e4ftsf\u00fchrender Gesellschafter von MENNEKES.<\/p>\n<p>Das Ergebnis der Aufforstung k\u00f6nnen Spazierg\u00e4nger nun vor Ort besichtigen. Die Azubi-Aktion war Teil einer bereits beschlossenen Wiederaufforstung des Waldst\u00fccks \u201eKirchhundemVasbach\u201c. Die restliche brachliegende Fl\u00e4che wird in den n\u00e4chsten Jahren Schritt f\u00fcr Schritt neu bepflanzt \u2013 einige Fl\u00e4chen werden aber auch der nat\u00fcrlichen Wiederbewaldung \u00fcberlassen.<\/p>\n<p><strong>\u00dcber die Ausbildung bei MENNEKES<\/strong><br \/>\nMENNEKES bildet in insgesamt zehn Ausbildungsberufen aus. Entgegen dem landesweiten Trend konnte das Unternehmen sein Ausbildungsniveau trotz Corona-Pandemie 2021 nicht nur halten, sondern sogar steigern: Anfang August starteten 18 neue Azubis in ihre technische oder kaufm\u00e4nnische Ausbildung \u2013 im Jahr davor waren es 16. Sch\u00fclerinnen und Sch\u00fcler aller Schulformen k\u00f6nnen sich bereits f\u00fcr die Ausbildungsstellen in 2022 bewerben. Alle Infos zur Bewerbung, Details und Videos zu den Berufen gibt es unter: <a href=\"https:\/\/www.mennekes.de\/karriere\/perspektiven\/schueler\/ausbildung\/\" target=\"_blank\" rel=\"noopener\">www.MENNEKES.de\/ausbildung<\/a>.<\/p>\n<p><strong>\u00dcber die Ausbildung beim Landesbetrieb Wald und Holz Nordrhein-Westfalen<\/strong><br \/>\nWald und Holz NRW bildet in sechs Ausbildungsberufen aus. Neben der klassischen Ausbildung als Forstwirtin oder Forstwirt wird u.a. auch die Ausbildung als Kauffrau\/-mann f\u00fcr B\u00fcromanagement oder Freizeit und Tourismus, Hauswirtschaft und Berufsj\u00e4ger angeboten. Zum 1. August wurden 41 neue Auszubildende eingestellt. Informationen \u00fcber Ausbildungsstellen bei Wald und Holz NRW finden Sie unter: <a href=\"https:\/\/www.wald-und-holz.nrw.de\/ueber-uns\/karriere\" target=\"_blank\" rel=\"noopener\">https:\/\/www.wald-undholz.nrw.de\/ueber-uns\/karriere<\/a><\/p>\n<p>Text und Foto:\u00a0<a href=\"https:\/\/www.mennekes.de\/\" target=\"_blank\" rel=\"noopener\">MENNEKES Elektrotechnik GmbH &amp; Co. KG<\/a><\/p>\n","protected":false},"excerpt":{"rendered":"<p>\u00dcberall im Land ist es un\u00fcbersehbar: Wo einst m\u00e4chtige meterhohe B\u00e4ume standen, klaffen nun gro\u00dfe L\u00f6cher. Deutschlands Wald ist vielerorts krank. D\u00fcrresommer und Borkenk\u00e4fer haben&#8230;<\/p>\n","protected":false},"author":6,"featured_media":26239,"comment_status":"open","ping_status":"open","sticky":false,"template":"","format":"standard","meta":{"_jetpack_memberships_contains_paid_content":false,"footnotes":""},"categories":[1,8,32,10],"tags":[],"class_list":["post-26232","post","type-post","status-publish","format-standard","has-post-thumbnail","hentry","category-aktuell","category-ausbildung","category-infos","category-unternehmen"],"jetpack_featured_media_url":"https:\/\/www.vdsm.net\/wronline\/wp-content\/uploads\/2021\/11\/Gruppenfoto_WEB.jpg","jetpack_sharing_enabled":true,"_links":{"self":[{"href":"https:\/\/www.vdsm.net\/wronline\/wp-json\/wp\/v2\/posts\/26232","targetHints":{"allow":["GET"]}}],"collection":[{"href":"https:\/\/www.vdsm.net\/wronline\/wp-json\/wp\/v2\/posts"}],"about":[{"href":"https:\/\/www.vdsm.net\/wronline\/wp-json\/wp\/v2\/types\/post"}],"author":[{"embeddable":true,"href":"https:\/\/www.vdsm.net\/wronline\/wp-json\/wp\/v2\/users\/6"}],"replies":[{"embeddable":true,"href":"https:\/\/www.vdsm.net\/wronline\/wp-json\/wp\/v2\/comments?post=26232"}],"version-history":[{"count":5,"href":"https:\/\/www.vdsm.net\/wronline\/wp-json\/wp\/v2\/posts\/26232\/revisions"}],"predecessor-version":[{"id":26241,"href":"https:\/\/www.vdsm.net\/wronline\/wp-json\/wp\/v2\/posts\/26232\/revisions\/26241"}],"wp:featuredmedia":[{"embeddable":true,"href":"https:\/\/www.vdsm.net\/wronline\/wp-json\/wp\/v2\/media\/26239"}],"wp:attachment":[{"href":"https:\/\/www.vdsm.net\/wronline\/wp-json\/wp\/v2\/media?parent=26232"}],"wp:term":[{"taxonomy":"category","embeddable":true,"href":"https:\/\/www.vdsm.net\/wronline\/wp-json\/wp\/v2\/categories?post=26232"},{"taxonomy":"post_tag","embeddable":true,"href":"https:\/\/www.vdsm.net\/wronline\/wp-json\/wp\/v2\/tags?post=26232"}],"curies":[{"name":"wp","href":"https:\/\/api.w.org\/{rel}","templated":true}]}}