{"id":26217,"date":"2021-11-19T11:38:02","date_gmt":"2021-11-19T10:38:02","guid":{"rendered":"https:\/\/www.vdsm.net\/wronline\/?p=26217"},"modified":"2021-11-19T11:38:02","modified_gmt":"2021-11-19T10:38:02","slug":"was-ist-da-bloss-in-deutschland-los","status":"publish","type":"post","link":"https:\/\/www.vdsm.net\/wronline\/was-ist-da-bloss-in-deutschland-los\/","title":{"rendered":"Was ist da blo\u00df in Deutschland los?"},"content":{"rendered":"<p>Die Welt wundert sich und stellt sich zunehmend die Frage: \u201eWas ist da blo\u00df in Deutschland los?\u201c. Seit fast zwei Jahren h\u00e4lt die Corona-Pandemie das Land in Atem. Inzwischen ist die vierte Welle unterwegs und noch immer wissen die verantwortlichen Politikerinnen und Politiker nicht, wie sie das Virus in den Griff bekommen k\u00f6nnen. Da werden immer neue Ma\u00dfnahmen beschlossen und nach einiger Zeit wieder abge\u00e4ndert oder ganz aufgehoben. Da sind sich Bund und L\u00e4nder eher im Weg als einig. Da wird von den L\u00e4ndern auf eine bundesweite L\u00f6sung gepocht, obwohl die Lage in den Regionen deutlich unterschiedlich ist. Warum also alles einheitlich? Warum sollen die Menschen in den Regionen, die eine niedrige Inzidenz haben, die gleichen Einschr\u00e4nkungen hinnehmen m\u00fcssen, wie die Menschen in Hochinzidenzgebieten? Warum sollen Ungeimpfte gegen\u00fcber den Geimpften und Genesenen blo\u00df nicht benachteiligt werden? Warum ist eigentlich am Anfang der Pandemie keine allgemeine Impfpflicht eingef\u00fchrt worden?<\/p>\n<p>Wie gesagt, die Welt wundert sich, wie in Deutschland mit der Pandemie umgegangen wird. Sie wundert sich \u00fcber das Versagen des \u00f6ffentlichen Sektors in unserem Land, das ja bislang bekannt war f\u00fcr seine Korrektheit und seine organisatorischen F\u00e4higkeiten. Sp\u00e4testens seit dem Desaster um den Berliner Flughafen hat dieses Image erste Kratzer bekommen. Dies sind jetzt noch einmal deutlich kr\u00e4ftiger geworden. Die Pandemie hat die M\u00e4ngel des Standortes Deutschland gnadenlos offen gelegt. Dazu z\u00e4hlt ein parteipolitisches System, dass eher im gegenseitigen Gez\u00e4nk verharrt, als geschlossen und konsequent auf die Herausforderungen der Pandemie zu reagieren. Wenn es darum geht, Menschen zu sch\u00fctzen ist es nicht unbedingt sinnvoll, \u00fcber Tage und Wochen Kompromisse zu suchen, um ja niemanden auf die F\u00fc\u00dfe zu treten, vor allem im Vorfeld einer Bundestagswahl. Da sind dann eher schnelle Entscheidungen gefragt. Daran hat es bis heute gefehlt. Ebenso waren und sind die \u00f6ffentlichen Verwaltungen mit der Situation v\u00f6llig \u00fcberfordert. Gesundheits\u00e4mter arbeiten teilweise noch mit Papierlisten um Infizierte zu erfassen. Von Digitalisierung sind viele meilenweit entfernt. Das gilt auch f\u00fcr die Schulen. Gerade die Kinder und Jugendlichen, die bislang keinen Impfschutz erhalten k\u00f6nnen, haben unter der Pandemie besonders zu leiden. Sie haben nicht nur lange Zeit auf s\u00e4mtliche sozialen Kontakte verzichten m\u00fcssen, sie mussten auch mit einem ineffizienten und teils \u00fcberforderten Bildungssystem zurecht kommen. Die Folgen werden unsere Gesellschaft noch \u00fcber viele Jahre begleiten.<\/p>\n<p>Auch die Wirtschaft hat das unzureichende Pandemiemanagement zu sp\u00fcren bekommen. Vor allem Gastronomie und Handel sowie die Freizeit- und Eventbranche haben unter den Lockdowns erheblich gelitten. Nur mit massiven staatlichen Hilfen konnte ein Massenexodus verhindert werden. Der Wirtschaftseinbruch in der Industrie war massiv, aber nicht lebensbedrohend. Inzwischen hat sich die konjunkturelle Lage wieder stabilisiert. Jetzt stehen die Unternehmen vor der Herausforderung: Wie gehen wir mit den Ungeimpften um? Denn auch die staatlich eingeleitete Impfkampagne hat nicht so funktioniert, wie es eigentlich notwendig gewesen w\u00e4re. Die Impfquote ist nach wie vor zu niedrig. Gleichzeitig wurden aber die Impfzentren geschlossen. Da passt wieder einmal so Einiges nicht zusammen. Und jetzt soll auch noch geboostert werden.<\/p>\n<p>Immerhin haben sich Bund, L\u00e4nder und die Ampel-Parteien aktuell auf eine Neufassung des Infektionsschutzgesetzes geeinigt. Ob die darin festgelegten Regeln zu einer Abschw\u00e4chung der Pandemie f\u00fchren werden, bleibt abzuwarten. Zumindest wird der Druck auf die Ungeimpften auch am Arbeitsplatz deutlich erh\u00f6ht. Die langen Warteschlangen vor den Impfstellen beweisen, dass der wachsende Druck bei immer mehr Menschen angekommen ist. Immer mehr Bundesl\u00e4nder f\u00fchren gleichzeitig f\u00fcr die \u00f6ffentlichen Bereiche 2G ein. Das alles h\u00e4tte vermieden werden k\u00f6nnen, wenn gleich zu Beginn der Pandemie eine allgemeine Impfpflicht eingef\u00fchrt worden w\u00e4re. \u00d6sterreich hat das inzwischen auch erkannt und wird die Impfung ab dem kommenden Jahr f\u00fcr die Bev\u00f6lkerung verbindlich machen. F\u00fcr viele Opfer kommt diese Entscheidung zu sp\u00e4t, aber immerhin sie kommt. Man darf gespannt sein, wann die Verantwortlichen in Deutschland diesen notwendigen Schritt zur Pandemiebek\u00e4mpfung nachvollziehen werden.<\/p>\n<p>Ho<\/p>\n","protected":false},"excerpt":{"rendered":"<p>Die Welt wundert sich und stellt sich zunehmend die Frage: \u201eWas ist da blo\u00df in Deutschland los?\u201c. Seit fast zwei Jahren h\u00e4lt die Corona-Pandemie das&#8230;<\/p>\n","protected":false},"author":2,"featured_media":3086,"comment_status":"open","ping_status":"open","sticky":false,"template":"","format":"standard","meta":{"_jetpack_memberships_contains_paid_content":false,"footnotes":""},"categories":[4],"tags":[],"class_list":["post-26217","post","type-post","status-publish","format-standard","has-post-thumbnail","hentry","category-meinung"],"jetpack_featured_media_url":"https:\/\/www.vdsm.net\/wronline\/wp-content\/uploads\/2016\/01\/wronline-meinung.jpg","jetpack_sharing_enabled":true,"_links":{"self":[{"href":"https:\/\/www.vdsm.net\/wronline\/wp-json\/wp\/v2\/posts\/26217","targetHints":{"allow":["GET"]}}],"collection":[{"href":"https:\/\/www.vdsm.net\/wronline\/wp-json\/wp\/v2\/posts"}],"about":[{"href":"https:\/\/www.vdsm.net\/wronline\/wp-json\/wp\/v2\/types\/post"}],"author":[{"embeddable":true,"href":"https:\/\/www.vdsm.net\/wronline\/wp-json\/wp\/v2\/users\/2"}],"replies":[{"embeddable":true,"href":"https:\/\/www.vdsm.net\/wronline\/wp-json\/wp\/v2\/comments?post=26217"}],"version-history":[{"count":1,"href":"https:\/\/www.vdsm.net\/wronline\/wp-json\/wp\/v2\/posts\/26217\/revisions"}],"predecessor-version":[{"id":26218,"href":"https:\/\/www.vdsm.net\/wronline\/wp-json\/wp\/v2\/posts\/26217\/revisions\/26218"}],"wp:featuredmedia":[{"embeddable":true,"href":"https:\/\/www.vdsm.net\/wronline\/wp-json\/wp\/v2\/media\/3086"}],"wp:attachment":[{"href":"https:\/\/www.vdsm.net\/wronline\/wp-json\/wp\/v2\/media?parent=26217"}],"wp:term":[{"taxonomy":"category","embeddable":true,"href":"https:\/\/www.vdsm.net\/wronline\/wp-json\/wp\/v2\/categories?post=26217"},{"taxonomy":"post_tag","embeddable":true,"href":"https:\/\/www.vdsm.net\/wronline\/wp-json\/wp\/v2\/tags?post=26217"}],"curies":[{"name":"wp","href":"https:\/\/api.w.org\/{rel}","templated":true}]}}