{"id":2616,"date":"2015-07-30T10:06:04","date_gmt":"2015-07-30T08:06:04","guid":{"rendered":"http:\/\/www.vdsm.net\/wronline\/?p=2616"},"modified":"2015-07-30T10:06:04","modified_gmt":"2015-07-30T08:06:04","slug":"mit-dem-ende-der-ausbildungen-steigt-die-arbeitslosigkeit","status":"publish","type":"post","link":"https:\/\/www.vdsm.net\/wronline\/mit-dem-ende-der-ausbildungen-steigt-die-arbeitslosigkeit\/","title":{"rendered":"Mit dem Ende der Ausbildungen steigt die Arbeitslosigkeit"},"content":{"rendered":"<p>Die Arbeitslosenquote im Bezirk der Agentur f\u00fcr Arbeit Siegen steigt im Juli auf 5,2 Prozent. Das sind 0,2 Prozentpunkte mehr als im Juni. Einen gro\u00dfen Anteil an der gestiegenen Arbeitslosigkeit hat die Gruppe der Unter-25-J\u00e4hrigen. Von den 451 zus\u00e4tzlichen Arbeitslosen geh\u00f6ren 63 Prozent zu dieser Gruppe. Insgesamt sind im Juli 12.065 M\u00e4nner und Frauen arbeitslos. Das sind 3,9 Prozent mehr als im Juni. Der Vorjahresvergleich ist hingegen positiv: Die Arbeitslosigkeit geht um 309 Personen oder 2,5 Prozent zur\u00fcck, die Arbeitslosenquote sinkt um 0,2 Prozentpunkte. \u201eEs sind zwar weniger Menschen arbeitslos als vor einem Jahr, aber der gro\u00dfe Anstieg bei den jungen Menschen hat uns negativ \u00fcberrascht\u201c, beschreibt Dr. Bettina Wolf, Vorsitzende der Gesch\u00e4ftsf\u00fchrung der Agentur f\u00fcr Arbeit Siegen: \u201eWir haben uns in den letzten Wochen sehr intensiv um diese Personengruppe gek\u00fcmmert.\u201c<\/p>\n<p>Im Juli haben sich in der Altersgruppe der Jugendlichen und jungen Erwachsenen bis 25 Jahre 698 Personen arbeitslos gemeldet, aber nur 391 haben eine neue T\u00e4tigkeit gefunden. Damit sind im Juli 1.610 junge Menschen ohne Arbeit. Ein Anstieg von 21,4 Prozent zum Vormonat und von 1,8 Prozent zum Vorjahr. \u201eDie Zahlen sind eindeutig, viele Betriebe haben ihre Auszubildenden nach der Lehre nicht \u00fcbernommen\u201c, erkl\u00e4rt Dr. Wolf die Statistik. Jedes Jahr steigt im Fr\u00fchsommer die Zahl der jungen Arbeitslosen, da einige Jugendliche nach der Ausbildung nicht \u00fcbernommen werden und sich arbeitslos melden. \u201eUnser Ziel bleibt es, diese sehr gut qualifizierten Jugendlichen m\u00f6glichst \u00fcbergangslos in Arbeit zu bringen\u201c, betont Dr. Wolf und f\u00fcgt an: \u201eJunge Fachkr\u00e4fte sind andererseits ja sehr gefragt und ihre Besch\u00e4ftigung ist das beste Mittel gegen den Fachkr\u00e4ftemangel. Die Unternehmen sollten auf diese jungen Fachkr\u00e4fte setzen und sie wieder einstellen.\u201c<\/p>\n<p>Bestand der gemeldeten Stellen liegt \u00fcber dem Vorjahr<\/p>\n<p>Die Arbeitgeber haben im Juli 848 neue Stellen gemeldet. Das sind 71 Stellen weniger als im Vormonat, ein R\u00fcckgang von 7,7 Prozent. Der Bestand an gemeldeten Arbeitsstellen sinkt ebenfalls leicht auf 2.484 oder um 1,3 Prozent. Trotzdem stehen im Vergleich zum Vorjahr den Arbeitssuchenden 258 Stellen mehr zur Verf\u00fcgung. Das ist ein Plus von 11,6 Prozent. \u201eDer leichte R\u00fcckgang ist typisch f\u00fcr die Ferienzeit. Doch der deutliche Zuwachs im Jahresvergleich zeigt, wie gut und stabil die wirtschaftliche Lage in der Region weiterhin ist\u201c, bewertet Dr. Wolf die leicht gesunkene Zahl an freien Stellen.<\/p>\n<p>Arbeitslosigkeit im Agenturbezirk Siegen<\/p>\n<p>Die 12.065 Arbeitslosen setzen sich aus Kunden der beiden Rechtskreise zusammen. Kunden der Arbeitslosenversicherung und damit der Arbeitsagentur geh\u00f6ren dem Rechtskreis SGB III (Sozialgesetzbuch) an. Jobcenter-Kunden erhalten Arbeitslosengeld II und geh\u00f6ren dem Rechtskreis SGB II an. W\u00e4hrend die Arbeitsagentur Siegen f\u00fcr beide Kreise zust\u00e4ndig ist, gibt es ein Jobcenter im Kreis Siegen-Wittgenstein und eins im Kreis Olpe.<\/p>\n<p>Im Bereich der Arbeitsagentur steigt die Zahl der Arbeitslosen im Juli um 286 Personen auf 4.289 M\u00e4nner und Frauen. Das sind 7,1 Prozent mehr als im Vormonat. Der Vergleich mit dem Vorjahr ist allerdings positiv: Die Arbeitslosenzahl ist um 283 Personen oder 6,2 Prozent zur\u00fcckgegangen. Im Rechtskreis der beiden Jobcenter sind mit 7.776 Menschen 165 Personen mehr arbeitslos als im Juni. Damit steigt die Zahl der Arbeitslosen in diesem Bereich um 2,2 Prozent. Im Jahresvergleich ergibt sich ein leichter R\u00fcckgang von 0,3 Prozent, denn im Juli 2014 waren 26 M\u00e4nner und Frauen mehr arbeitslos.<\/p>\n<p>Arbeitslosigkeit im Kreis Siegen-Wittgenstein<\/p>\n<p>Im Kreis Siegen-Wittgenstein waren im Juli 8.673 Menschen ohne Arbeit. Das ist ein Anstieg um 258 Personen oder um 3,1 Prozent im Vergleich zum Juni. Die Arbeitslosenquote steigt um 0,2 Prozentpunkte auf 5,7 Prozent, doch im Vorjahr waren 262 Personen mehr arbeitslos. Die Arbeitslosenquote betrug damals 5,9 Prozent. Im Alter zwischen 15 und 25 sind 1.172 Personen arbeitslos. Das sind 182 oder 18,4 Prozent mehr als im Juni, aber einer weniger als letztes Jahr. Damit geh\u00f6ren sieben von zehn zus\u00e4tzlichen Arbeitslosen dieser Gruppe an. \u201eDie wirtschaftliche Lage ist gut, das zeigt die niedrigere Arbeitslosigkeit als im letzten Jahr. Daher kann ich es nicht verstehen, dass so viele junge Menschen nach der Ausbildung nicht \u00fcbernommen werden\u201c, schildert Dr. Bettina Wolf.<\/p>\n<p>Von den Arbeitslosen sind im Juli 5.811 Personen Kunden des Jobcenters Kreis Siegen-Wittgenstein. Das sind 116 Personen mehr als im Juni, ein Anstieg um 2 Prozent. Verglichen mit Juli 2014 zeigt sich ein leichtes Plus von 0,5 Prozent oder 29 M\u00e4nner und Frauen.<\/p>\n<p>Arbeitslosigkeit im Kreis Olpe<\/p>\n<p>Im Kreis Olpe steigt die Zahl der Arbeitslosen im Juli um 6 Prozent oder um 193 Personen. Damit sind 3.392 Personen arbeitslos. Die Arbeitslosenquote betr\u00e4gt nun 4,4 Prozent, das sind 0,3 Prozentpunkte mehr. Verglichen mit Juli 2014 sinkt die Zahl der Arbeitslosen dagegen um 47 Personen, ein R\u00fcckgang um 1,4 Prozent. Die Zahl der Arbeitslosen zwischen 15 und 25 Jahren steigt von Juni bis Juli um 102 Personen auf 438 und erh\u00f6ht sich damit um 30,4 Prozent. Vor einem Jahr waren im Juli 30 junge Menschen weniger arbeitslos. Der deutliche Anstieg der Arbeitslosen gehe laut Dr. Wolf in Olpe zur H\u00e4lfte auf die Gruppe der Unter-25-J\u00e4hrigen. \u201eDie Betriebe in Olpe bieten sehr viele Ausbildungsstellen an, offensichtlich brauchen sie junge Fachkr\u00e4fte. Daher sollten sie auch den frisch ausgebildeten Fachkr\u00e4ften eine Chance geben\u201c, bekr\u00e4ftigt die Agentur-Chefin.<\/p>\n<p>Das Jobcenter Kreis Olpe betreute im Juli 1.965 Arbeitslose. Damit ergibt sich im Kreis Olpe in diesem Rechtskreis ein Anstieg um 49 Personen oder 2,6 Prozent im Vergleich zum Vormonat. Im Vergleich zum Juli 2014 sinkt die Arbeitslosenzahl um 55 Personen oder 2,7 Prozent.<\/p>\n<p>Ausblick: Agentur m\u00f6chte Runden Tisch zur Landzeitarbeitslosigkeit einrichten<\/p>\n<p>Dr. Bettina Wolf hat bei ihrer t\u00e4glichen Arbeit besonders die Langzeitarbeitslosen im Blick: \u201eViele von ihnen sind gut ausgebildet und motiviert und bringen reichhaltige Erfahrungen mit. Ihre Einstellung bietet viele Chancen.\u201c Darum werde sich die Agentur in den n\u00e4chsten Monaten besonders um die Langzeitarbeitslosen in der Region k\u00fcmmern. Die Chefin der Arbeitsagentur ist nicht zufrieden mit der Entwicklung: \u201eLeider konnte dieser Personenkreis bisher nicht in w\u00fcnschenswertem Umfang von der guten Stellensituation vor Ort profitieren. Daher werden wir gemeinsam mit den Jobcentern Kreis Siegen-Wittgenstein und Kreis Olpe die bestehenden Ans\u00e4tze ausbauen, um den Menschen, die bereits l\u00e4nger arbeitslos sind, eine Chance zu geben.\u201c Die Arbeitsagentur m\u00f6chte zudem in beiden Kreisen Runde Tische zum Thema Langzeitarbeitslosigkeit einrichten, berichtet Dr. Wolf. Gemeinsam mit den lokalen Gewerkschaften, Verb\u00e4nden und dem Verwaltungsausschuss der Arbeitsagentur sollen neue Ideen entwickelt werden.<\/p>\n","protected":false},"excerpt":{"rendered":"<p>Die Arbeitslosenquote im Bezirk der Agentur f\u00fcr Arbeit Siegen steigt im Juli auf 5,2 Prozent. Das sind 0,2 Prozentpunkte mehr als im Juni. Einen gro\u00dfen&#8230;<\/p>\n","protected":false},"author":2,"featured_media":104,"comment_status":"open","ping_status":"open","sticky":false,"template":"","format":"standard","meta":{"_jetpack_memberships_contains_paid_content":false,"footnotes":""},"categories":[16],"tags":[],"class_list":["post-2616","post","type-post","status-publish","format-standard","has-post-thumbnail","hentry","category-arbeitsmarkt"],"jetpack_featured_media_url":"https:\/\/www.vdsm.net\/wronline\/wp-content\/uploads\/2011\/12\/AASiegen.jpg","jetpack_sharing_enabled":true,"_links":{"self":[{"href":"https:\/\/www.vdsm.net\/wronline\/wp-json\/wp\/v2\/posts\/2616","targetHints":{"allow":["GET"]}}],"collection":[{"href":"https:\/\/www.vdsm.net\/wronline\/wp-json\/wp\/v2\/posts"}],"about":[{"href":"https:\/\/www.vdsm.net\/wronline\/wp-json\/wp\/v2\/types\/post"}],"author":[{"embeddable":true,"href":"https:\/\/www.vdsm.net\/wronline\/wp-json\/wp\/v2\/users\/2"}],"replies":[{"embeddable":true,"href":"https:\/\/www.vdsm.net\/wronline\/wp-json\/wp\/v2\/comments?post=2616"}],"version-history":[{"count":1,"href":"https:\/\/www.vdsm.net\/wronline\/wp-json\/wp\/v2\/posts\/2616\/revisions"}],"predecessor-version":[{"id":2617,"href":"https:\/\/www.vdsm.net\/wronline\/wp-json\/wp\/v2\/posts\/2616\/revisions\/2617"}],"wp:featuredmedia":[{"embeddable":true,"href":"https:\/\/www.vdsm.net\/wronline\/wp-json\/wp\/v2\/media\/104"}],"wp:attachment":[{"href":"https:\/\/www.vdsm.net\/wronline\/wp-json\/wp\/v2\/media?parent=2616"}],"wp:term":[{"taxonomy":"category","embeddable":true,"href":"https:\/\/www.vdsm.net\/wronline\/wp-json\/wp\/v2\/categories?post=2616"},{"taxonomy":"post_tag","embeddable":true,"href":"https:\/\/www.vdsm.net\/wronline\/wp-json\/wp\/v2\/tags?post=2616"}],"curies":[{"name":"wp","href":"https:\/\/api.w.org\/{rel}","templated":true}]}}