{"id":26062,"date":"2021-11-10T14:37:26","date_gmt":"2021-11-10T13:37:26","guid":{"rendered":"https:\/\/www.vdsm.net\/wronline\/?p=26062"},"modified":"2021-11-10T14:37:26","modified_gmt":"2021-11-10T13:37:26","slug":"krueckemeyer-gmbh-vorlesetag-am-19-november-am-gymnasium-am-loehrtor","status":"publish","type":"post","link":"https:\/\/www.vdsm.net\/wronline\/krueckemeyer-gmbh-vorlesetag-am-19-november-am-gymnasium-am-loehrtor\/","title":{"rendered":"Kr\u00fcckemeyer GmbH: Vorlesetag am 19. November am Gymnasium Am L\u00f6hrtor"},"content":{"rendered":"<p>Zum gr\u00f6\u00dften Vorlesefest Deutschlands gibt es in diesem Jahr eine pandemiekonforme und daher leider nicht \u00f6ffentliche Vorleserunde in Siegen. Die Lesung findet mit rund 180 Sch\u00fclerinnen und Sch\u00fclern der 5. und 6. Klassen von 10:15 Uhr bis 11:15 Uhr in der Aula des Gymnasiums Am L\u00f6hrtor (GAL) statt. Als Vorleserinnen und Vorleser sind in diesem Jahr die Schauspielerin Carolin Freund, ihr Kollege Thomas Jansen und der Musiker Sebastian W. Wagner dabei. Moderieren wird den Vormittag der ehemalige \u201eL\u00f6hrtorianer\u201c Klaus Kr\u00fcckemeyer (funk\/Hessischer Rundfunk).<\/p>\n<p>Der Bundesweite Vorlesetag ist eine gemeinsame Initiative von DIE ZEIT, Stiftung Lesen und Deutsche Bahn Stiftung. Jedes Jahr am dritten Freitag im November begeistert der Bundesweite Vorlesetag mittlerweile \u00fcber zwei Millionen kleine und gro\u00dfe Zuh\u00f6rer, die von \u00fcber 300.000 Menschen vorgelesen bekommen. Am 19. November 2021 findet der Bundesweite Vorlesetag, das gr\u00f6\u00dfte Vorlesefest Deutschlands, zum 18. Mal statt. Auf Initiative von Reinhard Kr\u00fcckemeyer wurde 2006 zum ersten Mal die Leseaktion in Kooperation mit der Kr\u00fcckemeyer GmbH aus Wilnsdorf in der Schulaula in Siegen organisiert. Auch in diesem Jahr hat Klaus Kr\u00fcckemeyer drei prominente Vorleserinnen und Vorleser gewinnen k\u00f6nnen, die sich extra f\u00fcr diesen Tag frei nehmen, um nach Siegen zu kommen und hier ehrenamtlich zu lesen. Nach der coronabedingten Pause im vergangenen Jahr nun zum 14. Mal.<\/p>\n<p>Ziel ist es mit dem Aktionstag ein Zeichen f\u00fcr das Lesen setzen, Freude am Lesen wecken, langfristig Lesekompetenz f\u00f6rdern und somit Bildungschancen er\u00f6ffnen. Denn Vorlesen verbindet: egal ob jung oder alt, analog oder digital, beim gro\u00dfen Auftritt oder in gem\u00fctlicher Atmosph\u00e4re. F\u00fcr die Dauer einer Geschichte erleben Vorleserinnen und Vorleser sowie Zuh\u00f6rerinnen und Zuh\u00f6rer ein gemeinsames Abenteuer und teilen lustige, traurige und spannende Momente. Um dieses Miteinander zu feiern und der gro\u00dfen Sehnsucht nach einem Wiedersehen Rechnung zu tragen, lautet das diesj\u00e4hrige Motto \u201eFreundschaft und Zusammenhalt\u201c, f\u00fcr das die Vorleserinnen und Vorleser diesmal gemeinsam nicht nur mit Worten sondern auch Kl\u00e4ngen ein Kinderbuch zum Leben erwecken werden.<\/p>\n<p>Carolin Freund, deren Familie aus dem Siegerland kommt, studierte Schauspiel in Mainz, w\u00e4hrend sie dort bereits am Staatstheater gastierte. Nach ihrem Abschluss spielte sie am Staatstheater Wiesbaden, Stadttheatern Hagen &amp; Heilbronn, Grenzlandtheater Aachen, Kom\u00f6die &amp; Fritz R\u00e9mond Theater Frankfurt und im Auftrag der Hessischen Staatskanzlei f\u00fcr den Bundespr\u00e4sidenten. Neben dem Theater dreht sie regelm\u00e4\u00dfig und war zuletzt bei den ARD &#8222;Rentnercops&#8220; und in der neuen SAT.1 Sitcom &#8222;Think Big&#8220; zu sehen. Au\u00dferdem ist sie als Sprecherin f\u00fcr verschiedene Tonstudios t\u00e4tig.<\/p>\n<p>Thomas Jansen beendete seine Schauspielausbildung 2003 in Regensburg und arbeitete u.a. am Landestheater Linz in \u00d6sterreich, Schauspiel Hannover, Stadttheater Bremerhaven und am Hessischen Staatstheater Wiesbaden. Im Fernsehen ist Thomas Jansen u.a. beim &#8222;Tatort&#8220; den &#8222;Rosenheim Cops&#8220; und der Serie &#8222;Einstein&#8220; zu sehen.<\/p>\n<p>Sebastian W. Wagner studierte Musikwissenschaft und Musikp\u00e4dagogik mit den Hauptf\u00e4chern Klavier und Gesang an der HfMDK und der J.W. Goethe Universit\u00e4t Frankfurt. Er war von 2006 bis 2016 Leiter der Showb\u00fchne Mainz, f\u00fcr die er 24 abendf\u00fcllende Programme geschrieben und komponiert hat, zu dem stand er in diesen St\u00fccken ebenfalls selbst als Darsteller und Musiker auf der B\u00fchne. Seitdem leitet er mehrere Ch\u00f6re und Orchester. F\u00fcr die er auch symphonische H\u00f6rspiele und Lesungen schreibt, komponiert, inszeniert und dirigiert.<\/p>\n<p>Alle sind Mitglieder des RadioLiveTheaters, welches Klassiker als Live-H\u00f6rspiel mit Ger\u00e4uschen, Musik und Kost\u00fcmen auf die B\u00fchne bringt.<\/p>\n<p>Bild und Info: <a href=\"https:\/\/www.krueckemeyer.de\/\" target=\"_blank\" rel=\"noopener\">Kr\u00fcckemeyer GmbH<\/a><\/p>\n","protected":false},"excerpt":{"rendered":"<p>Zum gr\u00f6\u00dften Vorlesefest Deutschlands gibt es in diesem Jahr eine pandemiekonforme und daher leider nicht \u00f6ffentliche Vorleserunde in Siegen. Die Lesung findet mit rund 180&#8230;<\/p>\n","protected":false},"author":2,"featured_media":26064,"comment_status":"open","ping_status":"open","sticky":false,"template":"","format":"standard","meta":{"_jetpack_memberships_contains_paid_content":false,"footnotes":""},"categories":[32,30,34],"tags":[],"class_list":["post-26062","post","type-post","status-publish","format-standard","has-post-thumbnail","hentry","category-infos","category-vermischtes","category-termine"],"jetpack_featured_media_url":"https:\/\/www.vdsm.net\/wronline\/wp-content\/uploads\/2021\/11\/vorlesen21.jpg","jetpack_sharing_enabled":true,"_links":{"self":[{"href":"https:\/\/www.vdsm.net\/wronline\/wp-json\/wp\/v2\/posts\/26062","targetHints":{"allow":["GET"]}}],"collection":[{"href":"https:\/\/www.vdsm.net\/wronline\/wp-json\/wp\/v2\/posts"}],"about":[{"href":"https:\/\/www.vdsm.net\/wronline\/wp-json\/wp\/v2\/types\/post"}],"author":[{"embeddable":true,"href":"https:\/\/www.vdsm.net\/wronline\/wp-json\/wp\/v2\/users\/2"}],"replies":[{"embeddable":true,"href":"https:\/\/www.vdsm.net\/wronline\/wp-json\/wp\/v2\/comments?post=26062"}],"version-history":[{"count":4,"href":"https:\/\/www.vdsm.net\/wronline\/wp-json\/wp\/v2\/posts\/26062\/revisions"}],"predecessor-version":[{"id":26067,"href":"https:\/\/www.vdsm.net\/wronline\/wp-json\/wp\/v2\/posts\/26062\/revisions\/26067"}],"wp:featuredmedia":[{"embeddable":true,"href":"https:\/\/www.vdsm.net\/wronline\/wp-json\/wp\/v2\/media\/26064"}],"wp:attachment":[{"href":"https:\/\/www.vdsm.net\/wronline\/wp-json\/wp\/v2\/media?parent=26062"}],"wp:term":[{"taxonomy":"category","embeddable":true,"href":"https:\/\/www.vdsm.net\/wronline\/wp-json\/wp\/v2\/categories?post=26062"},{"taxonomy":"post_tag","embeddable":true,"href":"https:\/\/www.vdsm.net\/wronline\/wp-json\/wp\/v2\/tags?post=26062"}],"curies":[{"name":"wp","href":"https:\/\/api.w.org\/{rel}","templated":true}]}}