{"id":26011,"date":"2021-11-08T12:08:42","date_gmt":"2021-11-08T11:08:42","guid":{"rendered":"https:\/\/www.vdsm.net\/wronline\/?p=26011"},"modified":"2021-11-08T12:08:42","modified_gmt":"2021-11-08T11:08:42","slug":"gruenderwoche-bei-der-ihk-siegen-4","status":"publish","type":"post","link":"https:\/\/www.vdsm.net\/wronline\/gruenderwoche-bei-der-ihk-siegen-4\/","title":{"rendered":"Gr\u00fcnderwoche bei der IHK Siegen"},"content":{"rendered":"<p><b> <\/b>Die Industrie- und Handelskammer (IHK) Siegen beteiligt sich an der bundesweiten \u201eGr\u00fcnderwoche Deutschland\u201c. Gemeinsam mit dem Bundesministerium f\u00fcr Wirtschaft und Energie (BMWi) setzen Partner der Gr\u00fcnderwoche Deutschland mit unterschiedlichen Veranstaltungen Impulse f\u00fcr eine neue Gr\u00fcndungskultur und ein freundlicheres Gr\u00fcndungsklima. \u201eUnternehmensgr\u00fcndungen schaffen Innovation und Wachstum \u2013 beides wichtige Antriebe f\u00fcr die Wirtschaft. Gerade in einer herausfordernden Zeit wie jetzt ist es wichtig, die Finanzierung und Kundengewinnung vor dem Start gut zu durchdenken\u201c, betont IHK-Gr\u00fcndungsberaterin Sibylle Ha\u00dfler.<\/p>\n<p>Die IHK bietet deshalb im November ein kostenfreies Programm f\u00fcr Gr\u00fcnder. Den Auftakt macht die Onlineveranstaltung \u201eGesetzliche Krankenversicherungen f\u00fcr Existenzgr\u00fcnder\/-innen\u201c am Dienstag, 16. November, von 10:00 bis 12:00 Uhr. \u201eWas unterscheidet die gesetzliche von der privaten Krankenversicherung?\u201c, \u201eBen\u00f6tige ich auch ein Krankentagegeld?\u201c, \u201eWonach werden die Beitr\u00e4ge bemessen?\u201c, \u201eAb wann bin ich hauptberuflich selbstst\u00e4ndig t\u00e4tig?\u201c \u2013 dies sind nur einige der Fragen, die hier beantwortet werden. Anmeldungen sind \u00fcber <a href=\"https:\/\/events.ihk-siegen.de\/termine\/861\/\" target=\"_blank\" rel=\"noopener\">events.ihk-siegen.de\/termine\/861\/<\/a> m\u00f6glich.<\/p>\n<p>Am Mittwoch, 17. November, findet der virtuelle IHK-F\u00f6rdersprechtag statt. Experten der NRW.BANK und der B\u00fcrgerschaftsbank NRW beraten Existenzgr\u00fcnder und Unternehmer in individuell gef\u00fchrten Videokonferenzen zu F\u00f6rderprogrammen f\u00fcr Gr\u00fcndung, Wachstum und Nachfolge. F\u00fcr die Einzelgespr\u00e4che ist eine telefonische Anmeldung bei Sabina Muratagic (02761 944-510) erforderlich.<\/p>\n<p>F\u00fcr Gr\u00fcndungsinteressierte bietet das \u201eBasisseminar f\u00fcr Existenzgr\u00fcnder\/-innen\u201c am Freitag, 19. November, von 9:00 bis 13:30 Uhr umfassende Informationen. Hier wird beispielsweise folgenden Fragen nachgegangen: \u201eWie komme ich von einer Gesch\u00e4ftsidee auf ein schl\u00fcssiges Unternehmenskonzept?\u201c, \u201eWelche Formalit\u00e4ten m\u00fcssen beachtet werden?\u201c, \u201eWelche Rechtsform soll ich w\u00e4hlen?\u201c, \u201eWelche Datenschutzvorgaben sind einzuhalten?\u201c, \u201eWelche Finanzierungsanforderungen habe ich?\u201c. Anmeldungen: <a href=\"https:\/\/events.ihk-siegen.de\/termine\/648\/\" target=\"_blank\" rel=\"noopener\">events.ihk-siegen.de\/termine\/648\/<\/a>.<\/p>\n<p>Die IHK Siegen ist Mitglied im Regionalen Netzwerk f\u00fcr Existenzgr\u00fcndung (RENEX) Siegen-Wittgenstein und Olpe sowie bei \u201eStartpunkt 57&#8243;. Die Initiative f\u00fcr Gr\u00fcnder ist ein Zusammenschluss zahlreicher Unternehmen und Institutionen aus der Region Siegen-Wittgenstein zur F\u00f6rderung von Existenzgr\u00fcndern. Weitere Informationen zur Existenzgr\u00fcndung und Selbstst\u00e4ndigkeit gibt es unter <a href=\"http:\/\/www.ihk-siegen.de\" target=\"_blank\" rel=\"noopener\">ihk-siegen.de<\/a>, <a href=\"http:\/\/renex.org\" target=\"_blank\" rel=\"noopener\">renex.org<\/a> und <a href=\"http:\/\/www.startpunkt57.de\" target=\"_blank\" rel=\"noopener\">startpunkt57.de<\/a>.<\/p>\n<p>Info:<a href=\"http:\/\/www.ihk-siegen.de\" target=\"_blank\" rel=\"noopener\"> IHK Siegen<\/a><\/p>\n","protected":false},"excerpt":{"rendered":"<p>Die Industrie- und Handelskammer (IHK) Siegen beteiligt sich an der bundesweiten \u201eGr\u00fcnderwoche Deutschland\u201c. Gemeinsam mit dem Bundesministerium f\u00fcr Wirtschaft und Energie (BMWi) setzen Partner der&#8230;<\/p>\n","protected":false},"author":2,"featured_media":4018,"comment_status":"open","ping_status":"open","sticky":false,"template":"","format":"standard","meta":{"_jetpack_memberships_contains_paid_content":false,"footnotes":""},"categories":[32,30,34,11],"tags":[],"class_list":["post-26011","post","type-post","status-publish","format-standard","has-post-thumbnail","hentry","category-infos","category-vermischtes","category-termine","category-regionale-wirtschaft"],"jetpack_featured_media_url":"https:\/\/www.vdsm.net\/wronline\/wp-content\/uploads\/2016\/06\/wronline-ihk.jpg","jetpack_sharing_enabled":true,"_links":{"self":[{"href":"https:\/\/www.vdsm.net\/wronline\/wp-json\/wp\/v2\/posts\/26011","targetHints":{"allow":["GET"]}}],"collection":[{"href":"https:\/\/www.vdsm.net\/wronline\/wp-json\/wp\/v2\/posts"}],"about":[{"href":"https:\/\/www.vdsm.net\/wronline\/wp-json\/wp\/v2\/types\/post"}],"author":[{"embeddable":true,"href":"https:\/\/www.vdsm.net\/wronline\/wp-json\/wp\/v2\/users\/2"}],"replies":[{"embeddable":true,"href":"https:\/\/www.vdsm.net\/wronline\/wp-json\/wp\/v2\/comments?post=26011"}],"version-history":[{"count":1,"href":"https:\/\/www.vdsm.net\/wronline\/wp-json\/wp\/v2\/posts\/26011\/revisions"}],"predecessor-version":[{"id":26012,"href":"https:\/\/www.vdsm.net\/wronline\/wp-json\/wp\/v2\/posts\/26011\/revisions\/26012"}],"wp:featuredmedia":[{"embeddable":true,"href":"https:\/\/www.vdsm.net\/wronline\/wp-json\/wp\/v2\/media\/4018"}],"wp:attachment":[{"href":"https:\/\/www.vdsm.net\/wronline\/wp-json\/wp\/v2\/media?parent=26011"}],"wp:term":[{"taxonomy":"category","embeddable":true,"href":"https:\/\/www.vdsm.net\/wronline\/wp-json\/wp\/v2\/categories?post=26011"},{"taxonomy":"post_tag","embeddable":true,"href":"https:\/\/www.vdsm.net\/wronline\/wp-json\/wp\/v2\/tags?post=26011"}],"curies":[{"name":"wp","href":"https:\/\/api.w.org\/{rel}","templated":true}]}}