{"id":25991,"date":"2021-11-05T08:14:28","date_gmt":"2021-11-05T07:14:28","guid":{"rendered":"https:\/\/www.vdsm.net\/wronline\/?p=25991"},"modified":"2021-11-25T12:23:48","modified_gmt":"2021-11-25T11:23:48","slug":"ein-fliegender-markt-fuer-siegenia","status":"publish","type":"post","link":"https:\/\/www.vdsm.net\/wronline\/ein-fliegender-markt-fuer-siegenia\/","title":{"rendered":"Ein \u201eFliegender Markt\u201c f\u00fcr SIEGENIA"},"content":{"rendered":"<p>Auf dem Platz des Unteren Schlosses in Siegen hat sie bereits die Blicke auf sich gezogen. Jetzt findet sie eine neue Heimat bei SIEGENIA: Die Kunstinstallation \u201eFliegender Markt\u201c ist seit neuestem auf dem Betriebsgel\u00e4nde des Siegerl\u00e4nder Unternehmens in Wilnsdorf-Niederdielfen zu Hause. Das begehbare Kunstwerk, das als Au\u00dfeninstallation des Siegener Museums f\u00fcr Gegenwartskunst (MGK-Siegen) \u00fcber mehrere Monate hinweg spannende Einblicke in die Aktivit\u00e4ten des Museums bot, soll nun vor dem Ausstellungszentrum am Hauptstandort von SIEGENIA zu einer Begegnungsst\u00e4tte werden.<\/p>\n<p>Wieland Frank, Gesch\u00e4ftsf\u00fchrender Gesellschafter, \u00e4u\u00dfert sich zum Erwerb des Kunstwerks: \u201eAuf diese Weise bringt das Museum seine Kunst nach drau\u00dfen, und diese sinnbildliche Br\u00fccke kann ich mir auch zu unserem Ausstellungszentrum gut vorstellen.\u201c Besonders am Herzen liegt ihm, den \u201eFliegenden Markt\u201c als Treffpunkt f\u00fcr Mitarbeitende zu etablieren. Auch G\u00e4ste und Besucherinnen und Besucher sollen die M\u00f6glichkeit erhalten, dort mit ihren Ansprechpartnerinnen und Ansprechpartner bei SIEGENIA in den Dialog zu gehen. \u201eDamit m\u00f6chten wir einen sozialen Raum schaffen f\u00fcr Kommunikation und Austausch.\u201c Der Ort solle einladen zum Verweilen, zum Pause machen, Picknicken. Er soll weiterhin als Kunstraum inspirieren und Kreativit\u00e4t f\u00f6rdern.<\/p>\n<p>Auch Thomas Thiel, Direktor des Museums f\u00fcr Gegenwartskunst, sieht den neuen Standort der Kunstinstallation positiv: \u201eEs zeugt von einer gro\u00dfartigen Resonanz, dass die Kunstinstallation von Michael Beutler diesen Sommer die Siegener \u00d6ffentlichkeit begeistert und zugleich das Interesse von SIEGENIA geweckt hat. Ich freue mich mit dem K\u00fcnstler, dass der \u201aFliegende Markt\u2018 nicht wie \u00fcblich weiterzieht, sondern dauerhaft in der Region verbleibt und an anderem Ort neu entdeckt werden kann.\u201c<\/p>\n<h4>Ein Kunstwerk zum Verweilen<\/h4>\n<p>Von K\u00fcnstler Michael Beutler als eigenst\u00e4ndige Skulptur und gesellschaftlicher Treffpunkt angelegt, versteht sich der \u201eFliegende Markt\u201c als erfahrbarer Raum mit variablem Nutzungszweck. Mit den ineinander verschachtelten, auf mehreren Ebenen angeordneten Marktst\u00e4nden und ihren farbigen Baldachinen erinnert die 12 mal 12 Meter gro\u00dfe Installation an einen bunten Wochenmarkt.<\/p>\n<p>Text und Fotos:\u00a0<a href=\"https:\/\/www.siegenia.com\/de\" target=\"_blank\" rel=\"noopener\">SIEGENIA-AUBI KG<\/a><\/p>\n","protected":false},"excerpt":{"rendered":"<p>Auf dem Platz des Unteren Schlosses in Siegen hat sie bereits die Blicke auf sich gezogen. Jetzt findet sie eine neue Heimat bei SIEGENIA: Die&#8230;<\/p>\n","protected":false},"author":6,"featured_media":25993,"comment_status":"open","ping_status":"open","sticky":false,"template":"","format":"standard","meta":{"_jetpack_memberships_contains_paid_content":false,"footnotes":""},"categories":[1,32,10],"tags":[],"class_list":["post-25991","post","type-post","status-publish","format-standard","has-post-thumbnail","hentry","category-aktuell","category-infos","category-unternehmen"],"jetpack_featured_media_url":"https:\/\/www.vdsm.net\/wronline\/wp-content\/uploads\/2021\/11\/SIE_Fliegender-Markt_2021_WEB.jpg","jetpack_sharing_enabled":true,"_links":{"self":[{"href":"https:\/\/www.vdsm.net\/wronline\/wp-json\/wp\/v2\/posts\/25991","targetHints":{"allow":["GET"]}}],"collection":[{"href":"https:\/\/www.vdsm.net\/wronline\/wp-json\/wp\/v2\/posts"}],"about":[{"href":"https:\/\/www.vdsm.net\/wronline\/wp-json\/wp\/v2\/types\/post"}],"author":[{"embeddable":true,"href":"https:\/\/www.vdsm.net\/wronline\/wp-json\/wp\/v2\/users\/6"}],"replies":[{"embeddable":true,"href":"https:\/\/www.vdsm.net\/wronline\/wp-json\/wp\/v2\/comments?post=25991"}],"version-history":[{"count":4,"href":"https:\/\/www.vdsm.net\/wronline\/wp-json\/wp\/v2\/posts\/25991\/revisions"}],"predecessor-version":[{"id":26315,"href":"https:\/\/www.vdsm.net\/wronline\/wp-json\/wp\/v2\/posts\/25991\/revisions\/26315"}],"wp:featuredmedia":[{"embeddable":true,"href":"https:\/\/www.vdsm.net\/wronline\/wp-json\/wp\/v2\/media\/25993"}],"wp:attachment":[{"href":"https:\/\/www.vdsm.net\/wronline\/wp-json\/wp\/v2\/media?parent=25991"}],"wp:term":[{"taxonomy":"category","embeddable":true,"href":"https:\/\/www.vdsm.net\/wronline\/wp-json\/wp\/v2\/categories?post=25991"},{"taxonomy":"post_tag","embeddable":true,"href":"https:\/\/www.vdsm.net\/wronline\/wp-json\/wp\/v2\/tags?post=25991"}],"curies":[{"name":"wp","href":"https:\/\/api.w.org\/{rel}","templated":true}]}}