{"id":25978,"date":"2021-11-03T11:57:54","date_gmt":"2021-11-03T10:57:54","guid":{"rendered":"https:\/\/www.vdsm.net\/wronline\/?p=25978"},"modified":"2021-11-03T11:57:54","modified_gmt":"2021-11-03T10:57:54","slug":"digitale-medizin-und-versorgungsforschung-im-laendlichen-raum","status":"publish","type":"post","link":"https:\/\/www.vdsm.net\/wronline\/digitale-medizin-und-versorgungsforschung-im-laendlichen-raum\/","title":{"rendered":"Digitale Medizin und Versorgungsforschung im l\u00e4ndlichen Raum"},"content":{"rendered":"<p>Die Universit\u00e4t Bonn und die Universit\u00e4t Siegen gr\u00fcnden eine gemeinsame zentrale wissenschaftliche Einrichtung: Unter dem Titel \u201eDigitale Medizin und Versorgungsforschung im l\u00e4ndlichen Raum\u201c (Englisch: Interdisciplinary Center for Digital Medicine and Health Services Research in Rural Areas, INDIRA) werden die beiden Hochschulen eng mit f\u00fcnf Klinikpartnern in Bonn und Siegen zusammenarbeiten. Damit ist im Modellvorhaben \u201eMedizin neu denken\u201c ein weiterer Meilenstein erreicht. Das vom Ministerium f\u00fcr Kultur und Wissenschaft (MKW) gef\u00f6rderte Projekt gestaltet die Zukunft der medizinischen Versorgung l\u00e4ndlicher R\u00e4ume unter den Vorzeichen von Demografie und Digitalisierung.<\/p>\n<p>Die neue Einrichtung ist den Rektoraten in Siegen und Bonn unterstellt und wird von der Lebenswissenschaftlichen Fakult\u00e4t der Universit\u00e4t Siegen und der Medizinischen Fakult\u00e4t der Universit\u00e4t Bonn mitgetragen. Als Klinikpartner sind das Universit\u00e4tsklinikum Bonn, das Kreisklinikum Siegen GmbH, die Diakonie in S\u00fcdwestfalen gGmbH, die Marien Gesellschaft Siegen gGmbH und die DRK Kinderklinik Siegen gGmbH beteiligt.<\/p>\n<p>INDIRA wird die gemeinsame und interdisziplin\u00e4re Forschung auf dem Gebiet der Digitalen Medizin und der Versorgungsforschung organisieren. Insbesondere sollen dabei neue Ans\u00e4tze in Lehre und Forschung entstehen, die dazu beitragen, die gesundheitliche Versorgung in der Fl\u00e4che auch in Zukunft sicherzustellen \u2013 auch im l\u00e4ndlichen Raum.<\/p>\n<p>Die Dichte der medizinische Prim\u00e4rversorgung auf dem Land wird immer geringer, w\u00e4hrend sich die spezialisierte Medizin in urbanen Zentren weiter konzentriert, der demographische Wandel beschleunigt diesen Trend. Die Digitalisierung bietet jedoch enorme Chancen, der Entwicklung entgegenzuwirken: Mit digitaler Technologie und telemedizinischen Konzepten k\u00f6nnen Leistungstr\u00e4ger vernetzt, die Allgemeinmedizin entlastet und fach\u00e4rztliche Zentren besser angeschlossen werden. Innovative Versorgungsmodelle sollen entwickelt und schneller in die Regelversorgung \u00fcbertragen, und Klinische Forschung und Versorgungsforschung besser verzahnt werden.<\/p>\n<p>Durch INDIRA sollen Studierende der Humanmedizin in Bonn und medizinnaher Studieng\u00e4nge in Siegen an typische Versorgungssituationen in einer l\u00e4ndlichen Region herangef\u00fchrt werden. Der wissenschaftliche Ansatz der Einrichtung orientiert sich an den Bed\u00fcrfnissen der Patienten und stellt statt der Technik den Menschen in den Mittelpunkt. Dabei arbeiten die beteiligten Disziplinen interdisziplin\u00e4r und ganz nah an der medizinischen Praxis.<\/p>\n<p><a href=\"https:\/\/www.vdsm.net\/wronline\/wp-content\/uploads\/2021\/11\/logo_mnd_WEB.jpg\"><img loading=\"lazy\" decoding=\"async\" class=\"alignright size-medium wp-image-25980\" src=\"https:\/\/www.vdsm.net\/wronline\/wp-content\/uploads\/2021\/11\/logo_mnd_WEB-300x300.jpg\" alt=\"\" width=\"300\" height=\"300\" srcset=\"https:\/\/www.vdsm.net\/wronline\/wp-content\/uploads\/2021\/11\/logo_mnd_WEB-300x300.jpg 300w, https:\/\/www.vdsm.net\/wronline\/wp-content\/uploads\/2021\/11\/logo_mnd_WEB-150x150.jpg 150w, https:\/\/www.vdsm.net\/wronline\/wp-content\/uploads\/2021\/11\/logo_mnd_WEB-768x768.jpg 768w, https:\/\/www.vdsm.net\/wronline\/wp-content\/uploads\/2021\/11\/logo_mnd_WEB.jpg 777w\" sizes=\"auto, (max-width: 300px) 100vw, 300px\" \/><\/a>Geleitet wird die neue Einrichtung k\u00fcnftig von einem Vorstand, in dem die Dekane der Medizinischen Fakult\u00e4t in Bonn und der Lebenswissenschaftlichen Fakult\u00e4t in Siegen als Sprecher fungieren. Unterst\u00fctzt werden sie von einer Gesch\u00e4ftsstelle mit Sitz in Siegen. F\u00fcr die Belange der Forschung und der Lehre werden jeweils Kollegialgremien mit Vertretenden aus beiden beteiligten Hochschulen gebildet. Das Studiendekanat der Medizinischen Fakult\u00e4t der Universit\u00e4t Bonn richtet zur Beratung von Studierenden eine Au\u00dfenstelle an der Universit\u00e4t Siegen ein.<\/p>\n<p>Die Rektoren der Universit\u00e4ten Bonn und Siegen, Prof. Dr. Dr. h. c. Michael Hoch und Prof. Dr. Holger Burckhart, besiegelten jetzt das Abkommen mit ihren Unterschriften. Ebenso setzten die Dekane der beteiligten Fakult\u00e4ten und die Kanzler der Universit\u00e4ten ihre Unterschriften unter den Vertrag. F\u00fcr die Klinikpartner unterzeichneten der \u00c4rztliche Direktor des Universit\u00e4tsklinikums Bonn, Prof. Dr. Dr. h.c. mult. Wolfgang Holzgreve, und die Gesch\u00e4ftsf\u00fchrer des Kreisklinikums Siegen GmbH, Ingo F\u00f6lsing, der Diakonie in S\u00fcdwestfalen gGmbH, Dr. Josef Rosenbauer, der Marien Gesellschaft Siegen gGmbH, Hans-J\u00fcrgen Winkelmann und der DRK Kinderklinik gGmbH, Carsten Jochum, weiterhin die \u00e4rztlichen Direktoren der Siegener Kliniken.<\/p>\n<p>Auch die Ministerin f\u00fcr Kultur und Wissenschaft des Landes Nordrhein-Westfalen, Isabel Pfeiffer-Poensgen, begr\u00fc\u00dft die Gr\u00fcndung der neuen Einrichtung: \u201eMit dieser Gr\u00fcndung werden die gemeinsamen Anstrengungen im Modellvorhaben &#8222;Medizin neu denken&#8220; geb\u00fcndelt, um Forschung und Lehre mit Blick auf zuk\u00fcnftige, digital unterst\u00fctzte Versorgungskonzepte f\u00fcr den l\u00e4ndlichen Raum zu erm\u00f6glichen. Es ist wichtig, dass die beiden beteiligten Universit\u00e4ten Bonn und Siegen ihre unterschiedliche Expertise einbringen, vernetzt agieren und dabei fr\u00fchzeitig die relevanten Akteure der Gesundheitsversorgung aktiv einbeziehen. So kann das Vorhaben wissenschaftlich fundiert wertvolle Erkenntnisse f\u00fcr die Gesundheitsversorgung im l\u00e4ndlichen Raum von morgen liefern.\u201c<\/p>\n<p>\u201eMedizin neu denken\u201c nimmt f\u00fcr die Medizin der Zukunft drei Handlungsfelder in den Blick. Das ist zum einen das Medizinstudium auf der Grundlage der \u00c4rztlichen Approbationsordnung an der Universit\u00e4t Bonn, das in Teilen an den Siegener Kliniken absolviert wird. Zum anderen sind neue, medizinnahe Bachelor- und Masterstudieng\u00e4nge aus den Naturwissenschaften, den Ingenieurwissenschaften sowie den Wirtschafts- und Sozialwissenschaften an der Universit\u00e4t Siegen entstanden. Hinzu kommt die \u201eDigitale Modellregion Gesundheit Dreil\u00e4ndereck\u201c, in der neue und innovative Versorgungsformen erforscht und entwickelt werden, insbesondere f\u00fcr l\u00e4ndliche Regionen mit eingeschr\u00e4nktem Zugang zum Gesundheitssystem.<\/p>\n<p>Text, Logo und Foto: <a href=\"https:\/\/www.uni-siegen.de\/\" target=\"_blank\" rel=\"noopener noreferrer\">Uni Siegen<\/a><\/p>\n","protected":false},"excerpt":{"rendered":"<p>Die Universit\u00e4t Bonn und die Universit\u00e4t Siegen gr\u00fcnden eine gemeinsame zentrale wissenschaftliche Einrichtung: Unter dem Titel \u201eDigitale Medizin und Versorgungsforschung im l\u00e4ndlichen Raum\u201c (Englisch: Interdisciplinary&#8230;<\/p>\n","protected":false},"author":6,"featured_media":25982,"comment_status":"open","ping_status":"open","sticky":false,"template":"","format":"standard","meta":{"_jetpack_memberships_contains_paid_content":false,"footnotes":""},"categories":[8,32,30],"tags":[],"class_list":["post-25978","post","type-post","status-publish","format-standard","has-post-thumbnail","hentry","category-ausbildung","category-infos","category-vermischtes"],"jetpack_featured_media_url":"https:\/\/www.vdsm.net\/wronline\/wp-content\/uploads\/2021\/11\/Uni_Zoom_Hintergrund_3-zugeschnitten_WEB.jpg","jetpack_sharing_enabled":true,"_links":{"self":[{"href":"https:\/\/www.vdsm.net\/wronline\/wp-json\/wp\/v2\/posts\/25978","targetHints":{"allow":["GET"]}}],"collection":[{"href":"https:\/\/www.vdsm.net\/wronline\/wp-json\/wp\/v2\/posts"}],"about":[{"href":"https:\/\/www.vdsm.net\/wronline\/wp-json\/wp\/v2\/types\/post"}],"author":[{"embeddable":true,"href":"https:\/\/www.vdsm.net\/wronline\/wp-json\/wp\/v2\/users\/6"}],"replies":[{"embeddable":true,"href":"https:\/\/www.vdsm.net\/wronline\/wp-json\/wp\/v2\/comments?post=25978"}],"version-history":[{"count":3,"href":"https:\/\/www.vdsm.net\/wronline\/wp-json\/wp\/v2\/posts\/25978\/revisions"}],"predecessor-version":[{"id":25983,"href":"https:\/\/www.vdsm.net\/wronline\/wp-json\/wp\/v2\/posts\/25978\/revisions\/25983"}],"wp:featuredmedia":[{"embeddable":true,"href":"https:\/\/www.vdsm.net\/wronline\/wp-json\/wp\/v2\/media\/25982"}],"wp:attachment":[{"href":"https:\/\/www.vdsm.net\/wronline\/wp-json\/wp\/v2\/media?parent=25978"}],"wp:term":[{"taxonomy":"category","embeddable":true,"href":"https:\/\/www.vdsm.net\/wronline\/wp-json\/wp\/v2\/categories?post=25978"},{"taxonomy":"post_tag","embeddable":true,"href":"https:\/\/www.vdsm.net\/wronline\/wp-json\/wp\/v2\/tags?post=25978"}],"curies":[{"name":"wp","href":"https:\/\/api.w.org\/{rel}","templated":true}]}}