{"id":25856,"date":"2021-10-26T10:36:59","date_gmt":"2021-10-26T08:36:59","guid":{"rendered":"https:\/\/www.vdsm.net\/wronline\/?p=25856"},"modified":"2021-10-26T10:36:59","modified_gmt":"2021-10-26T08:36:59","slug":"infoveranstaltungen-zum-beruflichen-wiedereinstieg-11","status":"publish","type":"post","link":"https:\/\/www.vdsm.net\/wronline\/infoveranstaltungen-zum-beruflichen-wiedereinstieg-11\/","title":{"rendered":"Infoveranstaltungen zum beruflichen Wiedereinstieg"},"content":{"rendered":"<p>Nadine El Moussaoui, Beauftragte f\u00fcr Chancengleichheit am Arbeitsmarkt der Siegener Arbeitsagentur, ber\u00e4t am 03.11.2021 in Siegen (BIZ Gruppenraum, Emilienstra\u00dfe 45, 57072 Siegen) und am 04.11.2021 in Olpe (Besprechungsraum E.11, Rochusstra\u00dfe 3, 57462)\u00a0 in der Zeit von 10:00 bis 11:00 Uhr zum erfolgreichen Wiedereinstieg nach Familien- oder Pflegezeit.<\/p>\n<p>In der Informationsveranstaltung erhalten Berufsr\u00fcckkehrerInnen das notwendige R\u00fcstzeug, sowie viele interessante Informationen und Ideen f\u00fcr die Gestaltung des eigenen beruflichen Comebacks. Nadine El Moussaoui gibt allgemeine Informationen zum regionalen Arbeitsmarkt, Tipps zur Vereinbarkeit von Familie und Beruf, Recherchem\u00f6glichkeiten f\u00fcr die eigene Stellensuche oder einen \u00dcberblick \u00fcber F\u00f6rderm\u00f6glichkeiten f\u00fcr eine berufliche Weiterbildung. \u201eDie Veranstaltung dient einer ersten eigenen Orientierung und bereitet auf ein nachfolgendes individuelles Gespr\u00e4ch in der Agentur f\u00fcr Arbeit vor, nutzen Sie die M\u00f6glichkeit\u201c l\u00e4dt sie Interessierte ein.<\/p>\n<p>Die Teilnahme an der Veranstaltung ist kostenfrei, eine vorherige Anmeldung \u00fcber <a href=\"mailto:Siegen.BCA@arbeitsagentur.de\">Siegen.BCA@arbeitsagentur.de<\/a>, oder unter 0271-2301 375 ist notwendig.<\/p>\n<p>Info: Agentur f\u00fcr Arbeit Siegen<\/p>\n","protected":false},"excerpt":{"rendered":"<p>Nadine El Moussaoui, Beauftragte f\u00fcr Chancengleichheit am Arbeitsmarkt der Siegener Arbeitsagentur, ber\u00e4t am 03.11.2021 in Siegen (BIZ Gruppenraum, Emilienstra\u00dfe 45, 57072 Siegen) und am 04.11.2021&#8230;<\/p>\n","protected":false},"author":2,"featured_media":2674,"comment_status":"open","ping_status":"open","sticky":false,"template":"","format":"standard","meta":{"_jetpack_memberships_contains_paid_content":false,"footnotes":""},"categories":[32,30,34],"tags":[],"class_list":["post-25856","post","type-post","status-publish","format-standard","has-post-thumbnail","hentry","category-infos","category-vermischtes","category-termine"],"jetpack_featured_media_url":"https:\/\/www.vdsm.net\/wronline\/wp-content\/uploads\/2015\/08\/wronline-header-arbeitsmarkt.jpg","jetpack_sharing_enabled":true,"_links":{"self":[{"href":"https:\/\/www.vdsm.net\/wronline\/wp-json\/wp\/v2\/posts\/25856","targetHints":{"allow":["GET"]}}],"collection":[{"href":"https:\/\/www.vdsm.net\/wronline\/wp-json\/wp\/v2\/posts"}],"about":[{"href":"https:\/\/www.vdsm.net\/wronline\/wp-json\/wp\/v2\/types\/post"}],"author":[{"embeddable":true,"href":"https:\/\/www.vdsm.net\/wronline\/wp-json\/wp\/v2\/users\/2"}],"replies":[{"embeddable":true,"href":"https:\/\/www.vdsm.net\/wronline\/wp-json\/wp\/v2\/comments?post=25856"}],"version-history":[{"count":1,"href":"https:\/\/www.vdsm.net\/wronline\/wp-json\/wp\/v2\/posts\/25856\/revisions"}],"predecessor-version":[{"id":25857,"href":"https:\/\/www.vdsm.net\/wronline\/wp-json\/wp\/v2\/posts\/25856\/revisions\/25857"}],"wp:featuredmedia":[{"embeddable":true,"href":"https:\/\/www.vdsm.net\/wronline\/wp-json\/wp\/v2\/media\/2674"}],"wp:attachment":[{"href":"https:\/\/www.vdsm.net\/wronline\/wp-json\/wp\/v2\/media?parent=25856"}],"wp:term":[{"taxonomy":"category","embeddable":true,"href":"https:\/\/www.vdsm.net\/wronline\/wp-json\/wp\/v2\/categories?post=25856"},{"taxonomy":"post_tag","embeddable":true,"href":"https:\/\/www.vdsm.net\/wronline\/wp-json\/wp\/v2\/tags?post=25856"}],"curies":[{"name":"wp","href":"https:\/\/api.w.org\/{rel}","templated":true}]}}