{"id":25835,"date":"2021-10-25T13:55:40","date_gmt":"2021-10-25T11:55:40","guid":{"rendered":"https:\/\/www.vdsm.net\/wronline\/?p=25835"},"modified":"2021-10-25T13:55:40","modified_gmt":"2021-10-25T11:55:40","slug":"jeder-hat-eine-chance-verdient-andre-matthey-nutze-seine","status":"publish","type":"post","link":"https:\/\/www.vdsm.net\/wronline\/jeder-hat-eine-chance-verdient-andre-matthey-nutze-seine\/","title":{"rendered":"Jeder hat eine Chance verdient \u2013 Andre Matthey nutze seine"},"content":{"rendered":"<p>Selten f\u00fchrt der Weg junger Menschen mit Handicap nach dem Besuch der F\u00f6rderschule in eine betriebliche Berufsausbildung. In vielen F\u00e4llen sind besondere F\u00f6rderungen und Erprobungen notwendig. Eine Werkstatt f\u00fcr behinderte Menschen bietet f\u00fcr Jugendliche, die aufgrund ihrer Einschr\u00e4nkungen noch nicht auf dem allgemeinen\u00a0Arbeitsmarkt\u00a0t\u00e4tig sein k\u00f6nnen, eine m\u00f6gliche berufliche Bildung.<\/p>\n<p>\u201eEine solche Einrichtung sollte auch Andre Matthey nach Ende seiner Schulzeit besuchen\u201c, berichtet Andrea Reschke-Frank, Reha-Beraterin der Agentur f\u00fcr Arbeit Siegen. Der damals 23-J\u00e4hrige hatte jedoch andere Vorstellungen. \u201eAndre wollte auf keinen Fall in die Werkstatt. Er hatte sich bereits Gedanken gemacht und wusste genau, was er wollte. \u00a0Sein Ziel war eine Ausbildung in einem Betrieb\u201c, so Reschke-Frank. Nach Gespr\u00e4chen mit seinem behandelnden Arzt und einer Begutachtung durch den Fachdienst der Arbeitsagentur, war der erste Schritt zun\u00e4chst eine Verl\u00e4ngerung der Schulzeit um ein Jahr. Diese Zeit wurde genutzt, um einen passenden Erprobungsbetrieb mit Hilfe des Integrationsfachdienstes f\u00fcr Andre zu finden. Die Aral-Tankstelle Helwig in Bad Berleburg bot diese M\u00f6glichkeit. Im Anschluss daran folgte noch eine individuelle betriebliche berufsvorbereitende Ma\u00dfnahme.<\/p>\n<p>Andre hat den Inhaber der Tankstelle in dieser Zeit von sich \u00fcberzeugt und begann im Sommer 2019 seine Ausbildung zum Fachpraktiker im Verkauf. Die Ausbildung als Fachpraktiker ist in der Theorie reduziert und hat ihren Schwerpunkt in der Praxis, schlie\u00dft aber auch mit einer Kammerpr\u00fcfung ab. W\u00e4hrend der gesamten Vorbereitung und Ausbildung wurde Andre von seinen Eltern, der Agentur f\u00fcr Arbeit, dem Berufsbildungszentrums der IHK (bbz) und dem Integrationsfachdienst begleitet und unterst\u00fctzt. Michael Gerlach, Dozent im bbz Siegen, war f\u00fcr den zus\u00e4tzlichen St\u00fctzunterricht verantwortlich. \u201eW\u00e4hrend der Ausbildung hat er die klassische Berufsschulklasse der Verk\u00e4ufer am Berufskolleg Wittgenstein besucht. Das ist schon eine besondere Herausforderung, denn er war der erste, der nach diesem Konzept in dem Berufskolleg beschult wurde. Dann kam noch die Pandemie hinzu und der Unterricht fand nur noch zuhause statt. Aber auch das haben wir gemeinsam gemeistert. Andre kann sehr stolz auf sich sein\u201c, so Gerlach.<\/p>\n<p>Im Juli hat Andre seine Ausbildung erfolgreich \u2013 sogar mit insgesamt gut -abgeschlossen und wurde von seinem Arbeitgeber \u00fcbernommen. \u201eJeder hat eine Chance verdient. Und Andre hat seine besonders genutzt. Die Ausbildung hier und der Kontakt zu Menschen hat ihn selbstbewusst gemacht. Er macht seine Arbeit sehr gut und ich vertraue ihm\u201c, freut sich sein Chef J\u00fcrgen Karl Helwig.<\/p>\n<p>Bild und Info: Agentur f\u00fcr Arbeit Siegen<\/p>\n","protected":false},"excerpt":{"rendered":"<p>Selten f\u00fchrt der Weg junger Menschen mit Handicap nach dem Besuch der F\u00f6rderschule in eine betriebliche Berufsausbildung. In vielen F\u00e4llen sind besondere F\u00f6rderungen und Erprobungen&#8230;<\/p>\n","protected":false},"author":2,"featured_media":25836,"comment_status":"open","ping_status":"open","sticky":false,"template":"","format":"standard","meta":{"_jetpack_memberships_contains_paid_content":false,"footnotes":""},"categories":[16,32],"tags":[],"class_list":["post-25835","post","type-post","status-publish","format-standard","has-post-thumbnail","hentry","category-arbeitsmarkt","category-infos"],"jetpack_featured_media_url":"https:\/\/www.vdsm.net\/wronline\/wp-content\/uploads\/2021\/10\/Presseinfo_30_2021_Fachprak.jpg","jetpack_sharing_enabled":true,"_links":{"self":[{"href":"https:\/\/www.vdsm.net\/wronline\/wp-json\/wp\/v2\/posts\/25835","targetHints":{"allow":["GET"]}}],"collection":[{"href":"https:\/\/www.vdsm.net\/wronline\/wp-json\/wp\/v2\/posts"}],"about":[{"href":"https:\/\/www.vdsm.net\/wronline\/wp-json\/wp\/v2\/types\/post"}],"author":[{"embeddable":true,"href":"https:\/\/www.vdsm.net\/wronline\/wp-json\/wp\/v2\/users\/2"}],"replies":[{"embeddable":true,"href":"https:\/\/www.vdsm.net\/wronline\/wp-json\/wp\/v2\/comments?post=25835"}],"version-history":[{"count":1,"href":"https:\/\/www.vdsm.net\/wronline\/wp-json\/wp\/v2\/posts\/25835\/revisions"}],"predecessor-version":[{"id":25837,"href":"https:\/\/www.vdsm.net\/wronline\/wp-json\/wp\/v2\/posts\/25835\/revisions\/25837"}],"wp:featuredmedia":[{"embeddable":true,"href":"https:\/\/www.vdsm.net\/wronline\/wp-json\/wp\/v2\/media\/25836"}],"wp:attachment":[{"href":"https:\/\/www.vdsm.net\/wronline\/wp-json\/wp\/v2\/media?parent=25835"}],"wp:term":[{"taxonomy":"category","embeddable":true,"href":"https:\/\/www.vdsm.net\/wronline\/wp-json\/wp\/v2\/categories?post=25835"},{"taxonomy":"post_tag","embeddable":true,"href":"https:\/\/www.vdsm.net\/wronline\/wp-json\/wp\/v2\/tags?post=25835"}],"curies":[{"name":"wp","href":"https:\/\/api.w.org\/{rel}","templated":true}]}}