{"id":2564,"date":"2015-07-06T08:29:55","date_gmt":"2015-07-06T06:29:55","guid":{"rendered":"http:\/\/www.vdsm.net\/wronline\/?p=2564"},"modified":"2015-07-06T08:31:16","modified_gmt":"2015-07-06T06:31:16","slug":"gelungenes-finale-der-westfalenyoungstars","status":"publish","type":"post","link":"https:\/\/www.vdsm.net\/wronline\/gelungenes-finale-der-westfalenyoungstars\/","title":{"rendered":"Gelungenes Finale der WestfalenYoungStars"},"content":{"rendered":"<p>Nach der gegl\u00fcckten Premiere im Vorjahr in Iserlohn war auch die zweite Auflage der \u201eWestfalenYoungStars\u201c ein tolles Erlebnis f\u00fcr die jungen Sportlerinnen und Sportler aus den Grundschulen des Regierungsbezirks Arnsberg. Austragungsort des gro\u00dfen Finales war diesmal die Maria-Sibylla-Merian-Gesamtschule in Bochum \u2013 als Teil des NRW-Sportschulverbundes mit dem Hellweg-Gymnasium, dem M\u00e4rkischen Gymnasium und der Pestalozzi-Realschule. 720 Kinder lieferten sich spannende Wettbewerbe \u2013 und hatten ebenso wie die vielen G\u00e4ste und mitgereisten \u201eFans\u201c eine Menge Spa\u00df beim bunten Rahmenprogramm.<\/p>\n<p>Neben Ute Sch\u00e4fer, Ministerin f\u00fcr Jugend, Kultur und Sport, war erneut Regierungspr\u00e4sident Dr. Gerd Bollermann Schirmherr der Veranstaltung. \u201eMit diesem Sportevent wollen wir Gesundheit und Bewegung in der Primarstufe f\u00f6rdern, Anst\u00f6\u00dfe zur weiteren Qualit\u00e4tsverbesserung des Sportunterrichtes geben und die Vernetzung zwischen den Schulen und den \u00f6rtlichen Sportvereinen intensivieren. Nicht zuletzt dient der Wettbewerb auch der Talentsichtung. Mein Eindruck ist: All das ist auch bei der zweiten Auflage des Events ganz hervorragend gelungen\u201c, zeigte\u00a0 sich der Regierungspr\u00e4sident angetan, nachdem er die Veranstaltung besucht und die Siegerehrung vorgenommen hatte \u2013 zusammen mit Susanne Blasberg-Bense, der Leiterin der Schulabteilung der Bezirksregierung Arnsberg, und Hauptdezernentin Mady Fehrmann.<\/p>\n<p>In den Sportarten Leichtathletik, Schwimmen, Turnen und Fu\u00dfball hatten am Mittwoch, 17.06., 720 Grundsch\u00fcler\/innen aus 401 Teilnehmerschulen im Regierungsbezirk um die ersten Pl\u00e4tze gek\u00e4mpft (Siegerliste: siehe Anhang). F\u00fcr die Finalrunde hatten sich die Nachwuchssportler aus den dritten und vierten Klassen in lokalen Vorentscheiden qualifiziert \u2013 mit Siegern aus jeder Stadt bzw. jedem Kreis pro Sportart.<\/p>\n<p>Das Land Nordrhein-Westfalen als Veranstalter setzt bei den \u201eWestfalenYoungStars\u201c auf die Kooperation mit den Sportverb\u00e4nden. Mit an Bord waren der Schwimmverband NRW (SV NRW), der Westf\u00e4lische Turnerbund (WTB) sowie die Abteilungen Fu\u00dfball und Leichtathletik des Fu\u00dfball- und Leichtathletikverbandes Westfalen (FLVW). Seitens der Bezirksregierung Arnsberg, die die Veranstaltung organisiert, war Dr. Rainer Fiesel aus der Schulabteilung federf\u00fchrend.<\/p>\n<div id=\"attachment_2566\" style=\"width: 310px\" class=\"wp-caption alignleft\"><a href=\"http:\/\/www.vdsm.net\/wronline\/wp-content\/uploads\/2015\/07\/westfalen-youngsters1.jpg\"><img loading=\"lazy\" decoding=\"async\" aria-describedby=\"caption-attachment-2566\" class=\"size-medium wp-image-2566\" src=\"http:\/\/www.vdsm.net\/wronline\/wp-content\/uploads\/2015\/07\/westfalen-youngsters1-300x200.jpg\" alt=\"Dr. Thorsten Doublet, Gesch\u00e4ftsf\u00fchrer der Arbeitgeberverb\u00e4nde Siegen-Wittgenstein, zeichnete die jungen Sportler ebenfalls aus.\" width=\"300\" height=\"200\" srcset=\"https:\/\/www.vdsm.net\/wronline\/wp-content\/uploads\/2015\/07\/westfalen-youngsters1-300x200.jpg 300w, https:\/\/www.vdsm.net\/wronline\/wp-content\/uploads\/2015\/07\/westfalen-youngsters1.jpg 600w\" sizes=\"auto, (max-width: 300px) 100vw, 300px\" \/><\/a><p id=\"caption-attachment-2566\" class=\"wp-caption-text\">Dr. Thorsten Doublet, Gesch\u00e4ftsf\u00fchrer der Arbeitgeberverb\u00e4nde Siegen-Wittgenstein, zeichnete die jungen Sportler ebenfalls aus.<\/p><\/div>\n<p>Als Unterst\u00fctzer und Sponsoren der \u201eWestfalenYoungStars\u201c beteiligen sich zudem die Arbeitgeberverb\u00e4nde der Region, namentlich: die Arbeitgeberverb\u00e4nde Ruhr\/Westfalen, die Arbeitgeberverb\u00e4nde Siegen-Wittgenstein, die Unternehmensverb\u00e4nde f\u00fcr Dortmund und Umgebung, die Arbeitgeberverb\u00e4nde Olpe, der Unternehmensverband Westfalen Mitte, der M\u00e4rkische Arbeitgeberverband und der Arbeitgeberverband der Metall- und Elektroindustrie L\u00fcdenscheid. \u201eUnser Dank gilt den Verb\u00e4nden f\u00fcr die Kooperation, insbesondere aber auch den Sponsoren aus der Wirtschaft. Nur durch diese Unterst\u00fctzung ist ein Sportevent in dieser Gr\u00f6\u00dfenordnung machbar\u201c, betonte Regierungspr\u00e4sident Gerd Bollermann.<\/p>\n","protected":false},"excerpt":{"rendered":"<p>Nach der gegl\u00fcckten Premiere im Vorjahr in Iserlohn war auch die zweite Auflage der \u201eWestfalenYoungStars\u201c ein tolles Erlebnis f\u00fcr die jungen Sportlerinnen und Sportler aus&#8230;<\/p>\n","protected":false},"author":2,"featured_media":2565,"comment_status":"open","ping_status":"open","sticky":false,"template":"","format":"standard","meta":{"_jetpack_memberships_contains_paid_content":false,"footnotes":""},"categories":[1,8],"tags":[],"class_list":["post-2564","post","type-post","status-publish","format-standard","has-post-thumbnail","hentry","category-aktuell","category-ausbildung"],"jetpack_featured_media_url":"https:\/\/www.vdsm.net\/wronline\/wp-content\/uploads\/2015\/07\/westfalen-youngsters5.jpg","jetpack_sharing_enabled":true,"_links":{"self":[{"href":"https:\/\/www.vdsm.net\/wronline\/wp-json\/wp\/v2\/posts\/2564","targetHints":{"allow":["GET"]}}],"collection":[{"href":"https:\/\/www.vdsm.net\/wronline\/wp-json\/wp\/v2\/posts"}],"about":[{"href":"https:\/\/www.vdsm.net\/wronline\/wp-json\/wp\/v2\/types\/post"}],"author":[{"embeddable":true,"href":"https:\/\/www.vdsm.net\/wronline\/wp-json\/wp\/v2\/users\/2"}],"replies":[{"embeddable":true,"href":"https:\/\/www.vdsm.net\/wronline\/wp-json\/wp\/v2\/comments?post=2564"}],"version-history":[{"count":2,"href":"https:\/\/www.vdsm.net\/wronline\/wp-json\/wp\/v2\/posts\/2564\/revisions"}],"predecessor-version":[{"id":2568,"href":"https:\/\/www.vdsm.net\/wronline\/wp-json\/wp\/v2\/posts\/2564\/revisions\/2568"}],"wp:featuredmedia":[{"embeddable":true,"href":"https:\/\/www.vdsm.net\/wronline\/wp-json\/wp\/v2\/media\/2565"}],"wp:attachment":[{"href":"https:\/\/www.vdsm.net\/wronline\/wp-json\/wp\/v2\/media?parent=2564"}],"wp:term":[{"taxonomy":"category","embeddable":true,"href":"https:\/\/www.vdsm.net\/wronline\/wp-json\/wp\/v2\/categories?post=2564"},{"taxonomy":"post_tag","embeddable":true,"href":"https:\/\/www.vdsm.net\/wronline\/wp-json\/wp\/v2\/tags?post=2564"}],"curies":[{"name":"wp","href":"https:\/\/api.w.org\/{rel}","templated":true}]}}