{"id":25516,"date":"2021-09-27T08:36:57","date_gmt":"2021-09-27T06:36:57","guid":{"rendered":"https:\/\/www.vdsm.net\/wronline\/?p=25516"},"modified":"2021-09-27T08:36:57","modified_gmt":"2021-09-27T06:36:57","slug":"gewerbe-und-industriebetriebe-in-freudenberg-mit-schnellen-datenleitungen","status":"publish","type":"post","link":"https:\/\/www.vdsm.net\/wronline\/gewerbe-und-industriebetriebe-in-freudenberg-mit-schnellen-datenleitungen\/","title":{"rendered":"Gewerbe- und Industriebetriebe in Freudenberg mit schnellen Datenleitungen"},"content":{"rendered":"<p>In Freudenberg ist der Breitbandausbau aus dem aktuellen F\u00f6rderverfahren technisch abgeschlossen. Im Auftrag des\u00a0Kreises Siegen-Wittgenstein\u00a0hat die\u00a0Westenergie Breitband GmbH\u00a0(vormals innogy) in den vergangenen drei Jahren die\u00a0Glasfaserinfrastruktur\u00a0f\u00fcr schnelles Internet errichtet. Dabei wurden Haushalte, Industrie- und Gewerbebetriebe ans schnelle Netz angeschlossen, darunter auch Schulen.<\/p>\n<div>\n<div>\n<div><\/div>\n<\/div>\n<\/div>\n<p>Der\u00a0Ausbau des Breitbandnetzes\u00a0ist ein gemeinsames Projekt des Kreises Siegen-Wittgenstein, des Tr\u00e4gers des Bundesf\u00f6rderprogramms\u00a0ateneKOM, des\u00a0Landes NRW\u00a0und von\u00a0Westenergie. Start des Projekts war im April 2018. Anl\u00e4sslich der\u00a0Fertigstellung des Breitbandnetzes in Freudenberg\u00a0kamen\u00a0Landrat Andreas M\u00fcller\u00a0sowie\u00a0B\u00fcrgermeisterin Nicole Reschke\u00a0mit Vertretern von Westenergie und Westnetz zusammen, um das schnelle Netz symbolisch in Betrieb zu nehmen.<\/p>\n<p>Landrat M\u00fcller erkl\u00e4rte: \u201eMit dem Projektabschluss in Freudenberg ist ein weiterer\u00a0wichtiger Meilenstein\u00a0in der Entwicklung der Region zu einem modernen und digitalen Wirtschaftsstandort gelegt. Eine zukunftsf\u00e4hige Breitbandversorgung ist heutzutage unverzichtbar f\u00fcr die weitere Entwicklung der Kommunen und ein wichtiger Standortfaktor f\u00fcr die Wohn-, Schul- und Gewerbestandorte.\u201c B\u00fcrgermeisterin Nicole Reschke hob hervor, dass hohe \u00dcbertragungsgeschwindigkeiten geschaffen werden konnten, und erg\u00e4nzte: \u201eEs freut uns besonders, dass neben den Gewerbestandorten auch zahlreichen Privatkunden\u00a0gigabitf\u00e4hige Anschl\u00fcsse\u00a0zur Verf\u00fcgung stehen. Gerade in Zeiten der Corona-Krise ist zudem schnelles Internet immer wichtiger, da immer mehr B\u00fcrger im Homeoffice t\u00e4tig sind.\u201c<\/p>\n<p>\u201eWie Computer und Fernseher diese Kommunikation erreichen, h\u00e4ngt vom jeweiligen Vertrag der Nutzer ab \u2013 technisch sind alle Voraussetzungen erf\u00fcllt,\u201c erl\u00e4uterte\u00a0Projektleiter Philipp St\u00f6ber von Westnetz\u00a0und f\u00fcgte hinzu: \u201eDie Kunden k\u00f6nnen dabei aus Angeboten verschiedener Produktanbieter ausw\u00e4hlen, in Abh\u00e4ngigkeit der eventuell noch bestehenden Vertr\u00e4ge. Um die Glasfaserinfrastruktur bis in Haus nutzen zu k\u00f6nnen, ist ein Neuvertrag notwendig.\u201c In Freudenberg wurde haupts\u00e4chlich ein\u00a0FTTC-Breitbandausbau (Fiber-To-The-Curb, Glasfaser bis zum Bordstein) durchgef\u00fchrt, um damit \u00dcbertragungsraten von mindestens 50 Megabit pro Sekunde im Download sicher zu stellen. In einigen Ortsteilen konnte sogar ein\u00a0FTTH-Ausbau\u00a0(\u201eFibre-To-The-Home\u201d, Glasfaser bis ins Haus) vorgenommen werden, wie zum Beispiel in Lindenberg. Hier war zu Beginn ein FTTC-Ausbau vorgesehen. Da seitens Westnetz zeitgleich die Strom-Hausanschl\u00fcsse als Erdkabel ausgef\u00fchrt wurden, konnten hier gleichzeitig Glasfaser-Hausanschl\u00fcsse mitgelegt werden. Als letztes Teilprojekt konnte nun das\u00a0Wohngebiet am Plittershagener\u00a0Berg abgeschlossen werden.<\/p>\n<p>In den Breitbandausbau in Siegen-Wittgenstein wurden insgesamt\u00a020,5 Mio. Euro investiert. Der Bund, das Land NRW und die Kommunen f\u00f6rderten dies gemeinsam mit \u00fcber 5 Mio. Euro. Westenergie selbst investierte in Freudenberg rund 4 Millionen Euro. Das Projekt wurde von Mitarbeitern der Westnetz aus der Region geplant und umgesetzt. \u201eWir freuen uns, dass wir gemeinsam mit den Kreis Siegen-Wittgenstein und den St\u00e4dten und Gemeinden unsere Region in Sachen Internet schneller machen konnten. Auch nach diesem F\u00f6rderprojekt werden wir dabei unterst\u00fctzen\u201c, sagte\u00a0Achim Loos, Kommunalmanager Westenergie.<\/p>\n<p>Bild und Info: <a href=\"https:\/\/www.siegen-wittgenstein.de\/\" target=\"_blank\" rel=\"noopener\">Kreis Siegen-Wittgenstein<\/a><\/p>\n","protected":false},"excerpt":{"rendered":"<p>In Freudenberg ist der Breitbandausbau aus dem aktuellen F\u00f6rderverfahren technisch abgeschlossen. Im Auftrag des\u00a0Kreises Siegen-Wittgenstein\u00a0hat die\u00a0Westenergie Breitband GmbH\u00a0(vormals innogy) in den vergangenen drei Jahren die\u00a0Glasfaserinfrastruktur\u00a0f\u00fcr&#8230;<\/p>\n","protected":false},"author":2,"featured_media":25517,"comment_status":"open","ping_status":"open","sticky":false,"template":"","format":"standard","meta":{"_jetpack_memberships_contains_paid_content":false,"footnotes":""},"categories":[32,30,11],"tags":[],"class_list":["post-25516","post","type-post","status-publish","format-standard","has-post-thumbnail","hentry","category-infos","category-vermischtes","category-regionale-wirtschaft"],"jetpack_featured_media_url":"https:\/\/www.vdsm.net\/wronline\/wp-content\/uploads\/2021\/09\/3415_1704_1_g.jpg","jetpack_sharing_enabled":true,"_links":{"self":[{"href":"https:\/\/www.vdsm.net\/wronline\/wp-json\/wp\/v2\/posts\/25516","targetHints":{"allow":["GET"]}}],"collection":[{"href":"https:\/\/www.vdsm.net\/wronline\/wp-json\/wp\/v2\/posts"}],"about":[{"href":"https:\/\/www.vdsm.net\/wronline\/wp-json\/wp\/v2\/types\/post"}],"author":[{"embeddable":true,"href":"https:\/\/www.vdsm.net\/wronline\/wp-json\/wp\/v2\/users\/2"}],"replies":[{"embeddable":true,"href":"https:\/\/www.vdsm.net\/wronline\/wp-json\/wp\/v2\/comments?post=25516"}],"version-history":[{"count":1,"href":"https:\/\/www.vdsm.net\/wronline\/wp-json\/wp\/v2\/posts\/25516\/revisions"}],"predecessor-version":[{"id":25518,"href":"https:\/\/www.vdsm.net\/wronline\/wp-json\/wp\/v2\/posts\/25516\/revisions\/25518"}],"wp:featuredmedia":[{"embeddable":true,"href":"https:\/\/www.vdsm.net\/wronline\/wp-json\/wp\/v2\/media\/25517"}],"wp:attachment":[{"href":"https:\/\/www.vdsm.net\/wronline\/wp-json\/wp\/v2\/media?parent=25516"}],"wp:term":[{"taxonomy":"category","embeddable":true,"href":"https:\/\/www.vdsm.net\/wronline\/wp-json\/wp\/v2\/categories?post=25516"},{"taxonomy":"post_tag","embeddable":true,"href":"https:\/\/www.vdsm.net\/wronline\/wp-json\/wp\/v2\/tags?post=25516"}],"curies":[{"name":"wp","href":"https:\/\/api.w.org\/{rel}","templated":true}]}}