{"id":25431,"date":"2021-09-21T15:26:21","date_gmt":"2021-09-21T13:26:21","guid":{"rendered":"https:\/\/www.vdsm.net\/wronline\/?p=25431"},"modified":"2021-09-21T15:26:21","modified_gmt":"2021-09-21T13:26:21","slug":"auftakt-der-zukunftsdialoge-wie-wollen-wir-kuenftig-wohnen-und-arbeiten","status":"publish","type":"post","link":"https:\/\/www.vdsm.net\/wronline\/auftakt-der-zukunftsdialoge-wie-wollen-wir-kuenftig-wohnen-und-arbeiten\/","title":{"rendered":"Auftakt der Zukunftsdialoge: Wie wollen wir k\u00fcnftig wohnen und arbeiten?\u201c"},"content":{"rendered":"<p>Wie sieht der Wohnungsmarkt in S\u00fcdwestfalen aus? Welche Herausforderungen und Trends zeichnen sich ab? Wo werden in S\u00fcdwestfalen bereits neue Ans\u00e4tze erprobt und wie sehen sie aus? Um diese Fragen geht es beim ersten Zukunftsdialog des Denkraums \u201eWohnen und Arbeiten\u201c in S\u00fcdwestfalen. Die zweist\u00fcndige Online-Veranstaltung am 30. September setzt auf viel Input und noch mehr Raum zum Diskutieren. Anmeldungen sind kostenlos.<\/p>\n<p>Um vertieft \u00fcber das Thema \u201eWohnen und Arbeiten der Zukunft\u201c zu sprechen, haben die S\u00fcdwestfalen Agentur und die s\u00fcdwestf\u00e4lischen Volksbanken im Rahmen der REGIONALE 2025 einen Denkraum ins Leben gerufen. Experten\/innen aus der Region befassen sich mit neuen Entwicklungen, diskutieren und entwickeln neue Ans\u00e4tze. Mindestens so wichtig sind die dazugeh\u00f6rigen, \u00f6ffentlichen Zukunftsdialoge. Am 30. September findet nun der erste Dialog online via Zoom statt.<\/p>\n<p>\u201e<strong>Arbeiten und Wohnen verschwimmt\u201c<\/strong><\/p>\n<p>Zwar gibt es in den St\u00e4dten und Gemeinden immer noch eine hohe Nachfrage nach Einfamilienh\u00e4usern und Mietwohnungen. Aber nicht alle Menschen f\u00fchlen sich von dieser Wohnform angesprochen. \u201eDigitalarbeitende und jene, die ortsunabh\u00e4ngig arbeiten k\u00f6nnen, brauchen unter Umst\u00e4nden andere Angebote. Arbeiten und Wohnen verschwimmt zunehmend. Das merken Kommunen und Unternehmen gleicherma\u00dfen. Die Pandemie hat diesen Effekt noch einmal verst\u00e4rkt. Hinzu kommen Ver\u00e4nderungen durch den demografischen Wandel\u201c, sagen Dr. Stephanie Arens, Leiterin der REGIONALE 2025 S\u00fcdwestfalen und Hubertus Winterberg, Gesch\u00e4ftsf\u00fchrer der S\u00fcdwestfalen Agentur.<\/p>\n<p>Zum Auftakt wird es im ersten Zukunftsdialog um verschiedene Facetten des Wohnungsmarkts gehen: Das Institut f\u00fcr Wohnungswesen, Immobilienwirtschaft, Stadt- und Regionalentwicklung (InWIS) aus Bochum hat sich mit der Situation in S\u00fcdwestfalen besch\u00e4ftigt, Nachfrage und Angebote in der Region verglichen und Herausforderungen f\u00fcr Akteure herausgearbeitet. Auch \u00fcber aktuelle Trends und Themen auf dem Wohnungsmarkt wie Homeoffice oder tempor\u00e4re Wohnsitze informiert das InWIS beim Zukunftsdialog. Vertreter\/innen der St\u00e4dte Arnsberg und Olpe sprechen \u00fcber L\u00f6sungsans\u00e4tze in ihren Kommunen und regen zu Diskussionen an. Oliver Drenkard von der Meinerzhagener Baugesellschaft stellt neue Projekte f\u00fcr Wohnen und Arbeiten auf Zeit vor.<\/p>\n<p>Der zweist\u00fcndige Zukunftsdialog soll jedoch keine Vortragsveranstaltung werden. Das verbietet alleine der Name. Teilnehmende sind ausdr\u00fccklich aufgerufen, sich zu beteiligen und mitzudiskutieren. Moderatorin des Zukunftsdialogs ist Prof. Dr. Ursula Stein. Die Stadt- und Regionalplanerin begleitet die REGIONALE in S\u00fcdwestfalen seit vielen Jahren und ist auch Mitglied des Fachbeirats \u201eDigitale Region menschlich gestalten\u201c der REGIONALE 2025.<\/p>\n<p>Interessierte B\u00fcger\/innen, Vertreter\/innen aus Kommunen und alle, die Wohnraum planen und umsetzen, sind herzlich eingeladen, am ersten Zukunftsdialog teilzunehmen. Die Veranstaltung am Donnerstag, 30. September, von 17 bis 19 Uhr ist kostenlos. Anmelden kann man sich unter <a href=\"https:\/\/234847.seu2.cleverreach.com\/c\/63008390\/9cddca0343f-qzscy5\" target=\"_blank\" rel=\"noopener\">www.suedwestfalen-agentur.com\/wohnen<\/a>.<\/p>\n<p>Bild und Info: <a href=\"https:\/\/www.suedwestfalen-agentur.com\/\" target=\"_blank\" rel=\"noopener\">S\u00fcdwestfalen Agentur<\/a><\/p>\n","protected":false},"excerpt":{"rendered":"<p>Wie sieht der Wohnungsmarkt in S\u00fcdwestfalen aus? Welche Herausforderungen und Trends zeichnen sich ab? Wo werden in S\u00fcdwestfalen bereits neue Ans\u00e4tze erprobt und wie sehen&#8230;<\/p>\n","protected":false},"author":2,"featured_media":25432,"comment_status":"open","ping_status":"open","sticky":false,"template":"","format":"standard","meta":{"_jetpack_memberships_contains_paid_content":false,"footnotes":""},"categories":[32,30,34],"tags":[],"class_list":["post-25431","post","type-post","status-publish","format-standard","has-post-thumbnail","hentry","category-infos","category-vermischtes","category-termine"],"jetpack_featured_media_url":"https:\/\/www.vdsm.net\/wronline\/wp-content\/uploads\/2021\/09\/Grafik_Zukunftsdialoge_Down.jpg","jetpack_sharing_enabled":true,"_links":{"self":[{"href":"https:\/\/www.vdsm.net\/wronline\/wp-json\/wp\/v2\/posts\/25431","targetHints":{"allow":["GET"]}}],"collection":[{"href":"https:\/\/www.vdsm.net\/wronline\/wp-json\/wp\/v2\/posts"}],"about":[{"href":"https:\/\/www.vdsm.net\/wronline\/wp-json\/wp\/v2\/types\/post"}],"author":[{"embeddable":true,"href":"https:\/\/www.vdsm.net\/wronline\/wp-json\/wp\/v2\/users\/2"}],"replies":[{"embeddable":true,"href":"https:\/\/www.vdsm.net\/wronline\/wp-json\/wp\/v2\/comments?post=25431"}],"version-history":[{"count":1,"href":"https:\/\/www.vdsm.net\/wronline\/wp-json\/wp\/v2\/posts\/25431\/revisions"}],"predecessor-version":[{"id":25433,"href":"https:\/\/www.vdsm.net\/wronline\/wp-json\/wp\/v2\/posts\/25431\/revisions\/25433"}],"wp:featuredmedia":[{"embeddable":true,"href":"https:\/\/www.vdsm.net\/wronline\/wp-json\/wp\/v2\/media\/25432"}],"wp:attachment":[{"href":"https:\/\/www.vdsm.net\/wronline\/wp-json\/wp\/v2\/media?parent=25431"}],"wp:term":[{"taxonomy":"category","embeddable":true,"href":"https:\/\/www.vdsm.net\/wronline\/wp-json\/wp\/v2\/categories?post=25431"},{"taxonomy":"post_tag","embeddable":true,"href":"https:\/\/www.vdsm.net\/wronline\/wp-json\/wp\/v2\/tags?post=25431"}],"curies":[{"name":"wp","href":"https:\/\/api.w.org\/{rel}","templated":true}]}}