{"id":25311,"date":"2021-09-10T11:17:08","date_gmt":"2021-09-10T09:17:08","guid":{"rendered":"https:\/\/www.vdsm.net\/wronline\/?p=25311"},"modified":"2021-09-10T11:17:08","modified_gmt":"2021-09-10T09:17:08","slug":"unternehmen-testen-kostenfrei-elektro-hybrid-oder-wasserstoff-fahrzeuge","status":"publish","type":"post","link":"https:\/\/www.vdsm.net\/wronline\/unternehmen-testen-kostenfrei-elektro-hybrid-oder-wasserstoff-fahrzeuge\/","title":{"rendered":"Unternehmen testen kostenfrei Elektro-, Hybrid- oder Wasserstoff-Fahrzeuge"},"content":{"rendered":"<p>Steigende Energiekosten, Umweltbestimmungen sowie die Vermeidung von CO<sub>2<\/sub>-Emissionen sind oft die Ausl\u00f6ser, Mobilit\u00e4tsstrukturen zu \u00fcberdenken. Viele Unternehmen stellen mittlerweile konkrete \u00dcberlegungen an, den eigenen Fuhrpark umzustellen. Hierbei treten mitunter etliche Fragen auf. Um sich selbst einen Eindruck davon zu verschaffen, wie tauglich E-Mobilit\u00e4t ist, k\u00f6nnen zahlreiche Elektro-, Hybrid- oder auch Wasserstoff-Fahrzeuge von Unternehmen und Mitarbeitern w\u00e4hrend der Europ\u00e4ischen Mobilit\u00e4tswoche vom 16. bis 22. September getestet werden.<\/p>\n<p>Die beteiligten Kfz-H\u00e4ndler der Automarken Audi, BMW, Citro\u00ebn, Dacia, Ford, Hyundai, Mazda, Mercedes Benz, Land Rover, Mini, Peugeot, Seat, Skoda, Subaru, Suzuki, Toyota und Volkswagen stellen ihre Fahrzeuge zur Verf\u00fcgung. Das Angebot schlie\u00dft die unterschiedlichsten Kfz-Modelle vom Elektro-Kleinwagen \u00fcber E-Nutzfahrzeuge bis hin zur E-Oberklasse ein, sodass jedes Unternehmen oder jeder Dienstleister ein f\u00fcr sich passendes Auto im betrieblichen Einsatz testen kann. Die H\u00e4ndler und Ansprechpartner sind unter <a href=\"https:\/\/www.ihk-siegen.de\/mobilitaet\/\" target=\"_blank\" rel=\"noopener\">ihk-siegen.de\/mobilitaet\/<\/a> zu finden. Die vertragliche Regelung zur Kfz-Nutzung obliegt dabei den H\u00e4ndlern.<\/p>\n<p>W\u00e4hrend der Mobilit\u00e4tswoche bietet die IHK Siegen kostenfreie Webinare zu Elektromobilit\u00e4t, Lades\u00e4uleninfrastruktur und F\u00f6rderungsm\u00f6glichkeit an:<\/p>\n<p>\u00b7 22.09.2021, 10:00 &#8211; 11:30 Uhr, \u201eAllgemeines zum Thema E-Mobilit\u00e4t und F\u00f6rderung\u201c, Referent Ewald Sch\u00e4fer, Die Elektromobilit\u00e4tsf\u00f6rderer, Wuppertal. Anmeldung: <a href=\"https:\/\/events.ihk-siegen.de\/termine\/832\/\" target=\"_blank\" rel=\"noopener\">https:\/\/events.ihk-siegen.de\/termine\/832\/<\/a><\/p>\n<p>\u00b7 24.09.2021, 10:00 &#8211; 11:30 Uhr, \u201eKlimafreundlich und g\u00fcnstig Laden mit Photovoltaik\u201c, Referent R\u00fcdiger Brechler, Die Elektromobilit\u00e4tsf\u00f6rderer, Wuppertal. Anmeldung: <a href=\"https:\/\/events.ihk-siegen.de\/termine\/833\/\" target=\"_blank\" rel=\"noopener\">https:\/\/events.ihk-siegen.de\/termine\/833\/<\/a><\/p>\n<p>\u00b7 30.09.2021, 14:00 &#8211; 15:30 Uhr, \u201eLadeinfrastruktur und F\u00f6rderung bei kleinen und mittelst\u00e4ndischen Unternehmen\u201c, Referent Eckhard Wiese, MENNEKES Elektrotechnik, Kirchhundem. Anmeldung: <a href=\"https:\/\/events.ihk-siegen.de\/termine\/834\/\" target=\"_blank\" rel=\"noopener\">https:\/\/events.ihk-siegen.de\/termine\/834\/<\/a><\/p>\n<p>Weitere Informationen<strong>: <\/strong>Meike Menn, 0271 3302-319, <a href=\"mailto:meike.menn@siegen.ihk.de\">meike.menn@siegen.ihk.de<\/a><\/p>\n<p><u>Hintergrund:<\/u><br \/>\nDie \u201eEurop\u00e4ische Mobilit\u00e4tswoche\u201c findet vom 16. bis zum 22.09.2021 statt. Die Kampagne der Europ\u00e4ischen Kommission bietet die perfekte M\u00f6glichkeit, die komplette Bandbreite nachhaltiger Mobilit\u00e4t erlebbar zu machen. Jedes Jahr werden im Rahmen der \u201eEurop\u00e4ischen Mobilit\u00e4tswoche\u201c innovative Verkehrsl\u00f6sungen ausprobiert oder es wird mit kreativen Ideen f\u00fcr eine nachhaltige Mobilit\u00e4t in den Kommunen geworben.<\/p>\n<p>Text: <a href=\"https:\/\/www.ihk-siegen.de\/\" target=\"_blank\" rel=\"noopener\">IHK Siegen<\/a><\/p>\n","protected":false},"excerpt":{"rendered":"<p>Steigende Energiekosten, Umweltbestimmungen sowie die Vermeidung von CO2-Emissionen sind oft die Ausl\u00f6ser, Mobilit\u00e4tsstrukturen zu \u00fcberdenken. Viele Unternehmen stellen mittlerweile konkrete \u00dcberlegungen an, den eigenen Fuhrpark&#8230;<\/p>\n","protected":false},"author":6,"featured_media":4018,"comment_status":"open","ping_status":"open","sticky":false,"template":"","format":"standard","meta":{"_jetpack_memberships_contains_paid_content":false,"footnotes":""},"categories":[32,30,34,11],"tags":[],"class_list":["post-25311","post","type-post","status-publish","format-standard","has-post-thumbnail","hentry","category-infos","category-vermischtes","category-termine","category-regionale-wirtschaft"],"jetpack_featured_media_url":"https:\/\/www.vdsm.net\/wronline\/wp-content\/uploads\/2016\/06\/wronline-ihk.jpg","jetpack_sharing_enabled":true,"_links":{"self":[{"href":"https:\/\/www.vdsm.net\/wronline\/wp-json\/wp\/v2\/posts\/25311","targetHints":{"allow":["GET"]}}],"collection":[{"href":"https:\/\/www.vdsm.net\/wronline\/wp-json\/wp\/v2\/posts"}],"about":[{"href":"https:\/\/www.vdsm.net\/wronline\/wp-json\/wp\/v2\/types\/post"}],"author":[{"embeddable":true,"href":"https:\/\/www.vdsm.net\/wronline\/wp-json\/wp\/v2\/users\/6"}],"replies":[{"embeddable":true,"href":"https:\/\/www.vdsm.net\/wronline\/wp-json\/wp\/v2\/comments?post=25311"}],"version-history":[{"count":2,"href":"https:\/\/www.vdsm.net\/wronline\/wp-json\/wp\/v2\/posts\/25311\/revisions"}],"predecessor-version":[{"id":25313,"href":"https:\/\/www.vdsm.net\/wronline\/wp-json\/wp\/v2\/posts\/25311\/revisions\/25313"}],"wp:featuredmedia":[{"embeddable":true,"href":"https:\/\/www.vdsm.net\/wronline\/wp-json\/wp\/v2\/media\/4018"}],"wp:attachment":[{"href":"https:\/\/www.vdsm.net\/wronline\/wp-json\/wp\/v2\/media?parent=25311"}],"wp:term":[{"taxonomy":"category","embeddable":true,"href":"https:\/\/www.vdsm.net\/wronline\/wp-json\/wp\/v2\/categories?post=25311"},{"taxonomy":"post_tag","embeddable":true,"href":"https:\/\/www.vdsm.net\/wronline\/wp-json\/wp\/v2\/tags?post=25311"}],"curies":[{"name":"wp","href":"https:\/\/api.w.org\/{rel}","templated":true}]}}