{"id":25089,"date":"2021-08-31T10:19:45","date_gmt":"2021-08-31T08:19:45","guid":{"rendered":"https:\/\/www.vdsm.net\/wronline\/?p=25089"},"modified":"2021-08-31T10:19:45","modified_gmt":"2021-08-31T08:19:45","slug":"sinkende-arbeitslosigkeit-und-stabile-arbeitskraeftenachfrage","status":"publish","type":"post","link":"https:\/\/www.vdsm.net\/wronline\/sinkende-arbeitslosigkeit-und-stabile-arbeitskraeftenachfrage\/","title":{"rendered":"Sinkende Arbeitslosigkeit und stabile Arbeitskr\u00e4ftenachfrage"},"content":{"rendered":"<p>\u201eIm August ist, trotz der Urlaubszeit, ein erneuter R\u00fcckgang an Arbeitslosen zu verzeichnen. Der Arbeitsmarkt stabilisiert sich weiterhin\u201c, fasst Daniela Tomczak, Chefin der Siegener Arbeitsagentur, die aktuellen statistischen Entwicklungen zusammen. F\u00fcr gew\u00f6hnlich steigt im August die Arbeitslosigkeit aufgrund der Ferienzeit.<\/p>\n<p>\u201eWir sehen aber auch in diesem Monat, dass die Unternehmen in den Kreisen Siegen-Wittgenstein und Olpe ihre Belegschaft halten und sogar neue Kr\u00e4fte einstellen\u201c, erkl\u00e4rt sie.\u00a0\u00a0 Die Unternehmen im Agenturbezirk Siegen haben weiterhin Bedarf an Arbeitskr\u00e4ften. Der Bestand an offenen Stellen liegt bei knapp 3.900 und ist im Vergleich zum Vorjahr um 37 Prozent gestiegen. \u201eZwei Drittel der Stellen ist f\u00fcr Fachkr\u00e4fte ausgeschrieben. Mit der Erholung des Arbeitsmarktes r\u00fcckt das Thema der Fachkr\u00e4ftesicherung wieder mehr in den Fokus. Neben der klassischen Ausbildung haben Arbeitgeber die M\u00f6glichkeit ihre Mitarbeiter\/innen in Helfert\u00e4tigkeiten zu Fachkr\u00e4ften auszubilden. Wir beraten gerne in beiden Bereichen und unterst\u00fctzen bei der Orientierung\u201c, so Tomczak.<\/p>\n<p><strong>Der Arbeitsmarkt im \u00dcberblick<\/strong><\/p>\n<p><strong>Arbeitslosigkeit <\/strong><\/p>\n<p>Die Zahl der Arbeitslosen im Agenturbezirk Siegen ist im August 2021 gesunken. Insgesamt waren 11.283 Personen arbeitslos gemeldet. Verglichen mit den Zahlen des Vormonates sind dies 271 Personen oder 2,3 Prozent weniger. Im Vergleich zum August des Vorjahres sinkt die Zahl der Arbeitslosen um 2.331 Personen bzw. 17,1 Prozent. Die Arbeitslosenquote auf Basis aller zivilen Erwerbspersonen betr\u00e4gt 4,8 Prozent. Vor einem Jahr belief sie sich auf 5,7 Prozent (-0,9 Prozentpunkte).<\/p>\n<p><strong>Jugendarbeitslosigkeit<\/strong><\/p>\n<p>1.200 Arbeitslose sind im Berichtsmonat im Agenturbezirk Siegen unter 25 Jahre alt. Im Vormonat waren dies 60 mehr und im gleichen Monat des Vorjahres 552 Personen mehr. Die prozentuale Ver\u00e4nderung bel\u00e4uft sich auf -4,8 Prozent zum vorherigen Monat bzw. -31,5 Prozent im Vorjahresvergleich.<\/p>\n<p><strong>\u00c4ltere Arbeitslose<\/strong><\/p>\n<p>Die Anzahl arbeitsloser Personen ab 50 Jahre ist im Vergleich zum Vormonat um 63 Personen oder 1,5 Prozent gesunken. Im Vergleich zum Vorjahr sind es 296 Arbeitslose weniger (-6,8 Prozent).) Insgesamt sind 4.051 Menschen ab 50 Jahre in der Arbeitsagentur Siegen von Arbeitslosigkeit betroffen.<\/p>\n<p><strong>Langzeitarbeitslose<\/strong><\/p>\n<p>Die Zahl der Langzeitarbeitslosen ist im Berichtsmonat gestiegen.\u00a0 4.605 Personen waren l\u00e4nger als ein Jahr nicht sozialversicherungspflichtig besch\u00e4ftigt, darunter z\u00e4hlen 81,5 Prozent (3.752 Personen) zur Grundsicherung. Verglichen mit den Gesamtzahlen des Vormonates sind dies 26 Langzeitarbeitslose mehr. Im Vergleich zum Vorjahr steigt die Zahl dieser Personengruppe um 908 Personen.<\/p>\n<p><strong>Entwicklung in der Arbeitslosenversicherung \u2013 SGB III<\/strong><\/p>\n<p>Im Bereich der Arbeitslosenversicherung wurden in diesem Monat 4.453 Personen gemeldet. Die Zahl hat sich im Vergleich zum Vormonat um 242 Personen bzw. 5,2 Prozent verringert. Im Vorjahresvergleich bedeutet dies eine Verringerung um 2.051 Personen oder 31,5 Prozent.<\/p>\n<p><strong>Entwicklung in der Grundsicherung \u2013 SGB II<\/strong><\/p>\n<p>In der Grundsicherung sind 29 Arbeitslose weniger als im Vormonat und 280 weniger als im Vorjahr zu verzeichnen. Im Verh\u00e4ltnis entspricht dies -0,4 Prozent zum Vormonat bzw. -3,9 Prozent zum Vorjahr. Insgesamt sind es 6.830 Personen und damit 60,5 Prozent aller Arbeitslosen, die zur Grundsicherung gem\u00e4\u00df SGB II z\u00e4hlen.<\/p>\n<p><strong>Stellenangebote<\/strong><\/p>\n<p>Unternehmen aus der Region haben in diesem Monat 976 Stellen gemeldet (83 weniger als im Vormonat). Im Bestand befanden sich insgesamt 3.869 offene Stellen, 182 mehr als im Vormonat und 1.044 mehr als im Vorjahresmonat.<\/p>\n<p><strong>Kurzarbeit<\/strong><\/p>\n<p>Mit aktuellstem Datenstand f\u00fcr Juli 2021 sind im Agenturbezirk Siegen insgesamt 24 Anzeigen auf Kurzarbeit f\u00fcr rund 493 Personen eingegangen, das sind 27 Anzeigen weniger als im Monat zuvor.<\/p>\n<p>Nun stehen den Agenturen f\u00fcr Arbeit Daten \u00fcber die tats\u00e4chlich erfolgte Kurzarbeit im Februar 2021 zur Verf\u00fcgung. In dem Monat lag der Arbeitsausfall f\u00fcr Personen in Kurzarbeit bei durchschnittlich 48,0 Prozent. Im Februar 2021 haben im Agenturbezirk Siegen insgesamt 2.233 Betriebe f\u00fcr 17.965 Personen Kurzarbeitergeld beantragt. Das waren 1.088 Kurzarbeiter\/innen mehr als im Monat zuvor.<\/p>\n<p><u><br \/>\nFolgende Wirtschaftsabschnitte waren in dem Monat am st\u00e4rksten von Kurzarbeit betroffen:<\/u><\/p>\n<p><em>Handel; Instandhalt. u. Rep. v. Kfz: 483 Betriebe<br \/>\nVerarbeitendes Gewerbe:\u00a0 \u00a0 \u00a0 \u00a0 \u00a0 \u00a0 \u00a0 \u00a0349 Betriebe<br \/>\nGastgewerbe:\u00a0 \u00a0 \u00a0 \u00a0 \u00a0 \u00a0 \u00a0 \u00a0 \u00a0 \u00a0 \u00a0 \u00a0 \u00a0 \u00a0 \u00a0 \u00a0 \u00a0337 Betriebe<br \/>\nBaugewerbe:\u00a0 \u00a0 \u00a0 \u00a0 \u00a0 \u00a0 \u00a0 \u00a0 \u00a0 \u00a0 \u00a0 \u00a0 \u00a0 \u00a0 \u00a0 \u00a0 \u00a0 280 Betriebe<br \/>\nErbringung v. sonstigen<br \/>\nDienstleistungen:\u00a0 \u00a0 \u00a0 \u00a0 \u00a0 \u00a0 \u00a0 \u00a0 \u00a0 \u00a0 \u00a0 \u00a0 \u00a0 262 Betriebe\u00a0<\/em><\/p>\n<p><em>Quelle: Statistik der Bundesagentur f\u00fcr Arbeit\u00a0\u00a0<\/em><\/p>\n<p><strong>\u00a0<\/strong><\/p>\n<p><strong>Kreis Siegen-Wittgenstein<\/strong><\/p>\n<p><strong>Arbeitslosigkeit<\/strong><\/p>\n<p>Die Zahl der Arbeitslosen im Kreis Siegen-Wittgenstein ist im August 2021 gesunken. Insgesamt waren 8.350 Personen arbeitslos gemeldet. Verglichen mit den Zahlen des Vormonates sind dies 209 Personen oder 2,4 Prozent weniger.\u00a0 Im Vergleich zum August des Vorjahres sinkt die Zahl der Arbeitslosen um 1.347 Personen bzw. 13,9 Prozent. Die Arbeitslosenquote auf Basis aller zivilen Erwerbspersonen betr\u00e4gt 5,3 Prozent. Vor einem Jahr belief sie sich auf 6,2 Prozent (-0,9 Prozentpunkte).<\/p>\n<p><strong>Entwicklung in der Arbeitslosenversicherung \u2013 SGB III<\/strong><\/p>\n<p>Im Bereich der Arbeitslosenversicherung wurden in diesem Monat 3.016 Personen gemeldet. Die Zahl hat sich im Vergleich zum Vormonat um 210 Personen bzw. 6,5 Prozent verringert. Im Vorjahresvergleich bedeutet dies eine Verringerung um 1.197 Personen oder 28,4 Prozent.<\/p>\n<p><strong>Entwicklung in der Grundsicherung \u2013 SGB II<\/strong><\/p>\n<p>In der Grundsicherung ist ein Arbeitsloser mehr als im Vormonat und 150 weniger als im Vorjahr zu verzeichnen. Im Verh\u00e4ltnis entspricht dies -2,7 Prozent zum Vorjahr. Insgesamt sind es 5.334 Personen und damit 63,9 Prozent aller Arbeitslosen, die zur Grundsicherung gem\u00e4\u00df SGB II z\u00e4hlen.<\/p>\n<p><strong>Kreis Olpe<\/strong><\/p>\n<p><strong>Arbeitslosigkeit<\/strong><\/p>\n<p>Die Zahl der Arbeitslosen im Kreis Olpe ist im August 2021 gesunken. Insgesamt waren 2.933 Personen arbeitslos gemeldet. Verglichen mit den Zahlen des Vormonates sind dies 62 Personen oder 2,1 Prozent weniger.\u00a0 Im Vergleich zum August des Vorjahres sinkt die Zahl der Arbeitslosen um 984 Personen bzw. 25,1 Prozent. Die Arbeitslosenquote auf Basis aller zivilen Erwerbspersonen betr\u00e4gt 3,7 Prozent. Vor einem Jahr belief sie sich auf 4,9 Prozent (-1,2 Prozentpunkte).<\/p>\n<p><strong>Entwicklung in der Arbeitslosenversicherung \u2013 SGB III<\/strong><\/p>\n<p>Im Bereich der Arbeitslosenversicherung wurden in diesem Monat 1.437 Personen gemeldet. Die Zahl hat sich im Vergleich zum Vormonat um 32 Personen bzw. 2,2 Prozent verringert. Im Vorjahresvergleich bedeutet dies eine Verringerung um 854 Personen oder 37,3 Prozent.<\/p>\n<p><strong>Entwicklung in der Grundsicherung \u2013 SGB II<\/strong><\/p>\n<p>In der Grundsicherung sind 30 Arbeitslose weniger als im Vormonat und 130 weniger als im Vorjahr zu verzeichnen. Im Verh\u00e4ltnis entspricht dies -2,0 Prozent zum Vormonat bzw. -8,0 Prozent zum Vorjahr. Insgesamt sind es 1.496 Personen und damit 51,0 Prozent aller Arbeitslosen, die zur Grundsicherung gem\u00e4\u00df SGB II z\u00e4hlen.<\/p>\n<p><strong>Der Ausbildungsmarkt im Agenturbezirk Siegen<\/strong><\/p>\n<div id=\"attachment_25093\" style=\"width: 310px\" class=\"wp-caption alignleft\"><a href=\"https:\/\/www.vdsm.net\/wronline\/wp-content\/uploads\/2021\/08\/Unbesetzte-Ausbildungsstellen-Statistik-der-Bundesagentur-fuer-Arbeit_WEB.jpg\" target=\"_blank\" rel=\"noopener\"><img loading=\"lazy\" decoding=\"async\" aria-describedby=\"caption-attachment-25093\" class=\"wp-image-25093 size-medium\" src=\"https:\/\/www.vdsm.net\/wronline\/wp-content\/uploads\/2021\/08\/Unbesetzte-Ausbildungsstellen-Statistik-der-Bundesagentur-fuer-Arbeit_WEB-300x144.jpg\" alt=\"\" width=\"300\" height=\"144\" srcset=\"https:\/\/www.vdsm.net\/wronline\/wp-content\/uploads\/2021\/08\/Unbesetzte-Ausbildungsstellen-Statistik-der-Bundesagentur-fuer-Arbeit_WEB-300x144.jpg 300w, https:\/\/www.vdsm.net\/wronline\/wp-content\/uploads\/2021\/08\/Unbesetzte-Ausbildungsstellen-Statistik-der-Bundesagentur-fuer-Arbeit_WEB-768x369.jpg 768w, https:\/\/www.vdsm.net\/wronline\/wp-content\/uploads\/2021\/08\/Unbesetzte-Ausbildungsstellen-Statistik-der-Bundesagentur-fuer-Arbeit_WEB.jpg 777w\" sizes=\"auto, (max-width: 300px) 100vw, 300px\" \/><\/a><p id=\"caption-attachment-25093\" class=\"wp-caption-text\">Quelle: Statistik der Bundesagentur f\u00fcr Arbeit<\/p><\/div>\n<p>Bis August 2021 sind im Kreis Siegen-Wittgenstein und im Kreis Olpe insgesamt 3.476 Berufsausbildungsstellen gemeldet worden. Dem gegen\u00fcber stehen 2.042 Bewerber und Bewerberinnen, die sich im Laufe des Berichtsjahres bei den Agenturen f\u00fcr Arbeit vor Ort gemeldet haben. Auf eine\/n Bewerber\/in kommen damit im Agenturbezirk Siegen 1,7 Ausbildungspl\u00e4tze. Zurzeit sind noch 212 junge Frauen und M\u00e4nner auf der Suche nach einer Ausbildungsstelle. Gleichzeitig sind noch 938 Ausbildungspl\u00e4tze unbesetzt. Somit kommen auf jede\/n unversorgten Bewerber\/in 4,4 unbesetzte Berufsausbildungsstellen. Im Vergleich zum Vorjahr ist die Anzahl von Bewerber\/innen um 10,8 Prozent gesunken. Im gleichen Zeitraum ist die Zahl der Ausbildungsstellen um 6,3 Prozent gesunken.<\/p>\n<p><strong>Kreis Siegen-Wittgenstein<\/strong><\/p>\n<p>Im Kreis Siegen-Wittgenstein haben sich 1.378 Jugendliche seit Oktober 2020 an die Berufsberatung der heimischen Agenturen f\u00fcr Arbeit gewandt, um einen Ausbildungsplatz zu finden. Insgesamt sind das 143 Personen (-9,4 Prozent) weniger als im Vorjahr. 127 Jugendliche sind davon aktuell noch unversorgt: 60 Personen (-32,1 Prozent) weniger als ein Jahr zuvor. Der Vielzahl an Bewerbern und Bewerberinnen stehen derzeit 1.958 gemeldete Berufsausbildungsstellen gegen\u00fcber von denen aktuell noch 543 Ausbildungspl\u00e4tze unbesetzt sind. Im Vergleich zum Vorjahr sind seit Beginn des Berichtsjahres 127 Ausbildungsstellen (-6,1 Prozent) weniger gemeldet worden.<\/p>\n<p><strong>Kreis Olpe<\/strong><\/p>\n<p>664 Jugendliche aus dem Kreis Olpe haben sich seit Oktober 2020 an die Berufsberatung der heimischen Agenturen f\u00fcr Arbeit gewandt, um einen Ausbildungsplatz zu finden. Insgesamt sind das 103 Personen (-13,4 Prozent) weniger als im Vorjahr. 85 Jugendliche sind davon aktuell noch unversorgt: 35 Personen (-29,2 Prozent) weniger als ein Jahr zuvor. Der Vielzahl an Bewerbern und Bewerberinnen stehen derzeit 1.518 gemeldete Berufsausbildungsstellen gegen\u00fcber von denen aktuell noch 395 Ausbildungspl\u00e4tze unbesetzt sind. Im Vergleich zum Vorjahr sind seit Beginn des Berichtsjahres 108 Ausbildungsstellen (-6,6 Prozent) weniger gemeldet worden.<\/p>\n<p>Infos: Agentur f\u00fcr Arbeit Siegen<\/p>\n","protected":false},"excerpt":{"rendered":"<p>\u201eIm August ist, trotz der Urlaubszeit, ein erneuter R\u00fcckgang an Arbeitslosen zu verzeichnen. Der Arbeitsmarkt stabilisiert sich weiterhin\u201c, fasst Daniela Tomczak, Chefin der Siegener Arbeitsagentur,&#8230;<\/p>\n","protected":false},"author":6,"featured_media":2674,"comment_status":"open","ping_status":"open","sticky":false,"template":"","format":"standard","meta":{"_jetpack_memberships_contains_paid_content":false,"footnotes":""},"categories":[16,32,30],"tags":[],"class_list":["post-25089","post","type-post","status-publish","format-standard","has-post-thumbnail","hentry","category-arbeitsmarkt","category-infos","category-vermischtes"],"jetpack_featured_media_url":"https:\/\/www.vdsm.net\/wronline\/wp-content\/uploads\/2015\/08\/wronline-header-arbeitsmarkt.jpg","jetpack_sharing_enabled":true,"_links":{"self":[{"href":"https:\/\/www.vdsm.net\/wronline\/wp-json\/wp\/v2\/posts\/25089","targetHints":{"allow":["GET"]}}],"collection":[{"href":"https:\/\/www.vdsm.net\/wronline\/wp-json\/wp\/v2\/posts"}],"about":[{"href":"https:\/\/www.vdsm.net\/wronline\/wp-json\/wp\/v2\/types\/post"}],"author":[{"embeddable":true,"href":"https:\/\/www.vdsm.net\/wronline\/wp-json\/wp\/v2\/users\/6"}],"replies":[{"embeddable":true,"href":"https:\/\/www.vdsm.net\/wronline\/wp-json\/wp\/v2\/comments?post=25089"}],"version-history":[{"count":8,"href":"https:\/\/www.vdsm.net\/wronline\/wp-json\/wp\/v2\/posts\/25089\/revisions"}],"predecessor-version":[{"id":25098,"href":"https:\/\/www.vdsm.net\/wronline\/wp-json\/wp\/v2\/posts\/25089\/revisions\/25098"}],"wp:featuredmedia":[{"embeddable":true,"href":"https:\/\/www.vdsm.net\/wronline\/wp-json\/wp\/v2\/media\/2674"}],"wp:attachment":[{"href":"https:\/\/www.vdsm.net\/wronline\/wp-json\/wp\/v2\/media?parent=25089"}],"wp:term":[{"taxonomy":"category","embeddable":true,"href":"https:\/\/www.vdsm.net\/wronline\/wp-json\/wp\/v2\/categories?post=25089"},{"taxonomy":"post_tag","embeddable":true,"href":"https:\/\/www.vdsm.net\/wronline\/wp-json\/wp\/v2\/tags?post=25089"}],"curies":[{"name":"wp","href":"https:\/\/api.w.org\/{rel}","templated":true}]}}