{"id":25084,"date":"2021-08-30T13:48:25","date_gmt":"2021-08-30T11:48:25","guid":{"rendered":"https:\/\/www.vdsm.net\/wronline\/?p=25084"},"modified":"2021-08-30T14:45:36","modified_gmt":"2021-08-30T12:45:36","slug":"digital-nachhaltig-authentisch-vielfaeltiges-arbeiten-und-wohnen-in-suedwestfalen","status":"publish","type":"post","link":"https:\/\/www.vdsm.net\/wronline\/digital-nachhaltig-authentisch-vielfaeltiges-arbeiten-und-wohnen-in-suedwestfalen\/","title":{"rendered":"Digital, nachhaltig, authentisch: Vielf\u00e4ltiges Arbeiten und Wohnen in S\u00fcdwestfalen"},"content":{"rendered":"<p>Wie wollen wir k\u00fcnftig wohnen und arbeiten? Welche Herausforderungen und neuen Anforderungen gibt es auf dem Wohnungsmarkt? Und was bedeuten diese f\u00fcr Kommunen, Unternehmen und f\u00fcr die B\u00fcrger:innen? Die S\u00fcdwestfalen Agentur GmbH und die s\u00fcdwestf\u00e4lischen Volksbanken sehen darin wichtige Zukunftsfragen f\u00fcr die Region. Sie planen deshalb gemeinsam einen Denkraum \u201eWohnen und Arbeiten\u201c sowie \u00f6ffentliche Zukunftsdialoge, bei denen Interessierte sich vernetzen und auch neue Ideen diskutieren k\u00f6nnen.<\/p>\n<p>Sp\u00e4testens seit der Corona-Pandemie r\u00fccken Wohnen und Arbeiten enger zusammen. Wer f\u00fcr seinen Job in erster Linie einen Rechner und einen Internetzugang ben\u00f6tigt, kann zunehmend ortsunabh\u00e4ngig arbeiten. F\u00fcr l\u00e4ndliche R\u00e4ume ist das eine gro\u00dfe Chance. Denn in der Pandemie haben viele Menschen die Enge der Gro\u00dfstadt gesp\u00fcrt und die Natur sch\u00e4tzen gelernt. Lieber Gr\u00fcn vor der Nase statt Betonreihen im R\u00fccken.<\/p>\n<p>Gleichzeitig stehen Kommunen in l\u00e4ndlichen Regionen wie S\u00fcdwestfalen vor gro\u00dfen Herausforderungen: Wo der Online- den Einzelhandel verdr\u00e4ngt, entstehen Leerst\u00e4nde, die es sinnvoll zu nutzen gilt. Wo Digitalarbeitende gebraucht werden, bedarf es ansprechender Raumangebote.<\/p>\n<p>Um all diese Punkte umfassend zu beleuchten, haben die S\u00fcdwestfalen Agentur und die s\u00fcdwestf\u00e4lischen Volksbanken im Rahmen der REGIONALE 2025 den sogenannten Denkraum \u201eWohnen und Arbeiten\u201c ins Leben gerufen. Hier tauschen sich Expert:innen aus und beleuchten das Thema \u201eWohnen und Arbeiten\u201c in S\u00fcdwestfalen aus verschiedenen Perspektiven. Ihr Ziel: Die Lage verst\u00e4ndlich aufbereiten, aktuelles Wissen diskutieren, Gleichgesinnte vernetzen und auch neue Ans\u00e4tze entwickeln.<\/p>\n<p><strong>Austauschen und Mitreden beim \u201eWohnen der Zukunft\u201c<\/strong><\/p>\n<p>Dem Denkraum angeschlossen sind \u00f6ffentliche Veranstaltungen f\u00fcr B\u00fcrger:innen und alle Interessierten am \u201eWohnen der Zukunft\u201c. Die ersten sogenannten \u201eZukunftsdialoge\u201c finden am 30. September und 11. November 2021 statt. Beim Auftakt geht es um den Wohnungsmarkt in S\u00fcdwestfalen: die aktuelle Situation, neue Herausforderungen und die Zukunft. Der zweite Termin betrachtet die neuen Lebensweisen in der digitalen Welt und ihre Anforderungen an Stadt und Land.<\/p>\n<p>\u201eDie Frage, wie wir in Zukunft arbeiten und wohnen werden, ist f\u00fcr unsere Region von enormer Bedeutung. Bieten St\u00e4dte und Gemeinden nicht die geeigneten R\u00e4ume oder Wohnungen f\u00fcr die Bed\u00fcrfnisse junger Menschen, f\u00e4llt es schwer, sie vom Bleiben zu \u00fcberzeugen, sie zur R\u00fcckkehr zu bewegen und sie f\u00fcr S\u00fcdwestfalen zu gewinnen\u201c, sagte Hubertus Winterberg, Gesch\u00e4ftsf\u00fchrer der S\u00fcdwestfalen Agentur. Dr. Stephanie Arens, Leiterin der REGIONALE 2025, erg\u00e4nzte, dass bereits einige neue Ans\u00e4tze unterwegs seien, um darauf Antworten zu geben: \u201eBeim \u201aSummer of Pioneers\u2018 in Altena erproben Digitalarbeitende das gemeinschaftliche Leben auf dem Land, in Erndtebr\u00fcck soll, gr\u00f6\u00dfer gedacht, aus dieser Idee ein KoDorf entstehen. Kreuztal und Warstein planen neue Quartiere. Gleichzeitig macht sich ein Kompetenzzentrum f\u00fcr Baukultur auf den Weg. Man sieht: In diesen Themen steckt unheimlich viel Bewegung. Wir brauchen aber noch mehr Vernetzung und ein noch st\u00e4rkeres Bewusstsein.\u201c<\/p>\n<p>Die Fragen zur Kombination von \u201eArbeiten und Wohnen\u201c betreffen also St\u00e4dte und Gemeinden genau wie Firmen, Wohnungsbaugesellschaften und Kreditinstitute. \u201eDer Wohnungsmarkt wird facettenreicher. Darauf m\u00fcssen wir uns als Kreditinstitut einstellen, denn wir verstehen uns als Partner der B\u00fcrgerinnen und B\u00fcrger sowie der Unternehmen und Gewerbetreibenden in der Region, um mit ihnen gemeinsam passende und tragf\u00e4hige L\u00f6sungen zu finden\u201c, sagte Markus Stottmeyer, Vorstand der Volksbank Olpe-Wenden-Drolshagen, stellvertretend f\u00fcr die s\u00fcdwestf\u00e4lischen Volksbanken zur Kooperation f\u00fcr den neuen Denkraum. \u201eWir erleben weiterhin eine starke Nachfrage nach neuen Einfamilienh\u00e4usern, nach bezahlbaren und barrierefreien Wohnungen. Damit f\u00fchlen sich aber nicht alle Zielgruppen abgeholt. Gleichzeitig bemerken wir auch Leerst\u00e4nde in den Ortsmitten. Daher m\u00fcssen wir uns fragen, wie wir es schaffen, Ortsmitten mit den entsprechenden Wohnquartieren und ihren Immobilien attraktiv zu halten und wie neue Kombinationen von Wohnen und Arbeiten unter einem Dach aussehen k\u00f6nnen.\u201c<\/p>\n<p>Weitere Informationen zum Denkraum \u201eWohnen und Arbeiten\u201c sowie den Zukunftsdialogen finden sich unter <a href=\"http:\/\/www.suedwestfalen-agentur.com\/wohnen\" target=\"_blank\" rel=\"noopener\">www.suedwestfalen-agentur.com\/wohnen<\/a><\/p>\n<p>Bild und Info: <a href=\"https:\/\/www.suedwestfalen-agentur.com\/\" target=\"_blank\" rel=\"noopener\">S\u00fcdwestfalen Agentur<\/a><\/p>\n","protected":false},"excerpt":{"rendered":"<p>Wie wollen wir k\u00fcnftig wohnen und arbeiten? Welche Herausforderungen und neuen Anforderungen gibt es auf dem Wohnungsmarkt? Und was bedeuten diese f\u00fcr Kommunen, Unternehmen und&#8230;<\/p>\n","protected":false},"author":2,"featured_media":25085,"comment_status":"open","ping_status":"open","sticky":false,"template":"","format":"standard","meta":{"_jetpack_memberships_contains_paid_content":false,"footnotes":""},"categories":[1,32,30,11],"tags":[],"class_list":["post-25084","post","type-post","status-publish","format-standard","has-post-thumbnail","hentry","category-aktuell","category-infos","category-vermischtes","category-regionale-wirtschaft"],"jetpack_featured_media_url":"https:\/\/www.vdsm.net\/wronline\/wp-content\/uploads\/2021\/08\/Kooperation_Volksbanken_SWF.jpg","jetpack_sharing_enabled":true,"_links":{"self":[{"href":"https:\/\/www.vdsm.net\/wronline\/wp-json\/wp\/v2\/posts\/25084","targetHints":{"allow":["GET"]}}],"collection":[{"href":"https:\/\/www.vdsm.net\/wronline\/wp-json\/wp\/v2\/posts"}],"about":[{"href":"https:\/\/www.vdsm.net\/wronline\/wp-json\/wp\/v2\/types\/post"}],"author":[{"embeddable":true,"href":"https:\/\/www.vdsm.net\/wronline\/wp-json\/wp\/v2\/users\/2"}],"replies":[{"embeddable":true,"href":"https:\/\/www.vdsm.net\/wronline\/wp-json\/wp\/v2\/comments?post=25084"}],"version-history":[{"count":1,"href":"https:\/\/www.vdsm.net\/wronline\/wp-json\/wp\/v2\/posts\/25084\/revisions"}],"predecessor-version":[{"id":25086,"href":"https:\/\/www.vdsm.net\/wronline\/wp-json\/wp\/v2\/posts\/25084\/revisions\/25086"}],"wp:featuredmedia":[{"embeddable":true,"href":"https:\/\/www.vdsm.net\/wronline\/wp-json\/wp\/v2\/media\/25085"}],"wp:attachment":[{"href":"https:\/\/www.vdsm.net\/wronline\/wp-json\/wp\/v2\/media?parent=25084"}],"wp:term":[{"taxonomy":"category","embeddable":true,"href":"https:\/\/www.vdsm.net\/wronline\/wp-json\/wp\/v2\/categories?post=25084"},{"taxonomy":"post_tag","embeddable":true,"href":"https:\/\/www.vdsm.net\/wronline\/wp-json\/wp\/v2\/tags?post=25084"}],"curies":[{"name":"wp","href":"https:\/\/api.w.org\/{rel}","templated":true}]}}