{"id":2481,"date":"2015-06-10T15:03:48","date_gmt":"2015-06-10T13:03:48","guid":{"rendered":"http:\/\/www.vdsm.net\/wronline\/?p=2481"},"modified":"2015-06-10T15:03:48","modified_gmt":"2015-06-10T13:03:48","slug":"business-school-der-universitaet-siegen-einzigartig-in-der-region","status":"publish","type":"post","link":"https:\/\/www.vdsm.net\/wronline\/business-school-der-universitaet-siegen-einzigartig-in-der-region\/","title":{"rendered":"Business School der Universit\u00e4t Siegen: Einzigartig in der Region"},"content":{"rendered":"<div id=\"attachment_2482\" style=\"width: 310px\" class=\"wp-caption alignleft\"><a href=\"http:\/\/www.vdsm.net\/wronline\/wp-content\/uploads\/2015\/06\/jahresfeier-business-school.jpg\"><img loading=\"lazy\" decoding=\"async\" aria-describedby=\"caption-attachment-2482\" class=\"size-medium wp-image-2482\" src=\"http:\/\/www.vdsm.net\/wronline\/wp-content\/uploads\/2015\/06\/jahresfeier-business-school-300x169.jpg\" alt=\"Gemeinsam mit Ehrenkurator Landrat Andreas M\u00fcller und rund 80 G\u00e4sten aus Politik und Wirtschaft hat die Business School der Universit\u00e4t Siegen ihren Jahresempfang in der Aula des Lyz gefeiert.\" width=\"300\" height=\"169\" srcset=\"https:\/\/www.vdsm.net\/wronline\/wp-content\/uploads\/2015\/06\/jahresfeier-business-school-300x169.jpg 300w, https:\/\/www.vdsm.net\/wronline\/wp-content\/uploads\/2015\/06\/jahresfeier-business-school.jpg 600w\" sizes=\"auto, (max-width: 300px) 100vw, 300px\" \/><\/a><p id=\"caption-attachment-2482\" class=\"wp-caption-text\">Gemeinsam mit Ehrenkurator Landrat Andreas M\u00fcller und rund 80 G\u00e4sten aus Politik und Wirtschaft hat die Business School der Universit\u00e4t Siegen ihren Jahresempfang in der Aula des Lyz gefeiert.<\/p><\/div>\n<p>Gemeinsam mit Ehrenkurator Landrat Andreas M\u00fcller und rund 80 G\u00e4sten aus Politik und Wirtschaft hat die Business School der Universit\u00e4t Siegen ihren Jahresempfang in der Aula des Lyz gefeiert. Bereits seit f\u00fcnf Jahren bietet die Business School der Universit\u00e4t Siegen berufsbegleitende Weiterbildung f\u00fcr F\u00fchrungskr\u00e4fte. \u201eEin guter Grund zum Feiern. Denn das Angebot der Business School ist ein wichtiges Puzzleteil zur Sicherung des langfristigen Erfolges der Unternehmen in der Region\u201c, betonte Landrat Andreas M\u00fcller in seinem Gru\u00dfwort, nachdem Prof. Dr. Arnd Wiedemann, Vorstandsvorsitzender der Business School, den Jahresempfang er\u00f6ffnet hatte.<\/p>\n<p>Auch Hermann-Josef Droege, stellvertretender Hauptgesch\u00e4ftsf\u00fchrer der IHK Siegen, hob die Relevanz von F\u00fchrungskr\u00e4fteweiterbildung hervor: \u201eDas Angebot der Universit\u00e4t Siegen Business School ist einzigartig in der Region. Auch die inhaltliche Fokussierung auf mittelst\u00e4ndisch gepr\u00e4gte Unternehmen ist perfekt auf die Bed\u00fcrfnisse der hier ans\u00e4ssigen Firmen zugeschnitten.\u201c<\/p>\n<p>Nach den Gru\u00dfworten stellte Gesch\u00e4ftsf\u00fchrer Thomas Demmer die neue Kommunikationsstrategie der Business School vor. Nach dem Motto: \u201eDie Segel gesetzt, auf Kurs gebracht und jetzt: Volle Kraft voraus!\u201c bilanzierte er die Arbeit der vergangenen f\u00fcnf Jahre und schaute positiv auf die gemeinsame Zukunft von Business School und regionaler Wirtschaft.<\/p>\n<p>Im Anschluss begeisterte Festredner Prof. Dr. Martin Hill (Vice-President SAP), mit seinem Vortrag zum Thema \u201eSch\u00f6ne neue Welt \u2013 Digitalisierung quo vadis\u201c. Anhand zahlreicher aktueller Beispiele verdeutlichte er Begriffe wie \u201eSelbstorganisierende Produktion\u201c und \u201eInternet der Dinge\u201c und zeigte auf, wie Unternehmen die Digitalisierung als Chance nutzen k\u00f6nnen. Spannend war seine Prognose, welche Aspekte der Digitalisierung in den n\u00e4chsten Jahren an Relevanz gewinnen werden.<\/p>\n<p>Stefan H\u00fctte, Firmenkundenberater bei der Volksbank Bigge Lenne, freute sich abschlie\u00dfend \u00fcber den mit 500 Euro dotierten Preis f\u00fcr den besten Absolventen im berufsbegleitenden Executive MBA-Studiengang. Er betonte, dass ihn das Studium nicht nur beruflich weitergebracht, sondern auch sehr viel Spa\u00df gemacht habe: \u201eNeben der hohen Qualit\u00e4t des Weiterbildungsangebotes und der flexiblen und individuellen Betreuung ist dies vor allem auf den Netzwerkeffekt zur\u00fcckf\u00fchren, den dieses Studium mit sich bringt.\u201c<\/p>\n","protected":false},"excerpt":{"rendered":"<p>Gemeinsam mit Ehrenkurator Landrat Andreas M\u00fcller und rund 80 G\u00e4sten aus Politik und Wirtschaft hat die Business School der Universit\u00e4t Siegen ihren Jahresempfang in der&#8230;<\/p>\n","protected":false},"author":2,"featured_media":2482,"comment_status":"open","ping_status":"open","sticky":false,"template":"","format":"standard","meta":{"_jetpack_memberships_contains_paid_content":false,"footnotes":""},"categories":[1],"tags":[],"class_list":["post-2481","post","type-post","status-publish","format-standard","has-post-thumbnail","hentry","category-aktuell"],"jetpack_featured_media_url":"https:\/\/www.vdsm.net\/wronline\/wp-content\/uploads\/2015\/06\/jahresfeier-business-school.jpg","jetpack_sharing_enabled":true,"_links":{"self":[{"href":"https:\/\/www.vdsm.net\/wronline\/wp-json\/wp\/v2\/posts\/2481","targetHints":{"allow":["GET"]}}],"collection":[{"href":"https:\/\/www.vdsm.net\/wronline\/wp-json\/wp\/v2\/posts"}],"about":[{"href":"https:\/\/www.vdsm.net\/wronline\/wp-json\/wp\/v2\/types\/post"}],"author":[{"embeddable":true,"href":"https:\/\/www.vdsm.net\/wronline\/wp-json\/wp\/v2\/users\/2"}],"replies":[{"embeddable":true,"href":"https:\/\/www.vdsm.net\/wronline\/wp-json\/wp\/v2\/comments?post=2481"}],"version-history":[{"count":2,"href":"https:\/\/www.vdsm.net\/wronline\/wp-json\/wp\/v2\/posts\/2481\/revisions"}],"predecessor-version":[{"id":2484,"href":"https:\/\/www.vdsm.net\/wronline\/wp-json\/wp\/v2\/posts\/2481\/revisions\/2484"}],"wp:featuredmedia":[{"embeddable":true,"href":"https:\/\/www.vdsm.net\/wronline\/wp-json\/wp\/v2\/media\/2482"}],"wp:attachment":[{"href":"https:\/\/www.vdsm.net\/wronline\/wp-json\/wp\/v2\/media?parent=2481"}],"wp:term":[{"taxonomy":"category","embeddable":true,"href":"https:\/\/www.vdsm.net\/wronline\/wp-json\/wp\/v2\/categories?post=2481"},{"taxonomy":"post_tag","embeddable":true,"href":"https:\/\/www.vdsm.net\/wronline\/wp-json\/wp\/v2\/tags?post=2481"}],"curies":[{"name":"wp","href":"https:\/\/api.w.org\/{rel}","templated":true}]}}