{"id":24620,"date":"2021-08-04T09:00:22","date_gmt":"2021-08-04T07:00:22","guid":{"rendered":"https:\/\/www.vdsm.net\/wronline\/?p=24620"},"modified":"2021-08-03T16:11:35","modified_gmt":"2021-08-03T14:11:35","slug":"konferenz-zu-digitalisierung-im-mittelstand","status":"publish","type":"post","link":"https:\/\/www.vdsm.net\/wronline\/konferenz-zu-digitalisierung-im-mittelstand\/","title":{"rendered":"Konferenz zu Digitalisierung im Mittelstand"},"content":{"rendered":"<p>Spannende Workshops, F\u00fchrungen und eine virtuelle Ausstellung \u2013 das steht bei der kostenfreien Regionalkonferenz \u201eS\u00fcdwestfalen digital\u201c des Mittelstand 4.0-Kompetenzzentrums Siegen am Donnerstag, 9. September, auf dem Programm. Die Konferenz findet online statt und richtet sich an Mitarbeitende aus kleinen und mittleren Unternehmen in S\u00fcdwestfalen und dar\u00fcber hinaus sowie an Multiplikatoren. \u201eWir freuen uns sehr auf den Austausch mit Mitarbeitenden aus ganz unterschiedlichen Branchen und Ebenen im Unternehmen\u201c, sagt der Gesch\u00e4ftsstellenleiter des Kompetenzzentrums, Dr. Muhamed Kudic.<\/p>\n<p>Das Kompetenzzentrum gibt es seit vier Jahren an der Universit\u00e4t Siegen, die Mitarbeitenden unterst\u00fctzen kleine und mittlere Unternehmen in S\u00fcdwestfalen und dar\u00fcber hinaus bei der Digitalisierung. Daf\u00fcr wird das Kompetenzzentrum vom Bundeswirtschaftsministerium (BMWi) gef\u00f6rdert. Der Leiter des Arbeitsstabes Mittelstandsstrategie im BMWi, Dr. Phillip Birkenmaier, wird die Teilnehmenden bei der Regionalkonferenz begr\u00fc\u00dfen.<\/p>\n<p>Danach gibt es einen Erfahrungsaustausch mit Teilnehmenden der Digital Scouts Workshop-Reihen des Kompetenzzentrums. In den Workshops der Reihe werden Mitarbeitende von kleinen und mittleren Unternehmen anhand echter Praxisbeispiele fit f\u00fcr die Digitalisierung gemacht. Sie berichten bei der Regionalkonferenz, welche Digitalisierungsprojekte sie in ihren Unternehmen angegangen sind. \u201eBei den Reihen waren Mitarbeitende aus ganz unterschiedlichen Branchen dabei, vom produzierenden Unternehmen bis zur Altenpflege-Einrichtung\u201c, sagt Marc Gerbracht, der im Kompetenzzentrum f\u00fcr die Digital Scouts zust\u00e4ndig ist und beim Erfahrungsaustausch mit dabei sein wird.<\/p>\n<p>Anschlie\u00dfend k\u00f6nnen die Teilnehmenden aus neun spannenden Workshops und F\u00fchrungen ausw\u00e4hlen. Bei einem geht es zum Beispiel um agiles Projektmanagement. \u201eGerade im Mittelstand kommt es darauf an, sich f\u00fcr ein situationsgerechtes Vorgehen im Projektmanagement zu entscheiden\u201c, erkl\u00e4rt Juliana Kleffner vom Standort des Kompetenzzentrums in Meschede, die den Workshop zusammen mit ihrer Kollegin Dr. Irene Teich halten wird.<\/p>\n<p>Im Workshop zum Thema Live-Hacking k\u00f6nnen die Teilnehmenden erleben, wie Alltagsgegenst\u00e4nde zu gef\u00e4hrlichen Sicherheitsl\u00fccken werden k\u00f6nnen. \u201eEs geht darum, g\u00e4ngige Angriffe auf die Sicherheit der IT zu veranschaulichen\u201c, erkl\u00e4rt Nico Vitt, der im Kompetenzzentrum f\u00fcr IT-Sicherheit zust\u00e4ndig ist.<\/p>\n<p>Der Change 4.0-Workshop gibt einen Einblick, wo das eigene Unternehmen im digitalen Wandel steht und wie die Mitarbeitenden bei Ver\u00e4nderungsprozessen mit einbezogen werden k\u00f6nnen. Im Planspiel-Workshop werden die Teilnehmenden auf spannende und kurzweilige Weise in die Themenwelt der Industrie 4.0 eingef\u00fchrt.<\/p>\n<p>Au\u00dferdem wird es einen virtuellen Rundgang durch die TransferFactory am Standort in Meschede und durch die Lern- und Forschungsfabrik am Standort in Bochum geben. Beim Robotik-Workshop geht es vor allem um die Gesundheits- und Pflegebranche und darum, wie Gesundheitspersonal bei der Arbeit durch Roboter unterst\u00fctzt werden kann. In einem anderen Workshop wird das Thema Blockchain behandelt.<\/p>\n<p>Wie gerade Handwerks- und Kleinstbetriebe digitale Komponenten in ihr Gesch\u00e4ftsmodell integrieren k\u00f6nnen, darum geht es bei einem weiteren Workshop. \u201eWir wollen den Teilnehmenden zeigen, welche M\u00f6glichkeiten es f\u00fcr sie gibt\u201c, erkl\u00e4rt Philipp K\u00f6hn, der den Workshop leitet.<\/p>\n<p>Zum Abschluss wird es ein Impuls-Gespr\u00e4ch mit Sabine Bechheim, Leitung berufliche Bildung und Gr\u00fcndung bei der Industrie- und Handelskammer Siegen und Gabi Schilling, IG Metall Bezirksleitung NRW zum Thema Digitalisierung der Arbeit in S\u00fcdwestfalen geben.<\/p>\n<p>Die Konferenz findet von 10 bis 16.30 Uhr online statt. Die Zugangsdaten erhalten Teilnehmende nach der Anmeldung unter <a href=\"https:\/\/bit.ly\/regionalkonferenzsiegen\" target=\"_blank\" rel=\"noopener\">https:\/\/bit.ly\/regionalkonferenzsiegen<\/a>. Einen Flyer zur Konferenz gibt es <a href=\"https:\/\/www.vdsm.net\/wronline\/wp-content\/uploads\/2021\/08\/Einladung-final.pdf\" target=\"_blank\" rel=\"noopener\">hier<\/a>.<\/p>\n<p>Text und Foto: <a href=\"https:\/\/kompetenzzentrum-siegen.digital\/\" target=\"_blank\" rel=\"noopener\">Mittelstand 4.0-Kompetenzzentrum Siegen<\/a><\/p>\n","protected":false},"excerpt":{"rendered":"<p>Spannende Workshops, F\u00fchrungen und eine virtuelle Ausstellung \u2013 das steht bei der kostenfreien Regionalkonferenz \u201eS\u00fcdwestfalen digital\u201c des Mittelstand 4.0-Kompetenzzentrums Siegen am Donnerstag, 9. September, auf&#8230;<\/p>\n","protected":false},"author":6,"featured_media":24625,"comment_status":"open","ping_status":"open","sticky":false,"template":"","format":"standard","meta":{"_jetpack_memberships_contains_paid_content":false,"footnotes":""},"categories":[32,30,34,11],"tags":[],"class_list":["post-24620","post","type-post","status-publish","format-standard","has-post-thumbnail","hentry","category-infos","category-vermischtes","category-termine","category-regionale-wirtschaft"],"jetpack_featured_media_url":"https:\/\/www.vdsm.net\/wronline\/wp-content\/uploads\/2021\/08\/Regionalkonferenz_WEB.jpg","jetpack_sharing_enabled":true,"_links":{"self":[{"href":"https:\/\/www.vdsm.net\/wronline\/wp-json\/wp\/v2\/posts\/24620","targetHints":{"allow":["GET"]}}],"collection":[{"href":"https:\/\/www.vdsm.net\/wronline\/wp-json\/wp\/v2\/posts"}],"about":[{"href":"https:\/\/www.vdsm.net\/wronline\/wp-json\/wp\/v2\/types\/post"}],"author":[{"embeddable":true,"href":"https:\/\/www.vdsm.net\/wronline\/wp-json\/wp\/v2\/users\/6"}],"replies":[{"embeddable":true,"href":"https:\/\/www.vdsm.net\/wronline\/wp-json\/wp\/v2\/comments?post=24620"}],"version-history":[{"count":3,"href":"https:\/\/www.vdsm.net\/wronline\/wp-json\/wp\/v2\/posts\/24620\/revisions"}],"predecessor-version":[{"id":24624,"href":"https:\/\/www.vdsm.net\/wronline\/wp-json\/wp\/v2\/posts\/24620\/revisions\/24624"}],"wp:featuredmedia":[{"embeddable":true,"href":"https:\/\/www.vdsm.net\/wronline\/wp-json\/wp\/v2\/media\/24625"}],"wp:attachment":[{"href":"https:\/\/www.vdsm.net\/wronline\/wp-json\/wp\/v2\/media?parent=24620"}],"wp:term":[{"taxonomy":"category","embeddable":true,"href":"https:\/\/www.vdsm.net\/wronline\/wp-json\/wp\/v2\/categories?post=24620"},{"taxonomy":"post_tag","embeddable":true,"href":"https:\/\/www.vdsm.net\/wronline\/wp-json\/wp\/v2\/tags?post=24620"}],"curies":[{"name":"wp","href":"https:\/\/api.w.org\/{rel}","templated":true}]}}