{"id":24608,"date":"2021-08-04T08:30:35","date_gmt":"2021-08-04T06:30:35","guid":{"rendered":"https:\/\/www.vdsm.net\/wronline\/?p=24608"},"modified":"2021-08-04T08:29:45","modified_gmt":"2021-08-04T06:29:45","slug":"mennekes-begruesst-18-auszubildende","status":"publish","type":"post","link":"https:\/\/www.vdsm.net\/wronline\/mennekes-begruesst-18-auszubildende\/","title":{"rendered":"MENNEKES begr\u00fc\u00dft 18 Auszubildende"},"content":{"rendered":"<p>Wie geht es f\u00fcr mich nach der Schule weiter? Diese Frage stellen sich jedes Jahr tausende junge Menschen. 18 von ihnen entschieden sich k\u00fcrzlich f\u00fcr eine Ausbildung bei MENNEKES. Am 2. August starteten sie in ihre erste Arbeitswoche beim Sauerl\u00e4nder Familienunternehmen. Die neuen Azubis werden in insgesamt acht technischen und kaufm\u00e4nnischen Berufen ausgebildet. In den ersten Tagen erwartet sie ein spannendes Willkommensprogramm.<\/p>\n<p>An ihrem ersten Arbeitstag gab es f\u00fcr die Nachwuchstalente nicht nur einen Empfang durch das Ausbildungsteam. Christopher Mennekes, gesch\u00e4ftsf\u00fchrender Gesellschafter, lie\u00df es sich ebenfalls nicht nehmen, den neuen Ausbildungsjahrgang pers\u00f6nlich zu begr\u00fc\u00dfen. \u201eWir bilden seit Jahrzehnten aus und darauf sind wir stolz. Jungen talentierten Menschen eine gute Berufsausbildung zu erm\u00f6glichen, spielt bei uns schon immer eine zentrale Rolle. Unsere Azubis sind ein wichtiger Teil von MENNEKES und mit diesem Ansatz haben wir Erfolg: Viele unserer heutigen Fach- und F\u00fchrungskr\u00e4fte starteten im Unternehmen einst mit einer Ausbildung\u201c, erkl\u00e4rt Christopher Mennekes.<\/p>\n<p>Die Azubis des Jahrgangs 2021 werden als Industriekauffrau\/mann, Mechatroniker\/in, Fachinformatiker\/in, Industrieelektriker\/in, Fachlagerist\/in sowie als Industrie-, Verfahrens- und Zerspanungsmechaniker\/in ausgebildet. Je nach Beruf dauert die Ausbildung zwei bis dreieinhalb Jahre. W\u00e4hrend dieser Zeit durchlaufen die jungen Besch\u00e4ftigten im Unternehmen verschiedene Ausbildungsstationen und Einsatzbereiche.<\/p>\n<p>Das Ausbildungsteam um Stephan Herzig und Christian Pickhan hat f\u00fcr die neuen Azubis wieder eine spannende Einf\u00fchrungswoche geplant. Auf dem Programm stehen verschiedene Workshops, Planspiele, ein Werksrundgang und ein Pers\u00f6nlichkeitstraining. In den kommenden Wochen werden die Nachwuchstalente durch ihre Ausbilder und erfahrene Kollegen detailliert in die k\u00fcnftigen Berufe eingearbeitet. Voraussichtlich zum Jahresende gibt es das traditionelle \u201emeet and greet\u201c mit den gesch\u00e4ftsf\u00fchrenden Gesellschaftern Christopher und Walter Mennekes. Sollte es die Pandemielage zulassen, steht au\u00dferdem wieder eine Azubi-Fahrt an.<\/p>\n<p>\u201eWir investieren viel Zeit und Ressourcen in unsere Auszubildenden \u2013 schlie\u00dflich wollen wir sie bestm\u00f6glich auf den Beruf vorbereiten und sie sind eine tragende S\u00e4ule unseres Hauses\u201c, berichtet Christian Pickhan, technischer Ausbildungsleiter. \u201eTrotz Corona-Pandemie w\u00e4chst\u00a0MENNEKES weiter und wir bieten unseren Azubis nach wie vor eine sichere \u00dcbernahmeperspektive\u201c, unterstreicht sein Kollege Stephan Herzig, kaufm\u00e4nnischer Ausbildungsleiter.<\/p>\n<p>Dieses Engagement wird regelm\u00e4\u00dfig ausgezeichnet: 2020 etwa erhielt MENNEKES erneut das G\u00fctesiegel \u201eAusgezeichneter Ausbildungsbetrieb\u201c. Das Zertifikat basiert auf einer 100 Seiten umfassenden anonymen Befragung der Azubis sowie einer Auswertung der Ausbildungskennzahlen und wird von der Initiative \u201eertragswerkstatt\u201c verliehen.<\/p>\n<p>MENNEKES bildet in insgesamt zehn Ausbildungsberufen aus. Sch\u00fclerinnen und Sch\u00fcler k\u00f6nnen sich bereits f\u00fcr die Ausbildungsstellen in 2022 bewerben. Alle Infos zur Bewerbung, Details und Videos zu den Berufen gibt es unter:\u00a0<a href=\"https:\/\/www.mennekes.de\/karriere\/perspektiven\/schueler\/ausbildung\/\" target=\"_blank\" rel=\"noopener\">www.MENNEKES.de\/ausbildung<\/a>.<\/p>\n<p>Text und Foto: <a href=\"https:\/\/www.mennekes.de\/\" target=\"_blank\" rel=\"noopener\">MENNEKES Elektrotechnik GmbH &amp; Co. KG<\/a><\/p>\n","protected":false},"excerpt":{"rendered":"<p>Wie geht es f\u00fcr mich nach der Schule weiter? Diese Frage stellen sich jedes Jahr tausende junge Menschen. 18 von ihnen entschieden sich k\u00fcrzlich f\u00fcr&#8230;<\/p>\n","protected":false},"author":6,"featured_media":24609,"comment_status":"open","ping_status":"open","sticky":false,"template":"","format":"standard","meta":{"_jetpack_memberships_contains_paid_content":false,"footnotes":""},"categories":[1,8,32,10],"tags":[],"class_list":["post-24608","post","type-post","status-publish","format-standard","has-post-thumbnail","hentry","category-aktuell","category-ausbildung","category-infos","category-unternehmen"],"jetpack_featured_media_url":"https:\/\/www.vdsm.net\/wronline\/wp-content\/uploads\/2021\/08\/mennekes_azubis_2021_WEB.jpg","jetpack_sharing_enabled":true,"_links":{"self":[{"href":"https:\/\/www.vdsm.net\/wronline\/wp-json\/wp\/v2\/posts\/24608","targetHints":{"allow":["GET"]}}],"collection":[{"href":"https:\/\/www.vdsm.net\/wronline\/wp-json\/wp\/v2\/posts"}],"about":[{"href":"https:\/\/www.vdsm.net\/wronline\/wp-json\/wp\/v2\/types\/post"}],"author":[{"embeddable":true,"href":"https:\/\/www.vdsm.net\/wronline\/wp-json\/wp\/v2\/users\/6"}],"replies":[{"embeddable":true,"href":"https:\/\/www.vdsm.net\/wronline\/wp-json\/wp\/v2\/comments?post=24608"}],"version-history":[{"count":3,"href":"https:\/\/www.vdsm.net\/wronline\/wp-json\/wp\/v2\/posts\/24608\/revisions"}],"predecessor-version":[{"id":24612,"href":"https:\/\/www.vdsm.net\/wronline\/wp-json\/wp\/v2\/posts\/24608\/revisions\/24612"}],"wp:featuredmedia":[{"embeddable":true,"href":"https:\/\/www.vdsm.net\/wronline\/wp-json\/wp\/v2\/media\/24609"}],"wp:attachment":[{"href":"https:\/\/www.vdsm.net\/wronline\/wp-json\/wp\/v2\/media?parent=24608"}],"wp:term":[{"taxonomy":"category","embeddable":true,"href":"https:\/\/www.vdsm.net\/wronline\/wp-json\/wp\/v2\/categories?post=24608"},{"taxonomy":"post_tag","embeddable":true,"href":"https:\/\/www.vdsm.net\/wronline\/wp-json\/wp\/v2\/tags?post=24608"}],"curies":[{"name":"wp","href":"https:\/\/api.w.org\/{rel}","templated":true}]}}