{"id":2454,"date":"2015-06-01T13:53:22","date_gmt":"2015-06-01T11:53:22","guid":{"rendered":"http:\/\/www.vdsm.net\/wronline\/?p=2454"},"modified":"2015-06-01T13:53:22","modified_gmt":"2015-06-01T11:53:22","slug":"erfolgreiche-beachvolleyballerinnen-zu-besuch-bei-mennekes","status":"publish","type":"post","link":"https:\/\/www.vdsm.net\/wronline\/erfolgreiche-beachvolleyballerinnen-zu-besuch-bei-mennekes\/","title":{"rendered":"Erfolgreiche Beachvolleyballerinnen zu Besuch bei Mennekes"},"content":{"rendered":"<div id=\"attachment_2455\" style=\"width: 210px\" class=\"wp-caption alignleft\"><a href=\"http:\/\/www.vdsm.net\/wronline\/wp-content\/uploads\/2015\/06\/MENNEKES-weiterhin-Hauptspo.jpg\"><img loading=\"lazy\" decoding=\"async\" aria-describedby=\"caption-attachment-2455\" class=\"size-medium wp-image-2455\" src=\"http:\/\/www.vdsm.net\/wronline\/wp-content\/uploads\/2015\/06\/MENNEKES-weiterhin-Hauptspo-200x300.jpg\" alt=\"Christopher Mennekes (rechts) unterst\u00fctzt mit seinem Unternehmen f\u00fcr weitere zwei Jahre das erfolgreiche Beachvolleyball-Team mit Isabel Schneider (links) aus Wenden-Ottfingen und Teresa Mersmann (Mitte). (Foto: Mennekes)\" width=\"200\" height=\"300\" srcset=\"https:\/\/www.vdsm.net\/wronline\/wp-content\/uploads\/2015\/06\/MENNEKES-weiterhin-Hauptspo-200x300.jpg 200w, https:\/\/www.vdsm.net\/wronline\/wp-content\/uploads\/2015\/06\/MENNEKES-weiterhin-Hauptspo.jpg 400w\" sizes=\"auto, (max-width: 200px) 100vw, 200px\" \/><\/a><p id=\"caption-attachment-2455\" class=\"wp-caption-text\">Christopher Mennekes (rechts) unterst\u00fctzt mit seinem Unternehmen f\u00fcr weitere zwei Jahre das erfolgreiche Beachvolleyball-Team mit Isabel Schneider (links) aus Wenden-Ottfingen und Teresa Mersmann (Mitte). (Foto: Mennekes)<\/p><\/div>\n<p>Bereits seit 2010 begleitet die Mennekes Unternehmensgruppe die Beachvolleyballerin\u00a0\u00a0 Isabel Schneider. Die 23-j\u00e4hrige BWL-Studentin aus Ottfingen im Kreis Olpe startet nun mit ihrer Partnerin Teresa Mersmann in die dritte Saison. Das erfolgreiche Team konzentriert sich mittlerweile voll auf den Leistungssport und geh\u00f6rt zu den besten Nachwuchs-Teams im deutschen Beachvolleyball. Ziel der Beiden ist es, zum A-Kader der deutschen Mannschaft zu sto\u00dfen und die Teilnahme an Olympia 2020 zu erreichen.<\/p>\n<p>\u201eMit unserem Unternehmen sind wir seit nunmehr 80 Jahren hier in der Region verwurzelt. Daher unterst\u00fctzen wir gerne neben zahlreichen Vereinen auch solche Ausnahme-Athleten aus der Region wie Isabel Schneider mit ihrer Partnerin Teresa Mersmann.\u201c, so Christopher Mennekes zum Engagement des Unternehmens.<\/p>\n<p>Isabel Schneider wei\u00df aus eigener Erfahrung, dass der Weg einer Athletin nicht immer einfach ist: \u201eGerade am Anfang ist es schwierig, Ausbildung und Sport unter einen Hut zu bringen. Und nat\u00fcrlich auch die Kosten f\u00fcr die notwendige Ausr\u00fcstung und vor allem die vielen Reisen aufzubringen. Deshalb sind wir dankbar f\u00fcr die tolle und langfristige Unterst\u00fctzung durch die Firma Mennekes.\u201c<\/p>\n<p>Das Beachvolleyball-Team Schneider\/Mersmann hat inzwischen einen festen Trainer engagiert. Und einen vollen Terminkalender. W\u00e4hrend der Saison von April bis Oktober stehen Reisen zu Turnieren auf der ganzen Welt an, zum Beispiel in Spanien, der Schweiz, China, Russland oder Mexiko.<\/p>\n<p>Bei den letzten Turnieren konnten Isabel Schneider und Teresa Mersmann bereits beachtliche Erfolge erzielen. Neben einigen Podiumspl\u00e4tzen bei der Smart-Beach-Tour erreichten sie den 5. Platz bei den deutschen Meisterschaften sowie international den 5. Platz beim FIVB-Open in Anapa \/ Russland.\u00a0Die Nominierung in den B-Kader des Kompetenzteams des Deutschen Volleyball-Verbandes mit Nationalkaderstatus ist ein weiterer Schritt, um im Leistungssport ganz vorne mitzuspielen.<\/p>\n<p>Christopher Mennekes ist \u00fcberzeugt: \u201eMit Isabel und Teresa haben wir zwei Sportlerinnen gefunden, die sehr gut zu den Werten unseres Unternehmens passen: authentisch, bodenst\u00e4ndig und &#8211; erfolgreich. Wir alle dr\u00fccken die Daumen f\u00fcr eine weiterhin erfolgreiche Saison der Beiden.\u201c<\/p>\n","protected":false},"excerpt":{"rendered":"<p>Bereits seit 2010 begleitet die Mennekes Unternehmensgruppe die Beachvolleyballerin\u00a0\u00a0 Isabel Schneider. Die 23-j\u00e4hrige BWL-Studentin aus Ottfingen im Kreis Olpe startet nun mit ihrer Partnerin Teresa&#8230;<\/p>\n","protected":false},"author":2,"featured_media":2455,"comment_status":"open","ping_status":"open","sticky":false,"template":"","format":"standard","meta":{"_jetpack_memberships_contains_paid_content":false,"footnotes":""},"categories":[10],"tags":[],"class_list":["post-2454","post","type-post","status-publish","format-standard","has-post-thumbnail","hentry","category-unternehmen"],"jetpack_featured_media_url":"https:\/\/www.vdsm.net\/wronline\/wp-content\/uploads\/2015\/06\/MENNEKES-weiterhin-Hauptspo.jpg","jetpack_sharing_enabled":true,"_links":{"self":[{"href":"https:\/\/www.vdsm.net\/wronline\/wp-json\/wp\/v2\/posts\/2454","targetHints":{"allow":["GET"]}}],"collection":[{"href":"https:\/\/www.vdsm.net\/wronline\/wp-json\/wp\/v2\/posts"}],"about":[{"href":"https:\/\/www.vdsm.net\/wronline\/wp-json\/wp\/v2\/types\/post"}],"author":[{"embeddable":true,"href":"https:\/\/www.vdsm.net\/wronline\/wp-json\/wp\/v2\/users\/2"}],"replies":[{"embeddable":true,"href":"https:\/\/www.vdsm.net\/wronline\/wp-json\/wp\/v2\/comments?post=2454"}],"version-history":[{"count":1,"href":"https:\/\/www.vdsm.net\/wronline\/wp-json\/wp\/v2\/posts\/2454\/revisions"}],"predecessor-version":[{"id":2456,"href":"https:\/\/www.vdsm.net\/wronline\/wp-json\/wp\/v2\/posts\/2454\/revisions\/2456"}],"wp:featuredmedia":[{"embeddable":true,"href":"https:\/\/www.vdsm.net\/wronline\/wp-json\/wp\/v2\/media\/2455"}],"wp:attachment":[{"href":"https:\/\/www.vdsm.net\/wronline\/wp-json\/wp\/v2\/media?parent=2454"}],"wp:term":[{"taxonomy":"category","embeddable":true,"href":"https:\/\/www.vdsm.net\/wronline\/wp-json\/wp\/v2\/categories?post=2454"},{"taxonomy":"post_tag","embeddable":true,"href":"https:\/\/www.vdsm.net\/wronline\/wp-json\/wp\/v2\/tags?post=2454"}],"curies":[{"name":"wp","href":"https:\/\/api.w.org\/{rel}","templated":true}]}}