{"id":2446,"date":"2015-05-27T10:42:45","date_gmt":"2015-05-27T08:42:45","guid":{"rendered":"http:\/\/www.vdsm.net\/wronline\/?p=2446"},"modified":"2015-05-27T10:42:45","modified_gmt":"2015-05-27T08:42:45","slug":"65-millionen-euro-fliessen-in-die-modernisierung-der-uni-siegen","status":"publish","type":"post","link":"https:\/\/www.vdsm.net\/wronline\/65-millionen-euro-fliessen-in-die-modernisierung-der-uni-siegen\/","title":{"rendered":"65 Millionen Euro flie\u00dfen in die Modernisierung der Uni Siegen"},"content":{"rendered":"<div id=\"attachment_2447\" style=\"width: 235px\" class=\"wp-caption alignleft\"><a href=\"http:\/\/www.vdsm.net\/wronline\/wp-content\/uploads\/2015\/05\/Adolf-Reichwein_04.jpg\"><img loading=\"lazy\" decoding=\"async\" aria-describedby=\"caption-attachment-2447\" class=\"size-medium wp-image-2447\" src=\"http:\/\/www.vdsm.net\/wronline\/wp-content\/uploads\/2015\/05\/Adolf-Reichwein_04-225x300.jpg\" alt=\"Das K-Geb\u00e4ude auf dem Adolf-Reichwein-Campus der Universit\u00e4t Siegen mit seinem weit sichtbaren Turm. (Quelle: Universit\u00e4t Siegen)\" width=\"225\" height=\"300\" srcset=\"https:\/\/www.vdsm.net\/wronline\/wp-content\/uploads\/2015\/05\/Adolf-Reichwein_04-225x300.jpg 225w, https:\/\/www.vdsm.net\/wronline\/wp-content\/uploads\/2015\/05\/Adolf-Reichwein_04.jpg 300w\" sizes=\"auto, (max-width: 225px) 100vw, 225px\" \/><\/a><p id=\"caption-attachment-2447\" class=\"wp-caption-text\">Das K-Geb\u00e4ude auf dem Adolf-Reichwein-Campus der Universit\u00e4t Siegen mit seinem weit sichtbaren Turm. (Quelle: Universit\u00e4t Siegen)<\/p><\/div>\n<p>Mit einem gro\u00dfen Sanierungspaket stellt sich die Universit\u00e4t Siegen f\u00fcr die Zukunft auf. Bis zum Jahr 2019 sollen auf dem Campus Adolf-Reichwein-Stra\u00dfe die Geb\u00e4udekomplexe K, H, Universit\u00e4tsbibliothek und Mensa modernisiert werden. \u201eDas Land stellt uns daf\u00fcr aus dem Hochschulbaukonsolidierungsprogramm rund 65 Millionen Euro zur Verf\u00fcgung, bisher hatten wir eine Zusage \u00fcber 32,5 Millionen, womit aber lediglich eine Teilsanierung m\u00f6glich gewesen w\u00e4re\u201c, erkl\u00e4rte Kanzler Ulf Richter.<\/p>\n<p>Die in den 1970er Jahren errichteten Geb\u00e4ude weisen einen hohen Sanierungsbedarf auf und entsprechen trotz st\u00e4ndiger Instandhaltungsma\u00dfnahmen in keiner Weise dem heutigen Standard. \u201eStrategisch haben wir uns in den vergangenen f\u00fcnf Jahren im Bereich Forschung und Lehre gut aufgestellt, das Ministerium honoriert mit dieser Entscheidung die positive Entwicklung der Universit\u00e4t Siegen, so dass wir auch die Infrastruktur den modernen Anforderungen anpassen k\u00f6nnen\u201c, sagte Prof. Dr. Holger Burckhart. Wichtig ist dem Rektor zudem, im K-Geb\u00e4ude ein freundliches und einladendes Ambiente zu schaffen, da es aufgrund seiner Architektur mit weit sichtbarem Turm und seiner Funktion als Eingangsbereich f\u00fcr die Mensa des Studierendenwerkes bedeutend ist. Auch die Arbeits-, Lehr- und Lernumgebungen sollen verbessert werden. Neue Zuschnitte der R\u00e4ume sind denkbar.<\/p>\n<p>17.000 Quadratmeter Hauptnutzfl\u00e4che werden kernsaniert, alle Geb\u00e4ude m\u00fcssen f\u00fcr die Zeit der zweieinhalbj\u00e4hrigen Bauphase ab dem Jahr 2017 freigezogen werden. \u201eDas ist nat\u00fcrlich insbesondere f\u00fcr Bibliothek und Mensa eine gro\u00dfe Herausforderung, entsprechende Interimsl\u00f6sungen werden derzeit erarbeitet\u201c, so Ulf Richter. Denkbar sei die Unterbringung der Bibliothek in den frei werdenden Geb\u00e4uden der Haardter Bergschule, die sich im Besitz der Stadt Siegen befindet. Die Mensa k\u00f6nnte in einem befristet errichteten Modulbau auf der angrenzenden Gr\u00fcnfl\u00e4che ein Zuhause auf Zeit finden. Diese und andere Szenarien werden nun ausgearbeitet und auf ihre Umsetzung hin \u00fcberpr\u00fcft. Auch f\u00fcr die B\u00fcro-, Labor- und Besprechungsr\u00e4ume insbesondere der Philosophischen Fakult\u00e4t in den Komplexen K und H gibt es bereits einen L\u00f6sungsvorschlag: Durch den Auszug der Wirtschaftswissenschaftler vom Campus H\u00f6lderlin zum Campus Unteres Schloss sowie den Umzug der Verwaltungsmitarbeiter insbesondere vom Campus H\u00f6lderlin in das im Herbst 2015 bezugsfertige Allgemeine Verf\u00fcgungszentrum (AVZ) in der Adolf-Reichwein-Stra\u00dfe entsteht allein auf dem Campus H\u00f6lderlin Interimsplatz von 5000 Quadratmeter Nutzfl\u00e4che.<\/p>\n<p>Die langfristige Vision geht aber deutlich \u00fcber diese Ma\u00dfnahmen hinaus. Denn die gesamte Entwicklung des Haardter Berg-Standortes wird derzeit im Rahmen einer Planungswerkstatt in den Blick genommen. Folgende Aspekte sind dabei von zentraler Bedeutung:<\/p>\n<ul>\n<li>Die Entwicklung eines st\u00e4dtebaulich pr\u00e4gnanten Bildes \u201eUniversit\u00e4t auf dem Berg\u201c<\/li>\n<li>Die Vernetzung und Anbindung der Standorte untereinander<\/li>\n<li>Die Universit\u00e4t als Lebensraum, in dem man sich wohlf\u00fchlt und der auch eine gewisse Atmosph\u00e4re besitzt und ausstrahlt<\/li>\n<\/ul>\n","protected":false},"excerpt":{"rendered":"<p>Mit einem gro\u00dfen Sanierungspaket stellt sich die Universit\u00e4t Siegen f\u00fcr die Zukunft auf. Bis zum Jahr 2019 sollen auf dem Campus Adolf-Reichwein-Stra\u00dfe die Geb\u00e4udekomplexe K,&#8230;<\/p>\n","protected":false},"author":2,"featured_media":2447,"comment_status":"open","ping_status":"open","sticky":false,"template":"","format":"standard","meta":{"_jetpack_memberships_contains_paid_content":false,"footnotes":""},"categories":[8],"tags":[],"class_list":["post-2446","post","type-post","status-publish","format-standard","has-post-thumbnail","hentry","category-ausbildung"],"jetpack_featured_media_url":"https:\/\/www.vdsm.net\/wronline\/wp-content\/uploads\/2015\/05\/Adolf-Reichwein_04.jpg","jetpack_sharing_enabled":true,"_links":{"self":[{"href":"https:\/\/www.vdsm.net\/wronline\/wp-json\/wp\/v2\/posts\/2446","targetHints":{"allow":["GET"]}}],"collection":[{"href":"https:\/\/www.vdsm.net\/wronline\/wp-json\/wp\/v2\/posts"}],"about":[{"href":"https:\/\/www.vdsm.net\/wronline\/wp-json\/wp\/v2\/types\/post"}],"author":[{"embeddable":true,"href":"https:\/\/www.vdsm.net\/wronline\/wp-json\/wp\/v2\/users\/2"}],"replies":[{"embeddable":true,"href":"https:\/\/www.vdsm.net\/wronline\/wp-json\/wp\/v2\/comments?post=2446"}],"version-history":[{"count":1,"href":"https:\/\/www.vdsm.net\/wronline\/wp-json\/wp\/v2\/posts\/2446\/revisions"}],"predecessor-version":[{"id":2448,"href":"https:\/\/www.vdsm.net\/wronline\/wp-json\/wp\/v2\/posts\/2446\/revisions\/2448"}],"wp:featuredmedia":[{"embeddable":true,"href":"https:\/\/www.vdsm.net\/wronline\/wp-json\/wp\/v2\/media\/2447"}],"wp:attachment":[{"href":"https:\/\/www.vdsm.net\/wronline\/wp-json\/wp\/v2\/media?parent=2446"}],"wp:term":[{"taxonomy":"category","embeddable":true,"href":"https:\/\/www.vdsm.net\/wronline\/wp-json\/wp\/v2\/categories?post=2446"},{"taxonomy":"post_tag","embeddable":true,"href":"https:\/\/www.vdsm.net\/wronline\/wp-json\/wp\/v2\/tags?post=2446"}],"curies":[{"name":"wp","href":"https:\/\/api.w.org\/{rel}","templated":true}]}}