{"id":2427,"date":"2015-04-30T11:07:44","date_gmt":"2015-04-30T09:07:44","guid":{"rendered":"http:\/\/www.vdsm.net\/wronline\/?p=2427"},"modified":"2015-04-30T11:07:44","modified_gmt":"2015-04-30T09:07:44","slug":"fruehling-auf-dem-arbeitsmarkt-3","status":"publish","type":"post","link":"https:\/\/www.vdsm.net\/wronline\/fruehling-auf-dem-arbeitsmarkt-3\/","title":{"rendered":"Fr\u00fchling auf dem Arbeitsmarkt"},"content":{"rendered":"<p><strong><a href=\"http:\/\/www.vdsm.net\/wronline\/wp-content\/uploads\/2011\/12\/AASiegen.jpg\"><img loading=\"lazy\" decoding=\"async\" class=\"alignleft size-full wp-image-104\" src=\"http:\/\/www.vdsm.net\/wronline\/wp-content\/uploads\/2011\/12\/AASiegen.jpg\" alt=\"Arbeitsagentur Siegen\" width=\"250\" height=\"188\" \/><\/a>\u201e<\/strong>Auch im April weist die Entwicklung des heimischen Arbeitsmarktes in die bekannte Richtung. Egal ob bei Sonnenschein oder Regen &#8211; es herrscht Fr\u00fchling auf dem Arbeitsmarkt in der Region. Dadurch haben Arbeitssuchende gute Chancen auf Besch\u00e4ftigung\u201c, beschreibt Dr. Bettina Wolf, Vorsitzende der Gesch\u00e4ftsf\u00fchrung der Agentur f\u00fcr Arbeit Siegen, die gegenw\u00e4rtige Situation auf dem Arbeitsmarkt.<\/p>\n<p>Im April waren im Bezirk der Agentur f\u00fcr Arbeit Siegen 12.156 M\u00e4nner und Frauen arbeitslos. Das ist ein R\u00fcckgang im Vergleich zum M\u00e4rz um 205 Personen, das hei\u00dft 1,7 Prozent. Im Vergleich zum Vorjahresmonat lag der R\u00fcckgang bei 252 Personen oder 2,0 Prozent. Die Arbeitslosenquote im Bezirk der Agentur f\u00fcr Arbeit Siegen ist im Vergleich zum M\u00e4rz um 0,1 Prozentpunkte zur\u00fcckgegangen; sie liegt nun bei 5,3 Prozent.<\/p>\n<p>Der R\u00fcckgang der Arbeitslosigkeit verteilt sich nahezu auf alle ausgewiesenen Personengruppen. Wie bereits in den Vormonaten weist auch im April insbesondere die Personengruppe der J\u00fcngeren unter 25 Jahren den deutlichsten R\u00fcckgang aus. Die Arbeitslosenzahl der unter 25-J\u00e4hrigen ging um 5,1 Prozent zur\u00fcck, eine Reduzierung um 71 Personen im Vergleich zum M\u00e4rz. Dr. Bettina Wolf erkl\u00e4rt: \u201eJunge motivierte Fachkr\u00e4fte finden meist sehr schnell wieder Arbeit und werden aufgrund ihrer guten Qualifikationen und hohen Flexibilit\u00e4t sowie Mobilit\u00e4t von den heimischen Arbeitgebern besonders gefragt.\u201c<\/p>\n<p>Im Kreis Siegen-Wittgenstein waren im April 8.774 M\u00e4nner und Frauen ohne Arbeit. Das ist ein R\u00fcckgang um 83 Personen bzw. um 0,9 Prozent im Vergleich zum M\u00e4rz. Im April des vergangenen Jahres waren 103 Personen weniger arbeitslos. Dementsprechend sank die Arbeitslosenzahl um 1,2 Prozent. Die Arbeitslosenquote im April 2015 blieb unver\u00e4ndert bei 5,8 Prozent.<\/p>\n<p>Im Kreis Olpe verzeichnete die Arbeitsagentur einen R\u00fcckgang der Anzahl der Arbeitslosen um 3,5 Prozent. Mit 3.382 Personen waren im April 122 Personen weniger arbeitslos als im M\u00e4rz. Die Arbeitslosenquote fiel um 0,1 Prozentpunkte auf 4,4 Prozent. Verglichen mit April 2014 sank die Zahl der Arbeitslosen um 149 Personen, ein R\u00fcckgang um 4,2 Prozent.<\/p>\n<p>Der Arbeitgeber-Service hat seit Jahresbeginn 3.852 Arbeitsstellen eingeworben. Das ist ein Plus im Vergleich zum Vorjahreszeitraum von 32,6 Prozent oder 947 Stellen. Im Vergleich zum M\u00e4rz wurden 238 Stellen weniger gemeldet, der Stellenbestand ist hingegen mit 2.539 Stellen weiterhin steigend. Dr. Bettina Wolf analysiert: \u201eDer wachsende Stellenbestand ist ein Anzeichen daf\u00fcr, dass die Betriebe ihre freien Arbeitspl\u00e4tze nicht gleich besetzen k\u00f6nnen. Unser Arbeitgeber-Service ber\u00e4t daher die Unternehmen auf der Suche nach alternativen Wegen, um die Arbeitsstellen schnellstm\u00f6glich besetzen zu k\u00f6nnen. Durch die Nutzung von Qualifizierungsangeboten oder der Unterst\u00fctzung bei der Einarbeitung k\u00f6nnen auch M\u00e4nner und Frauen mit Verbesserungspotenzialen die freien Stellen rasch voll ausf\u00fcllen.\u201c<\/p>\n<p>Die Zahl der Arbeitslosen setzt sich in Siegen aus den Kunden der Arbeitslosenversicherung (Agentur f\u00fcr Arbeit Siegen) und aus den Kunden der Grundsicherung (Jobcenter Kreis Siegen-Wittgenstein und Jobcenter Kreis Olpe) zusammen.<\/p>\n<p>Im Rechtskreis der Agentur f\u00fcr Arbeit Siegen sank die Zahl der Arbeitslosen um 286 Personen auf 4.225 M\u00e4nner und Frauen, ein R\u00fcckgang um 6,3 Prozent. Verglichen mit April des vergangenen Jahres ergibt sich ein R\u00fcckgang um 275 Personen oder 6,1 Prozent. Im Rechtskreis der Jobcenter waren mit 7.931 M\u00e4nnern und Frauen 81 Personen mehr arbeitslos als im M\u00e4rz. Die Zahl der Arbeitslosen stieg damit in diesem Rechtskreis um 1,0 Prozent. Im April 2014 waren 23 M\u00e4nner und Frauen mehr arbeitslos. Der Vorjahresvergleich weist damit ein Plus der Arbeitslosigkeit im Rechtskreis der Jobcenter um 0,3 Prozent auf.<\/p>\n<p>Das Jobcenter Kreis Siegen-Wittgenstein war im April f\u00fcr 5.901 arbeitslose Personen zust\u00e4ndig. Das sind 93 Personen mehr als im M\u00e4rz, ein Anstieg um 1,6 Prozent. Verglichen mit dem Vorjahresmonat zeigt sich ein Plus von 1,9 Prozent oder 180 M\u00e4nner und Frauen.<\/p>\n<p>Das Jobcenter Kreis Olpe betreut derzeit 2.030 arbeitslose Personen. Damit kann im Kreis Olpe ein R\u00fcckgang um 12 Personen (0,6 Prozent) im Vergleich zum M\u00e4rz und um 85 Personen (4,0 Prozent) im Vergleich zum April 2014 verzeichnet werden.<\/p>\n<p>\u201eIn den kommenden Monaten werden wir unseren Fokus weiter auf das Thema der Sicherung von gen\u00fcgend Fachkr\u00e4ften f\u00fcr die Region legen, damit es nicht zu schnell zu weiteren Engp\u00e4ssen kommt\u201c, res\u00fcmiert Dr. Bettina Wolf.<\/p>\n","protected":false},"excerpt":{"rendered":"<p>\u201eAuch im April weist die Entwicklung des heimischen Arbeitsmarktes in die bekannte Richtung. Egal ob bei Sonnenschein oder Regen &#8211; es herrscht Fr\u00fchling auf dem&#8230;<\/p>\n","protected":false},"author":2,"featured_media":0,"comment_status":"open","ping_status":"open","sticky":false,"template":"","format":"standard","meta":{"_jetpack_memberships_contains_paid_content":false,"footnotes":""},"categories":[16],"tags":[],"class_list":["post-2427","post","type-post","status-publish","format-standard","hentry","category-arbeitsmarkt"],"jetpack_featured_media_url":"","jetpack_sharing_enabled":true,"_links":{"self":[{"href":"https:\/\/www.vdsm.net\/wronline\/wp-json\/wp\/v2\/posts\/2427","targetHints":{"allow":["GET"]}}],"collection":[{"href":"https:\/\/www.vdsm.net\/wronline\/wp-json\/wp\/v2\/posts"}],"about":[{"href":"https:\/\/www.vdsm.net\/wronline\/wp-json\/wp\/v2\/types\/post"}],"author":[{"embeddable":true,"href":"https:\/\/www.vdsm.net\/wronline\/wp-json\/wp\/v2\/users\/2"}],"replies":[{"embeddable":true,"href":"https:\/\/www.vdsm.net\/wronline\/wp-json\/wp\/v2\/comments?post=2427"}],"version-history":[{"count":2,"href":"https:\/\/www.vdsm.net\/wronline\/wp-json\/wp\/v2\/posts\/2427\/revisions"}],"predecessor-version":[{"id":2429,"href":"https:\/\/www.vdsm.net\/wronline\/wp-json\/wp\/v2\/posts\/2427\/revisions\/2429"}],"wp:attachment":[{"href":"https:\/\/www.vdsm.net\/wronline\/wp-json\/wp\/v2\/media?parent=2427"}],"wp:term":[{"taxonomy":"category","embeddable":true,"href":"https:\/\/www.vdsm.net\/wronline\/wp-json\/wp\/v2\/categories?post=2427"},{"taxonomy":"post_tag","embeddable":true,"href":"https:\/\/www.vdsm.net\/wronline\/wp-json\/wp\/v2\/tags?post=2427"}],"curies":[{"name":"wp","href":"https:\/\/api.w.org\/{rel}","templated":true}]}}