{"id":2409,"date":"2015-04-23T10:03:41","date_gmt":"2015-04-23T08:03:41","guid":{"rendered":"http:\/\/www.vdsm.net\/wronline\/?p=2409"},"modified":"2015-04-23T10:03:41","modified_gmt":"2015-04-23T08:03:41","slug":"mennekes-belegschaft-spendet-fuer-guten-zweck","status":"publish","type":"post","link":"https:\/\/www.vdsm.net\/wronline\/mennekes-belegschaft-spendet-fuer-guten-zweck\/","title":{"rendered":"Mennekes Belegschaft spendet f\u00fcr guten Zweck"},"content":{"rendered":"<div id=\"attachment_2410\" style=\"width: 310px\" class=\"wp-caption alignleft\"><a href=\"http:\/\/www.vdsm.net\/wronline\/wp-content\/uploads\/2015\/04\/MENNEKES-Belegschaft-spendet-f\u00fcr-guten-Zweck.jpg\"><img loading=\"lazy\" decoding=\"async\" aria-describedby=\"caption-attachment-2410\" class=\"size-medium wp-image-2410\" src=\"http:\/\/www.vdsm.net\/wronline\/wp-content\/uploads\/2015\/04\/MENNEKES-Belegschaft-spendet-f\u00fcr-guten-Zweck-300x200.jpg\" alt=\"Von links nach rechts:  Frau Dr. Kost (1. Vorsitzende) und Frau Mennekes (Schirmherrin) vom Verein  \u201eKompetenz gegen Brustkrebs\u201c, Frau Seppi (Einrichtungsleiterin) und Frau Th\u00fcmer (Pflegedienstleiterin) vom \u201eJosefinum\u201c, Ingo Hamers (Betriebsratsvorsitzender Mennekes) sowie Frau Schneider (1. Vorsitzende) vom F\u00f6rderverein der \u201eSt. Laurentius Schule\u201c.\" width=\"300\" height=\"200\" srcset=\"https:\/\/www.vdsm.net\/wronline\/wp-content\/uploads\/2015\/04\/MENNEKES-Belegschaft-spendet-f\u00fcr-guten-Zweck-300x200.jpg 300w, https:\/\/www.vdsm.net\/wronline\/wp-content\/uploads\/2015\/04\/MENNEKES-Belegschaft-spendet-f\u00fcr-guten-Zweck-150x100.jpg 150w, https:\/\/www.vdsm.net\/wronline\/wp-content\/uploads\/2015\/04\/MENNEKES-Belegschaft-spendet-f\u00fcr-guten-Zweck.jpg 600w\" sizes=\"auto, (max-width: 300px) 100vw, 300px\" \/><\/a><p id=\"caption-attachment-2410\" class=\"wp-caption-text\">Von links nach rechts: Frau Dr. Kost (1. Vorsitzende) und Frau Mennekes (Schirmherrin) vom Verein<br \/>\u201eKompetenz gegen Brustkrebs\u201c, Frau Seppi (Einrichtungsleiterin) und Frau Th\u00fcmer (Pflegedienstleiterin) vom \u201eJosefinum\u201c, Ingo Hamers (Betriebsratsvorsitzender Mennekes) sowie Frau Schneider (1. Vorsitzende) vom F\u00f6rderverein der \u201eSt. Laurentius Schule\u201c.<\/p><\/div>\n<p>Weihnachten, die Zeit der Geschenke, ist l\u00e4ngst vorbei, der Bedarf an Unterst\u00fctzung karitativer, ortsans\u00e4ssiger Einrichtungen noch lange nicht.\u00a0Grund genug f\u00fcr die Belegschaft der Mennekes Elektrotechnik GmbH &amp; Co. KG in Kirchhundem zu sagen: Wir m\u00f6chten helfen!\u00a03.000 \u20ac standen aus der Belegschaftskasse zur Verf\u00fcgung, um Einrichtungen zu unterst\u00fctzen, die sich insbesondere um die Menschen k\u00fcmmern, die in unserer Gesellschaft immer wieder ins Abseits geraten; \u201edie Kranken\u201c, \u201edie Alten\u201c und \u201edie geistig und k\u00f6rperlich behinderten Kinder\u201c.<\/p>\n<p>Christopher und Walter Mennekes waren von dem Gedanken so angetan, dass sie den Betrag kurzerhand auf 6.000 \u20ac verdoppelten.\u00a0Ingo Hamers, Betriebsratsvorsitzender der Mennekes Elektrotechnik GmbH &amp; Co. KG freute sich sehr, dadurch gleich drei Einrichtungen einen Scheck in H\u00f6he von 2.000 \u20ac \u00fcberreichen zu k\u00f6nnen.<\/p>\n<p>Frau Mennekes (Schirmherrin) und Frau Dr. Kost (1. Vorsitzende) vom Verein\u00a0\u201eKompetenz gegen Brustkrebs\u201c, Frau Seppi (Einrichtungsleiterin) und Frau Th\u00fcmer (Pflegedienstleiterin) vom \u201eJosefinum\u201c sowie Frau Schneider (1. Vorsitzende) vom F\u00f6rderverein der \u201eSt. Laurentius Schule\u201c freuten sich sehr \u00fcber die Anteilnahme der Belegschaft der Firma Mennekes und versprachen, dass jeder Euro f\u00fcr die \u00a0<span style=\"line-height: 1.5;\">Betroffenen guten Einsatz finden wird.<\/span><\/p>\n","protected":false},"excerpt":{"rendered":"<p>Weihnachten, die Zeit der Geschenke, ist l\u00e4ngst vorbei, der Bedarf an Unterst\u00fctzung karitativer, ortsans\u00e4ssiger Einrichtungen noch lange nicht.\u00a0Grund genug f\u00fcr die Belegschaft der Mennekes Elektrotechnik&#8230;<\/p>\n","protected":false},"author":2,"featured_media":2410,"comment_status":"open","ping_status":"open","sticky":false,"template":"","format":"standard","meta":{"_jetpack_memberships_contains_paid_content":false,"footnotes":""},"categories":[10],"tags":[],"class_list":["post-2409","post","type-post","status-publish","format-standard","has-post-thumbnail","hentry","category-unternehmen"],"jetpack_featured_media_url":"https:\/\/www.vdsm.net\/wronline\/wp-content\/uploads\/2015\/04\/MENNEKES-Belegschaft-spendet-f\u00fcr-guten-Zweck.jpg","jetpack_sharing_enabled":true,"_links":{"self":[{"href":"https:\/\/www.vdsm.net\/wronline\/wp-json\/wp\/v2\/posts\/2409","targetHints":{"allow":["GET"]}}],"collection":[{"href":"https:\/\/www.vdsm.net\/wronline\/wp-json\/wp\/v2\/posts"}],"about":[{"href":"https:\/\/www.vdsm.net\/wronline\/wp-json\/wp\/v2\/types\/post"}],"author":[{"embeddable":true,"href":"https:\/\/www.vdsm.net\/wronline\/wp-json\/wp\/v2\/users\/2"}],"replies":[{"embeddable":true,"href":"https:\/\/www.vdsm.net\/wronline\/wp-json\/wp\/v2\/comments?post=2409"}],"version-history":[{"count":1,"href":"https:\/\/www.vdsm.net\/wronline\/wp-json\/wp\/v2\/posts\/2409\/revisions"}],"predecessor-version":[{"id":2411,"href":"https:\/\/www.vdsm.net\/wronline\/wp-json\/wp\/v2\/posts\/2409\/revisions\/2411"}],"wp:featuredmedia":[{"embeddable":true,"href":"https:\/\/www.vdsm.net\/wronline\/wp-json\/wp\/v2\/media\/2410"}],"wp:attachment":[{"href":"https:\/\/www.vdsm.net\/wronline\/wp-json\/wp\/v2\/media?parent=2409"}],"wp:term":[{"taxonomy":"category","embeddable":true,"href":"https:\/\/www.vdsm.net\/wronline\/wp-json\/wp\/v2\/categories?post=2409"},{"taxonomy":"post_tag","embeddable":true,"href":"https:\/\/www.vdsm.net\/wronline\/wp-json\/wp\/v2\/tags?post=2409"}],"curies":[{"name":"wp","href":"https:\/\/api.w.org\/{rel}","templated":true}]}}