{"id":2400,"date":"2015-04-13T10:31:24","date_gmt":"2015-04-13T08:31:24","guid":{"rendered":"http:\/\/www.vdsm.net\/wronline\/?p=2400"},"modified":"2015-04-13T10:31:24","modified_gmt":"2015-04-13T08:31:24","slug":"siegener-kompetenzzentrum-fuer-elektromobilitaet-eroeffnet","status":"publish","type":"post","link":"https:\/\/www.vdsm.net\/wronline\/siegener-kompetenzzentrum-fuer-elektromobilitaet-eroeffnet\/","title":{"rendered":"Siegener Kompetenzzentrum f\u00fcr Elektromobilit\u00e4t er\u00f6ffnet"},"content":{"rendered":"<div id=\"attachment_2401\" style=\"width: 310px\" class=\"wp-caption alignleft\"><a href=\"http:\/\/www.vdsm.net\/wronline\/wp-content\/uploads\/2015\/04\/remonet1.jpg\"><img loading=\"lazy\" decoding=\"async\" aria-describedby=\"caption-attachment-2401\" class=\"size-medium wp-image-2401\" src=\"http:\/\/www.vdsm.net\/wronline\/wp-content\/uploads\/2015\/04\/remonet1-300x200.jpg\" alt=\"Er\u00f6ffneten das Kompetenzzentrum (von links): Henning Zoz (Kooperationspartner Zoz GmbH), Feriha \u00d6zdemir (Projektmitarbeiterin), Christophe Said (Projektmitarbeiter), J\u00fcrgen Daub (Projektkoordinator Uni Siegen) und Dominik Eichbaum (Projektkoordinator Stadt Siegen).\" width=\"300\" height=\"200\" srcset=\"https:\/\/www.vdsm.net\/wronline\/wp-content\/uploads\/2015\/04\/remonet1-300x200.jpg 300w, https:\/\/www.vdsm.net\/wronline\/wp-content\/uploads\/2015\/04\/remonet1-150x100.jpg 150w, https:\/\/www.vdsm.net\/wronline\/wp-content\/uploads\/2015\/04\/remonet1.jpg 600w\" sizes=\"auto, (max-width: 300px) 100vw, 300px\" \/><\/a><p id=\"caption-attachment-2401\" class=\"wp-caption-text\">Er\u00f6ffneten das Kompetenzzentrum (von links): Henning Zoz (Kooperationspartner Zoz GmbH), Feriha \u00d6zdemir (Projektmitarbeiterin), Christophe Said (Projektmitarbeiter), J\u00fcrgen Daub (Projektkoordinator Uni Siegen) und Dominik Eichbaum (Projektkoordinator Stadt Siegen).<\/p><\/div>\n<p>Wer sich f\u00fcr Elektromobilit\u00e4t in der Region Siegen interessiert, hat ab sofort einen Ansprechpartner. Das Siegener Kompetenzzentrum f\u00fcr Elektromobilit\u00e4t hat in Zusammenarbeit mit dem Zoz Mobilitystore in der Sandstr. 108 in Siegen ge\u00f6ffnet. Das Kompetenzzentrum ist ein wichtiger Baustein des Forschungs- und Innovationsprojekts remonet (regionales eMobility Netzwerk), in dem die Universit\u00e4t Siegen, die Stadt Siegen und mehreren Unternehmen gemeinsam erste Schritte in die elektromobile Zukunft von Siegen gehen.<\/p>\n<p>\u201eDieses Zentrum ist die erste Anlaufstelle f\u00fcr das Themenspektrum Elektromobilit\u00e4t. B\u00fcrgerinnen und B\u00fcrger k\u00f6nnen sich genau wie Unternehmen an dieses Zentrum wenden. Wir wollen der Elektromobilit\u00e4t den Boden bereiten\u201c, sagt J\u00fcrgen Daub, Projektkoordinator der Uni Siegen. Ob die private Anschaffung eines E-Bikes oder die Integration von Elektroautos in den Fuhrpark einer Firma \u2013 das Kompetenzzentrum k\u00fcmmert sich um alle Fragestellungen. F\u00fcr den Erstkontakt sollten Interessierte zun\u00e4chst eine E-Mail senden und einen Termin f\u00fcr die Beratung vereinbaren. Die Adresse daf\u00fcr lautet: <a class=\"\n\t  cd_mailto\" href=\"mailto:emobility@siegen.de\">emobility@siegen.de <\/a><\/p>\n<p>\u201eElektromobilit\u00e4t hei\u00dft, Mobilit\u00e4tsstrukturen zu ver\u00e4ndern. F\u00fcr dieses Thema sind wir der Mittler und k\u00f6nnen Hinweise geben, was m\u00f6glich ist\u201c, sagt Daub. Die Er\u00f6ffnung des Kompetenzzentrums z\u00e4hlt neben \u201eEntwicklung eines eMobile-Carsharing-Systems\u201c, \u201eNetz- und Serviceentwicklung f\u00fcr regionale Stromtankstellen\u201c und \u201ePraxiskonzept Fuhrpark-Umstellung auf Elektromobilit\u00e4t\u201c zu den Kernbereichen und Zielen des Projekts \u201eremonet\u201c. Die Projektleitung hat Prof. Dr. Gustav Bergmann, Lehrstuhl f\u00fcr Innovations- und Kompetenzmanagement.<\/p>\n<p>\u201eIch bin froh, dass diese erste Anlaufstelle nun da ist. Wir haben bereits Firmen als Partner gewonnen und laden alle ein, sich einzubringen. Die Mobilit\u00e4t in dieser Region muss sich ver\u00e4ndern, deshalb beteiligt sich die Stadt daran\u201c, sagte Dominik Eichbaum, Projektkoordinator der Stadt Siegen.<\/p>\n<p>Weitere Informationen zu \u201eremonet\u201c finden Sie <a class=\"\n\t  cd_extlink\" href=\"http:\/\/www.remonet.eu\/\" target=\"_blank\">hier<\/a>.<\/p>\n","protected":false},"excerpt":{"rendered":"<p>Wer sich f\u00fcr Elektromobilit\u00e4t in der Region Siegen interessiert, hat ab sofort einen Ansprechpartner. Das Siegener Kompetenzzentrum f\u00fcr Elektromobilit\u00e4t hat in Zusammenarbeit mit dem Zoz&#8230;<\/p>\n","protected":false},"author":2,"featured_media":2401,"comment_status":"open","ping_status":"open","sticky":false,"template":"","format":"standard","meta":{"_jetpack_memberships_contains_paid_content":false,"footnotes":""},"categories":[11],"tags":[],"class_list":["post-2400","post","type-post","status-publish","format-standard","has-post-thumbnail","hentry","category-regionale-wirtschaft"],"jetpack_featured_media_url":"https:\/\/www.vdsm.net\/wronline\/wp-content\/uploads\/2015\/04\/remonet1.jpg","jetpack_sharing_enabled":true,"_links":{"self":[{"href":"https:\/\/www.vdsm.net\/wronline\/wp-json\/wp\/v2\/posts\/2400","targetHints":{"allow":["GET"]}}],"collection":[{"href":"https:\/\/www.vdsm.net\/wronline\/wp-json\/wp\/v2\/posts"}],"about":[{"href":"https:\/\/www.vdsm.net\/wronline\/wp-json\/wp\/v2\/types\/post"}],"author":[{"embeddable":true,"href":"https:\/\/www.vdsm.net\/wronline\/wp-json\/wp\/v2\/users\/2"}],"replies":[{"embeddable":true,"href":"https:\/\/www.vdsm.net\/wronline\/wp-json\/wp\/v2\/comments?post=2400"}],"version-history":[{"count":2,"href":"https:\/\/www.vdsm.net\/wronline\/wp-json\/wp\/v2\/posts\/2400\/revisions"}],"predecessor-version":[{"id":2404,"href":"https:\/\/www.vdsm.net\/wronline\/wp-json\/wp\/v2\/posts\/2400\/revisions\/2404"}],"wp:featuredmedia":[{"embeddable":true,"href":"https:\/\/www.vdsm.net\/wronline\/wp-json\/wp\/v2\/media\/2401"}],"wp:attachment":[{"href":"https:\/\/www.vdsm.net\/wronline\/wp-json\/wp\/v2\/media?parent=2400"}],"wp:term":[{"taxonomy":"category","embeddable":true,"href":"https:\/\/www.vdsm.net\/wronline\/wp-json\/wp\/v2\/categories?post=2400"},{"taxonomy":"post_tag","embeddable":true,"href":"https:\/\/www.vdsm.net\/wronline\/wp-json\/wp\/v2\/tags?post=2400"}],"curies":[{"name":"wp","href":"https:\/\/api.w.org\/{rel}","templated":true}]}}