{"id":23881,"date":"2021-06-08T16:55:39","date_gmt":"2021-06-08T14:55:39","guid":{"rendered":"https:\/\/www.vdsm.net\/wronline\/?p=23881"},"modified":"2021-06-09T08:01:17","modified_gmt":"2021-06-09T06:01:17","slug":"impfstart-bei-viega","status":"publish","type":"post","link":"https:\/\/www.vdsm.net\/wronline\/impfstart-bei-viega\/","title":{"rendered":"Impfstart bei Viega"},"content":{"rendered":"<p>Viega bietet allen Mitarbeitern in Deutschland eine freiwillige Corona-Schutzimpfung an. Daf\u00fcr hat das Unternehmen Impfstra\u00dfen an den Standorten Attendorn\/Westfalen und Gro\u00dfheringen\/Th\u00fcringen aufgebaut. Die Impfungen werden von medizinischem Fachpersonal der entsprechenden arbeitsmedizinischen Dienste durchgef\u00fchrt. Seit heute (8. Juni) k\u00f6nnen sich Mitarbeiter der Firma Viega am Hauptsitz in Attendorn impfen lassen.<\/p>\n<p>Walter Viegener, gesch\u00e4ftsf\u00fchrender Gesellschafter der Viega Holding GmbH &amp; Co. KG, zeigt sich sehr erleichtert, dass es jetzt \u201eendlich losgehe\u201c. Die Impfstra\u00dfe in der Firmenzentrale in Attendorn wartet bereits seit Anfang Mai auf ihren Einsatz. \u201eIch freue mich sehr, dass wir unseren Mitarbeiterinnen und Mitarbeitern jetzt die M\u00f6glichkeit er\u00f6ffnen k\u00f6nnen, sich impfen zu lassen. Dieses Angebot ist ein weiterer, sehr wichtiger Baustein, um die Gesundheit unserer Mitarbeiterinnen und Mitarbeiter bestm\u00f6glich sicherzustellen.\u201c<\/p>\n<p>Zum Start am 8. Juni konnten 162 Impfdosen von BioNTech\/Pfizer am Standort Attendorn verimpft werden. \u201eDie Betriebs\u00e4rzte des Arbeitsmedizinischen Zentrums f\u00fcr den Kreis Olpe (AMZ Olpe) hatten 1200 Impfdosen f\u00fcr uns bestellt\u201c, sagt Peter Sch\u00f6ler. Davon seien 324 Anfang der Woche eingetroffen, die an zwei Tagen verimpft werden. Der ViegaPersonalchef hofft, dass die f\u00fcr einen schnellen Impffortschritt ben\u00f6tigten restlichen Dosen in der kommenden Woche geliefert werden. \u201eDie Infrastruktur steht\u201c, so Sch\u00f6ler. \u201eIm Idealfall ist die Impfstra\u00dfe an f\u00fcnf Tagen die Woche von 8 bis 16 Uhr ge\u00f6ffnet. Dann w\u00e4ren alle Mitarbeiterinnen und Mitarbeiter der NRW-Standorte, die das Angebot annehmen wollen, in wenigen Tagen geimpft.\u201c Das Angebot gelte ausschlie\u00dflich f\u00fcr Nichtgeimpfte, also Mitarbeiter, die noch keine Erstimpfung beim Hausarzt oder im Impfzentrum erhalten haben.<\/p>\n<p>Mit dem Start zeigt sich Peter Sch\u00f6ler sehr zufrieden. \u201eWir sind sehr dankbar, dass das AMZ Olpe unser Anliegen in den letzten Wochen sehr unterst\u00fctzt hat.\u201c Das gelte auch f\u00fcr die Zusammenarbeit mit ortsans\u00e4ssigen Apotheken. Neben zwei Betriebs\u00e4rzten und zwei medizinischen Fachangestellten des AMZ Olpe sind eine pharmazeutisch-technische Assistentin sowie 24 ViegaMitarbeiter in der Impfstra\u00dfe aktiv, um eine reibungslose Organisation sicherzustellen.<\/p>\n<p>\u201eDas ist schon ein besonderer Moment, eine Impfstra\u00dfe in Betrieb zu nehmen\u201c, sagt Walter Viegener. \u201eBei Produktionsstra\u00dfen kennen wir uns da definitiv besser aus. Ich hoffe, das bleibt einmalig in unserer Firmengeschichte.\u201c Er freue sich, dass der erste Tag so gut gelaufen sei. \u201eIch danke allen Beteiligten, die in k\u00fcrzester Zeit das alles m\u00f6glich gemacht<br \/>\nhaben.\u201c<\/p>\n<p>Text: <a href=\"https:\/\/www.viega.de\/de\/homepage.html\" target=\"_blank\" rel=\"noopener\">Viega Holding GmbH &amp; Co. KG<\/a>; Fotos: Viega Public Relations<\/p>\n","protected":false},"excerpt":{"rendered":"<p>Viega bietet allen Mitarbeitern in Deutschland eine freiwillige Corona-Schutzimpfung an. Daf\u00fcr hat das Unternehmen Impfstra\u00dfen an den Standorten Attendorn\/Westfalen und Gro\u00dfheringen\/Th\u00fcringen aufgebaut. Die Impfungen werden&#8230;<\/p>\n","protected":false},"author":6,"featured_media":23883,"comment_status":"open","ping_status":"open","sticky":false,"template":"","format":"standard","meta":{"_jetpack_newsletter_access":"","_jetpack_dont_email_post_to_subs":false,"_jetpack_newsletter_tier_id":0,"_jetpack_memberships_contains_paywalled_content":false,"_jetpack_feature_clip_id":0,"_jetpack_memberships_contains_paid_content":false,"footnotes":"","jetpack_post_was_ever_published":false},"categories":[1,32,10],"tags":[],"class_list":["post-23881","post","type-post","status-publish","format-standard","has-post-thumbnail","hentry","category-aktuell","category-infos","category-unternehmen"],"jetpack_sharing_enabled":true,"jetpack_featured_media_url":"https:\/\/www.vdsm.net\/wronline\/wp-content\/uploads\/2021\/06\/Viega_Impfstrasse_1_WEB.jpg","_links":{"self":[{"href":"https:\/\/www.vdsm.net\/wronline\/wp-json\/wp\/v2\/posts\/23881","targetHints":{"allow":["GET"]}}],"collection":[{"href":"https:\/\/www.vdsm.net\/wronline\/wp-json\/wp\/v2\/posts"}],"about":[{"href":"https:\/\/www.vdsm.net\/wronline\/wp-json\/wp\/v2\/types\/post"}],"author":[{"embeddable":true,"href":"https:\/\/www.vdsm.net\/wronline\/wp-json\/wp\/v2\/users\/6"}],"replies":[{"embeddable":true,"href":"https:\/\/www.vdsm.net\/wronline\/wp-json\/wp\/v2\/comments?post=23881"}],"version-history":[{"count":5,"href":"https:\/\/www.vdsm.net\/wronline\/wp-json\/wp\/v2\/posts\/23881\/revisions"}],"predecessor-version":[{"id":23888,"href":"https:\/\/www.vdsm.net\/wronline\/wp-json\/wp\/v2\/posts\/23881\/revisions\/23888"}],"wp:featuredmedia":[{"embeddable":true,"href":"https:\/\/www.vdsm.net\/wronline\/wp-json\/wp\/v2\/media\/23883"}],"wp:attachment":[{"href":"https:\/\/www.vdsm.net\/wronline\/wp-json\/wp\/v2\/media?parent=23881"}],"wp:term":[{"taxonomy":"category","embeddable":true,"href":"https:\/\/www.vdsm.net\/wronline\/wp-json\/wp\/v2\/categories?post=23881"},{"taxonomy":"post_tag","embeddable":true,"href":"https:\/\/www.vdsm.net\/wronline\/wp-json\/wp\/v2\/tags?post=23881"}],"curies":[{"name":"wp","href":"https:\/\/api.w.org\/{rel}","templated":true}]}}