{"id":23862,"date":"2021-06-07T12:42:23","date_gmt":"2021-06-07T10:42:23","guid":{"rendered":"https:\/\/www.vdsm.net\/wronline\/?p=23862"},"modified":"2021-06-07T12:42:23","modified_gmt":"2021-06-07T10:42:23","slug":"ausbildungschancen-jetzt-nutzen","status":"publish","type":"post","link":"https:\/\/www.vdsm.net\/wronline\/ausbildungschancen-jetzt-nutzen\/","title":{"rendered":"&#8222;Ausbildungschancen jetzt nutzen!&#8220;"},"content":{"rendered":"<p>Auch in diesem Jahr werden im Herbst wieder viele junge Menschen eine duale Ausbildung beginnen. Sie haben damit eine gute Wahl getroffen. Denn eine Ausbildung ist nicht nur immer noch, sondern heute und auch morgen erst recht eine hervorragende Grundlage f\u00fcr eine erfolgreiche berufliche Zukunft. Unternehmen brauchen f\u00fcr ihre Innovations- und Wettbewerbsf\u00e4higkeit gut qualifizierte Fachkr\u00e4fte. Und das gilt in Zukunft noch viel mehr. Denn Prognosen zeigen, dass aufgrund der demographischen Entwicklung der Mangel an beruflich qualifizierten Fachkr\u00e4ften deutlich zunehmen wird, schreibt Holger Bentler im aktuellen <a href=\"https:\/\/www.wirtschaftsblog.nrw\/\" target=\"_blank\" rel=\"noopener\">NRW-Wirtschaftsblog &#8222;Klartext im Westen&#8220;<\/a> anl\u00e4sslich der landesweiten Aktion von unternehmer nrw <a href=\"https:\/\/www.unternehmer.nrw\/themen\/nrwirtschaftbildetaus\" target=\"_blank\" rel=\"noopener\">#NRWWirtschaftBildetAus<\/a>. Er ist Vorsitzender des Bildungswerks der Nordrhein-Westf\u00e4lischen Wirtschaft e. V. und Leiter Ausbildung NRW sowie Leiter IT and Processes Siemens Berufsbildung.<\/p>\n<div id=\"attachment_23863\" style=\"width: 280px\" class=\"wp-caption alignleft\"><a href=\"https:\/\/www.vdsm.net\/wronline\/wp-content\/uploads\/2021\/06\/Holger-Bentler-676x750-1.jpg\"><img loading=\"lazy\" decoding=\"async\" aria-describedby=\"caption-attachment-23863\" class=\"size-medium wp-image-23863\" src=\"https:\/\/www.vdsm.net\/wronline\/wp-content\/uploads\/2021\/06\/Holger-Bentler-676x750-1-270x300.jpg\" alt=\"\" width=\"270\" height=\"300\" srcset=\"https:\/\/www.vdsm.net\/wronline\/wp-content\/uploads\/2021\/06\/Holger-Bentler-676x750-1-270x300.jpg 270w, https:\/\/www.vdsm.net\/wronline\/wp-content\/uploads\/2021\/06\/Holger-Bentler-676x750-1.jpg 676w\" sizes=\"auto, (max-width: 270px) 100vw, 270px\" \/><\/a><p id=\"caption-attachment-23863\" class=\"wp-caption-text\">Holger Bentler ist Vorsitzender des Bildungswerks der Nordrhein-Westf\u00e4lischen Wirtschaft e. V. und Leiter Ausbildung NRW sowie Leiter IT and Processes Siemens Berufsbildung.<\/p><\/div>\n<p>Was die duale Ausbildung auszeichnet, ist ihr enger Praxisbezug, so Holger Bentler weiter. Damit ist sie ein Garant daf\u00fcr, dass genau die Fachkr\u00e4fte ausgebildet werden, die die Unternehmen brauchen. Das ist nicht nur f\u00fcr die Unternehmen wichtig. Vorteil dieses Praxisbezugs f\u00fcr die jungen Menschen ist, dass sie konkret sehen, wof\u00fcr sie lernen und dass die \u00dcberg\u00e4nge in eine Besch\u00e4ftigung gut gelingen.<\/p>\n<p>Was eine Ausbildung zudem auszeichnet, ist ihre Vielfalt und Wandlungsf\u00e4higkeit. Es gibt \u00fcber 300 Ausbildungsberufe in allen Bereichen unseres Wirtschafts- und Arbeitslebens \u2013 sei es Produktion, Dienstleistung, Handel, Handwerk\u2026 Und die Ausbildung bleibt modern, indem immer wieder neue Ausbildungsberufe entstehen und bestehende Berufe an neue Entwicklungen angepasst werden. So sind in den vergangenen 10 Jahren rund 150 Ausbildungsberufe modernisiert worden.<\/p>\n<p>Wir bei Siemens setzen seit \u00fcber 125 Jahren erfolgreich auf die duale Ausbildung, um unsere Nachwuchskr\u00e4fte auf die Zukunft vorzubereiten. In der Ausbildung wird Digitalisierung erfolgreich umgesetzt, digitale Kompetenzen sind in den Ausbildungsalltag integriert und werden stetig neuen Anforderungen angepasst. Die F\u00f6rderung von Individualkompetenzen der Auszubildenden und dual Studierenden zur Vorbereitung auf die Arbeitswelt von morgen wird immer wichtiger.<\/p>\n<p>Aktuell stellt die Corona-Pandemie nat\u00fcrlich auch die Ausbildung vor Herausforderungen. So musste beispielsweise dort, wo im Homeoffice gearbeitet wird, auch die Ausbildung \u201eauf Distanz\u201c organisiert werden. Dazu geh\u00f6rt, den Kontakt zwischen Auszubildenden und Ausbildern sicherzustellen und neue digitale Lerntools einzuf\u00fchren.<\/p>\n<p>In der Siemens AG wurde die Ausbildung ab dem 1. Tag des Lockdowns f\u00fcr alle Auszubildenden virtuell weitergef\u00fchrt. Virtuelle Desktop Clients mit Ausbildungssoftware wurden aufgestockt, Lizenzmodelle erweitert und Ausbildungsthemen virtuell vermittelt. Inhalte wurden via Conceptboard im virtuellen Raum abgebildet und Links zu internen und externen Lernangeboten wurden kuratiert.<\/p>\n<p>Besonders schwierig gestaltet sich aktuell aber, Ausbildungspl\u00e4tze und Bewerber zusammenzubringen. In den vergangenen Monaten konnte Berufsorientierung und Ausbildungsvermittlung nicht wie \u00fcblich stattfinden. Besorgniserregend ist zudem, dass die Zahl der Ausbildungsbewerber deutlich zur\u00fcckgeht. Viele junge Menschen sind offenbar verunsichert, ob angesichts von Corona \u00fcberhaupt Ausbildungschancen bestehen.<\/p>\n<p>Wichtig ist daher die Botschaft: \u201eAusbildungschancen jetzt nutzen!\u201c Es gibt noch viele, viele Ausbildungspl\u00e4tze, f\u00fcr die passende Bewerber gesucht werden. Und es gibt viele Angebote, die jungen Menschen helfen, auch jetzt einen Ausbildungsplatz zu finden. In den vergangenen Monaten sind mit gro\u00dfem Engagement viele neue Ideen auf den Weg gebracht worden. Dazu geh\u00f6ren beispielsweise digitale Ausbildungsmessen, Online-Chats mit Auszubildenden oder virtuelle Betriebserkundungen.<\/p>\n<p>Die Siemens AG hat ihre Angebote zur Berufsorientierung und -wahl virtualisiert und diese Transformation mit dem Girls\u2018 Online im Jahr 2020 gestartet. 900 Sch\u00fclerinnen haben so auf Instagram Einblicke, Kontaktm\u00f6glichkeiten und Anleitungen f\u00fcr einfache Experimente erhalten, die zuhause realisiert wurden. In diesem Jahr wurden dann Baus\u00e4tze versendet und Austauschm\u00f6glichkeiten mit weiblichen Auszubildenden geschaffen. \u00a0Im Sommer des letzten Jahres ging die virtuelle Messe-Plattform SIEYA (Siemens Your Adventure) online. Auch die Eltern wurden nicht vergessen. So wurden virtuelle Elternabende durchgef\u00fchrt, die auf gro\u00dfe Resonanz stie\u00dfen. Um einen Beitrag zu leisten, Sch\u00fclern virtuelle Schnuppertage zu erm\u00f6glichen, wurde gemeinsam mit dem Schule Wirtschaft-Netzwerk, dem MINT-EC sowie mit Microsoft und SAP die Initiative \u201eDigital Insights\u201c ins Leben gerufen. Insgesamt 750 Sch\u00fclern werden bis Juli die M\u00f6glichkeit haben, virtuell Einblicke in die drei Unternehmen zu bekommen.<\/p>\n<p>Und eine weitere Botschaft ist wichtig: Ausbildung hat f\u00fcr die Wirtschaft in NRW auch in der Corona-Krise einen sehr hohen Stellenwert. Das zeigen die vielen tollen Ideen und Aktivit\u00e4ten von Unternehmen und Verb\u00e4nden rund um Berufsorientierung und Ausbildung. Und nicht nur aktuell in der Krise \u2013 das Engagement f\u00fcr die Nachwuchsgewinnung und Ausbildung gibt es seit vielen, vielen Jahren.<\/p>\n<p>Daf\u00fcr steht auch die langj\u00e4hrige Arbeit des Bildungswerks der Nordrhein-Westf\u00e4lischen Wirtschaft. Die F\u00f6rderung von MINT-Kompetenzen und verschiedenste Formate zur Unterst\u00fctzung von Sch\u00fclerinnen und Sch\u00fclern bei der Berufsorientierung sind seit vielen Jahren wichtige Schwerpunkte unserer Bildungsarbeit. Hinzu kommen aktuell innovative Qualifizierungsangebote f\u00fcr Ausbilderinnen und Ausbilder mit dem Ziel, diese darin zu st\u00e4rken, die duale Berufsausbildung an die Anforderungen des digitalen Wandels anzupassen.<\/p>\n<p>Und zum Schluss noch einmal der Appell: \u201eAusbildungschancen jetzt nutzen!\u201c Denn: Ausbildung heute ist der Erfolg von morgen.<\/p>\n<p>Bild und Info: <a href=\"https:\/\/www.unternehmer.nrw\/\" target=\"_blank\" rel=\"noopener\">unternehmer.nrw<\/a><\/p>\n","protected":false},"excerpt":{"rendered":"<p>Auch in diesem Jahr werden im Herbst wieder viele junge Menschen eine duale Ausbildung beginnen. Sie haben damit eine gute Wahl getroffen. Denn eine Ausbildung&#8230;<\/p>\n","protected":false},"author":2,"featured_media":6232,"comment_status":"open","ping_status":"open","sticky":false,"template":"","format":"standard","meta":{"_jetpack_newsletter_access":"","_jetpack_dont_email_post_to_subs":false,"_jetpack_newsletter_tier_id":0,"_jetpack_memberships_contains_paywalled_content":false,"_jetpack_feature_clip_id":0,"_jetpack_memberships_contains_paid_content":false,"footnotes":"","jetpack_post_was_ever_published":false},"categories":[32,4,11],"tags":[],"class_list":["post-23862","post","type-post","status-publish","format-standard","has-post-thumbnail","hentry","category-infos","category-meinung","category-regionale-wirtschaft"],"jetpack_sharing_enabled":true,"jetpack_featured_media_url":"https:\/\/www.vdsm.net\/wronline\/wp-content\/uploads\/2017\/04\/nrw-wirtschaftsblog.jpg","_links":{"self":[{"href":"https:\/\/www.vdsm.net\/wronline\/wp-json\/wp\/v2\/posts\/23862","targetHints":{"allow":["GET"]}}],"collection":[{"href":"https:\/\/www.vdsm.net\/wronline\/wp-json\/wp\/v2\/posts"}],"about":[{"href":"https:\/\/www.vdsm.net\/wronline\/wp-json\/wp\/v2\/types\/post"}],"author":[{"embeddable":true,"href":"https:\/\/www.vdsm.net\/wronline\/wp-json\/wp\/v2\/users\/2"}],"replies":[{"embeddable":true,"href":"https:\/\/www.vdsm.net\/wronline\/wp-json\/wp\/v2\/comments?post=23862"}],"version-history":[{"count":2,"href":"https:\/\/www.vdsm.net\/wronline\/wp-json\/wp\/v2\/posts\/23862\/revisions"}],"predecessor-version":[{"id":23865,"href":"https:\/\/www.vdsm.net\/wronline\/wp-json\/wp\/v2\/posts\/23862\/revisions\/23865"}],"wp:featuredmedia":[{"embeddable":true,"href":"https:\/\/www.vdsm.net\/wronline\/wp-json\/wp\/v2\/media\/6232"}],"wp:attachment":[{"href":"https:\/\/www.vdsm.net\/wronline\/wp-json\/wp\/v2\/media?parent=23862"}],"wp:term":[{"taxonomy":"category","embeddable":true,"href":"https:\/\/www.vdsm.net\/wronline\/wp-json\/wp\/v2\/categories?post=23862"},{"taxonomy":"post_tag","embeddable":true,"href":"https:\/\/www.vdsm.net\/wronline\/wp-json\/wp\/v2\/tags?post=23862"}],"curies":[{"name":"wp","href":"https:\/\/api.w.org\/{rel}","templated":true}]}}