{"id":23853,"date":"2021-06-07T11:35:07","date_gmt":"2021-06-07T09:35:07","guid":{"rendered":"https:\/\/www.vdsm.net\/wronline\/?p=23853"},"modified":"2021-06-07T11:35:07","modified_gmt":"2021-06-07T09:35:07","slug":"aktionswoche-nrwirtschaftbildetaus-vom-7-11-juni-2021","status":"publish","type":"post","link":"https:\/\/www.vdsm.net\/wronline\/aktionswoche-nrwirtschaftbildetaus-vom-7-11-juni-2021\/","title":{"rendered":"Aktionswoche #NRWirtschaftBildetAus vom 7.-11. Juni 2021"},"content":{"rendered":"<p>Die Corona-Pandemie geht auch am Ausbildungsmarkt nicht spurlos vor\u00fcber. Besorgniserregend ist insbesondere der sich abzeichnende starke Bewerberr\u00fcckgang. Damit d\u00fcrften die praktischen Schwierigkeiten vieler Betriebe, ihre Ausbildungspl\u00e4tze zu besetzen, weiter zunehmen. Gleichzeitig ist Ausbildung auch ein politisches Thema, bei dem es regelm\u00e4\u00dfig um das Engagement der Wirtschaft geht und dieses auch kritisch hinterfragt wird. Vor diesem Hintergrund m\u00f6chte unternehmer nrw gemeinsam mit Mitgliedsverb\u00e4nden und Unternehmen in einer Aktionswoche <a href=\"https:\/\/www.unternehmer.nrw\/themen\/nrwirtschaftbildetaus\" target=\"_blank\" rel=\"noopener\">#NRWirtschaftBildetAus<\/a> vom 7.-11. Juni 2021 auf das vielf\u00e4ltige Ausbildungs-Engagement der nordrhein-westf\u00e4lischen Wirtschaft hinweisen und f\u00fcr Ausbildung werben. Es ist unternehmer nrw, seinen Mitgliedsverb\u00e4nden und Unternehmen wichtig, junge Menschen verst\u00e4rkt auch und gerade in diesen Zeiten anzusprechen und f\u00fcr Ausbildung zu gewinnen. Ebenso geht es bei der Aktionswoche #NRWirtschaftBildetAus darum, das gro\u00dfe Engagement der Wirtschaft rund um das Thema Ausbildung auch in diesen schwierigen Corona-Zeiten deutlich zu machen.<\/p>\n<p>Die Aktionswoche findet digital und in den Sozialen Netzwerken im zeitlichen Umfeld des n\u00e4chsten \u201eSpitzengespr\u00e4ch Ausbildungskonsens\u201c am 9. Juni 2021 statt, bei dem Landesregierung, Wirtschaft, Gewerkschaften, die Bundesagentur f\u00fcr Arbeit und die Kommunalen Spitzenverb\u00e4nde \u00fcber die Ausbildungssituation im Land beraten werden. \u00dcber die Social-Media-Kan\u00e4le (Twitter, Facebook, YouTube) m\u00f6chte unternehmer nrw gemeinsam mit den Mitgliedsverb\u00e4nden auf bestehende Aktivit\u00e4ten und Initiativen aus verschiedenen Branchen und Regionen aufmerksam machen. Zum Start der Kampagne betont Pr\u00e4sident Arndt G. Kirchhoff in einem kurzen <a href=\"https:\/\/www.youtube.com\/watch?v=-bj5V34Gwlk\" target=\"_blank\" rel=\"noopener\">Video-Statement<\/a> das Ausbildungs-Engagement der nordrhein-westf\u00e4lischen Wirtschaft.\u00a0Ein Schwerpunkt der Aktionswoche sind kurze Video-Botschaften von Auszubildenden und Ausbildern, in denen die Bedeutung von Ausbildung f\u00fcr Unternehmen und junge Menschen hervorgehoben wird. Die Videos werden auf dem Youtube-Account von unternehmer nrw eingestellt und anschlie\u00dfend \u00fcber Twitter und Facebook ausgespielt. Weiterhin k\u00f6nnen sie auf der Landingpage <a href=\"https:\/\/www.unternehmer.nrw\/themen\/nrwirtschaftbildetaus\" target=\"_blank\" rel=\"noopener\">#NRWirtschaftBildetAus<\/a> von unternehmer nrw angeschaut werden.<\/p>\n<p>Dar\u00fcber hinaus sollte nicht unerw\u00e4hnt bleiben, dass die Corona-Pandemie Pr\u00e4senzveranstaltungen zur Berufsorientierung und Ausbildungsvermittlung verhindert hat. Die Betriebe zeichnet dennoch nach wie vor ein hohes und vielf\u00e4ltiges Ausbildungs-Engagement aus. Die Unternehmen wissen, wie wichtig es ist, junge Menschen verst\u00e4rkt auch \u00fcber alternative Formate anzusprechen und f\u00fcr Ausbildung zu gewinnen. Vor diesem Hintergrund macht unternehmer nrw auf bestehende Aktivit\u00e4ten und Initiativen aus den unterschiedlichen Branchen und Regionen aufmerksam \u2013 etwa \u00fcber digitale Ausbildungsmessen oder Ausbildungsportale. Die Arbeitgeberverb\u00e4nde Siegen-Wittgenstein, die Mitveranstalter der <a href=\"http:\/\/www.ausbildungsmesse57.de\/\" target=\"_blank\" rel=\"noopener\">Ausbildungsmesse in Siegen<\/a> sind, beteiligen sich an der Aktionswoche #NRWirtschaftBildetAus, indem sie auf ihre heimische Ausbildungsmesse hinweisen, die in diesem Jahr Corona bedingt digital stattfindet und nicht, wie gewohnt, an zwei Tagen in der Siegerlandhalle in Siegen. Im Messezeitraum vom 31. Mai 2021 bis zum 18. Juni 2021 ist es den Jugendlichen m\u00f6glich, ganz einfach Gespr\u00e4che \u00fcber eine Videochatfunktion zu vereinbaren. Die Jugendlichen k\u00f6nnen mit den teilnehmenden Unternehmen so ein zwangloses Kennenlerngespr\u00e4ch f\u00fchren. Der Link zur Messehauptseite der Ausbildungsmesse lautet <a href=\"http:\/\/www.ausbildungsmesse57.de\/\" target=\"_blank\" rel=\"noopener\"><u>www.ausbildungsmesse57.de<\/u><\/a>.<\/p>\n<p>Infos und Grafik: <a href=\"https:\/\/www.unternehmer.nrw\/\" target=\"_blank\" rel=\"noopener\">unternehmer nrw<\/a><\/p>\n","protected":false},"excerpt":{"rendered":"<p>Die Corona-Pandemie geht auch am Ausbildungsmarkt nicht spurlos vor\u00fcber. Besorgniserregend ist insbesondere der sich abzeichnende starke Bewerberr\u00fcckgang. Damit d\u00fcrften die praktischen Schwierigkeiten vieler Betriebe, ihre&#8230;<\/p>\n","protected":false},"author":6,"featured_media":23857,"comment_status":"open","ping_status":"open","sticky":false,"template":"","format":"standard","meta":{"_jetpack_newsletter_access":"","_jetpack_dont_email_post_to_subs":false,"_jetpack_newsletter_tier_id":0,"_jetpack_memberships_contains_paywalled_content":false,"_jetpack_feature_clip_id":0,"_jetpack_memberships_contains_paid_content":false,"footnotes":"","jetpack_post_was_ever_published":false},"categories":[1,8,32,11],"tags":[],"class_list":["post-23853","post","type-post","status-publish","format-standard","has-post-thumbnail","hentry","category-aktuell","category-ausbildung","category-infos","category-regionale-wirtschaft"],"jetpack_sharing_enabled":true,"jetpack_featured_media_url":"https:\/\/www.vdsm.net\/wronline\/wp-content\/uploads\/2021\/06\/NRWirtschaftBildetAus_WEB.jpg","_links":{"self":[{"href":"https:\/\/www.vdsm.net\/wronline\/wp-json\/wp\/v2\/posts\/23853","targetHints":{"allow":["GET"]}}],"collection":[{"href":"https:\/\/www.vdsm.net\/wronline\/wp-json\/wp\/v2\/posts"}],"about":[{"href":"https:\/\/www.vdsm.net\/wronline\/wp-json\/wp\/v2\/types\/post"}],"author":[{"embeddable":true,"href":"https:\/\/www.vdsm.net\/wronline\/wp-json\/wp\/v2\/users\/6"}],"replies":[{"embeddable":true,"href":"https:\/\/www.vdsm.net\/wronline\/wp-json\/wp\/v2\/comments?post=23853"}],"version-history":[{"count":5,"href":"https:\/\/www.vdsm.net\/wronline\/wp-json\/wp\/v2\/posts\/23853\/revisions"}],"predecessor-version":[{"id":23860,"href":"https:\/\/www.vdsm.net\/wronline\/wp-json\/wp\/v2\/posts\/23853\/revisions\/23860"}],"wp:featuredmedia":[{"embeddable":true,"href":"https:\/\/www.vdsm.net\/wronline\/wp-json\/wp\/v2\/media\/23857"}],"wp:attachment":[{"href":"https:\/\/www.vdsm.net\/wronline\/wp-json\/wp\/v2\/media?parent=23853"}],"wp:term":[{"taxonomy":"category","embeddable":true,"href":"https:\/\/www.vdsm.net\/wronline\/wp-json\/wp\/v2\/categories?post=23853"},{"taxonomy":"post_tag","embeddable":true,"href":"https:\/\/www.vdsm.net\/wronline\/wp-json\/wp\/v2\/tags?post=23853"}],"curies":[{"name":"wp","href":"https:\/\/api.w.org\/{rel}","templated":true}]}}