{"id":2354,"date":"2015-02-27T09:21:23","date_gmt":"2015-02-27T08:21:23","guid":{"rendered":"http:\/\/www.vdsm.net\/wronline\/?p=2354"},"modified":"2015-02-27T09:21:23","modified_gmt":"2015-02-27T08:21:23","slug":"wirtschaftsminister-garrelt-duin-zu-besuch-bei-der-firma-krueckemeyer","status":"publish","type":"post","link":"https:\/\/www.vdsm.net\/wronline\/wirtschaftsminister-garrelt-duin-zu-besuch-bei-der-firma-krueckemeyer\/","title":{"rendered":"Wirtschaftsminister Garrelt Duin  zu Besuch bei der Firma Kr\u00fcckemeyer"},"content":{"rendered":"<div id=\"attachment_2355\" style=\"width: 310px\" class=\"wp-caption alignleft\"><a href=\"http:\/\/www.vdsm.net\/wronline\/wp-content\/uploads\/2015\/02\/v.l.-Uwe-Kittel-Minister-Garrelt-Duin-Jan-Kr\u00fcckemeyer-2.jpg\"><img loading=\"lazy\" decoding=\"async\" aria-describedby=\"caption-attachment-2355\" class=\"size-medium wp-image-2355\" src=\"http:\/\/www.vdsm.net\/wronline\/wp-content\/uploads\/2015\/02\/v.l.-Uwe-Kittel-Minister-Garrelt-Duin-Jan-Kr\u00fcckemeyer-2-300x200.jpg\" alt=\"Uwe Kittel (links) und Jan Kr\u00fcckemeyer (rechts) f\u00fchrten NRW-Wirtschaftsminister Garrelt Duin durch das Unternehmen.\" width=\"300\" height=\"200\" srcset=\"https:\/\/www.vdsm.net\/wronline\/wp-content\/uploads\/2015\/02\/v.l.-Uwe-Kittel-Minister-Garrelt-Duin-Jan-Kr\u00fcckemeyer-2-300x200.jpg 300w, https:\/\/www.vdsm.net\/wronline\/wp-content\/uploads\/2015\/02\/v.l.-Uwe-Kittel-Minister-Garrelt-Duin-Jan-Kr\u00fcckemeyer-2-150x100.jpg 150w, https:\/\/www.vdsm.net\/wronline\/wp-content\/uploads\/2015\/02\/v.l.-Uwe-Kittel-Minister-Garrelt-Duin-Jan-Kr\u00fcckemeyer-2.jpg 600w\" sizes=\"auto, (max-width: 300px) 100vw, 300px\" \/><\/a><p id=\"caption-attachment-2355\" class=\"wp-caption-text\">Uwe Kittel (links) und Jan Kr\u00fcckemeyer (rechts) f\u00fchrten NRW-Wirtschaftsminister Garrelt Duin durch das Unternehmen.<\/p><\/div>\n<p>Gut informiert zeigte sich der Wirtschaftsminister des Landes Nordrhein-Westfalen Garrelt Duin zu Beginn seines Besuchs am 19. Februar 2014 bei der Firma Kr\u00fcckemeyer: \u201eIhr Unternehmen hat bedeutende Preise gewonnen f\u00fcr Innovation, Effizienz und Kommunikation. Mich interessiert: wie haben Sie das gemacht? \u201c, fragte Garrelt Duin die beiden Gesch\u00e4ftsf\u00fchrer Jan Kr\u00fcckemeyer und Uwe Kittel. Die Wilnsdorfer lie\u00dfen sich nicht lange bitten und skizzierten den Wandel der letzten zehn Jahre vom klassischen H\u00e4ndler zum technischen Verarbeiter von Schleifmitteln und Klebeb\u00e4ndern. Erfreut zeigte sich der Minister auch angesichts einiger Stanzteile f\u00fcr die Automobilindustrie, zu denen er einen pers\u00f6nlichen Bezug herstellte: \u201cNun kann ich weitere Teile zuordnen, die in meinem Dienstwagen zu finden sind.\u201c<\/p>\n<p>Die Innovationskraft des Familienunternehmens wurde anhand eines selbstklebenden Stanzteils aus Schleifpapier f\u00fcr die Kosmetikbranche veranschaulicht: In einem Projektteam mit einem Kunden wurde ein neuartiges Produkt entwickelt, dass vor drei Jahren in einer kleinen Auflage von 5.000 St\u00fcck produziert wurde. Daraus sind heute bereits 500.000 geworden. Tendenz steigend. \u201eDas bedeutet, dass wir die technische L\u00f6sung individuell f\u00fcr und mit dem Kunden abstimmen m\u00fcssen\u201c, erl\u00e4uterte Uwe Kittel. \u201eParallel dazu m\u00fcssen wir permanent unseren Fertigungsprozess optimieren, denn w\u00e4hrend 5.000 Teile noch problemlos per Hand herstellbar waren, mussten wir schon ab 20.000 St\u00fcck die Fertigung automatisieren.\u201c<\/p>\n<p>Auf die Frage nach den politischen Einfl\u00fcssen beklagten die Gesch\u00e4ftsf\u00fchrer des Mittelst\u00e4ndlers die b\u00fcrokratischen H\u00fcrden im Tagesgesch\u00e4ft: Von Gelangenheitsnachweis \u00fcber Umkehr der Umsatzsteuerbeweislast bei Metallerzeugnissen bis hin zum Chaos bei Nachweisen zum aktuellen Mindestlohngesetz. Minister Duin wies auf ein Pilotprojekt in Nordrhein Westfalen hin, bei dem die Folgekosten f\u00fcr Gesetzesvorhaben errechnet werden, um den in Unternehmen anfallenden B\u00fcrokratieaufwand in Euro und Cent auszudr\u00fccken. Mit den Ergebnissen erhofft sich der Landesminister ein gr\u00f6\u00dferes Bewusstsein f\u00fcr den zus\u00e4tzlichen Aufwand, den ein neues Gesetzbei Firmen nach sich zieht.<\/p>\n<p>Als Fazit seines Besuchs bescheinigte Minister Duin der Firma Kr\u00fcckemeyer: \u201eSie sind ein sehr innovatives Unternehmen. Besonders beeindrucken mich die sehr individuellen L\u00f6sungen f\u00fcr Ihre Kunden. W\u00e4hrend andere Firmen Customization erst k\u00fcrzlich f\u00fcr sich entdeckt haben, ist das bei Ihnen schon seit etlichen Jahren Alltag.\u201c<\/p>\n","protected":false},"excerpt":{"rendered":"<p>Gut informiert zeigte sich der Wirtschaftsminister des Landes Nordrhein-Westfalen Garrelt Duin zu Beginn seines Besuchs am 19. Februar 2014 bei der Firma Kr\u00fcckemeyer: \u201eIhr Unternehmen&#8230;<\/p>\n","protected":false},"author":2,"featured_media":2355,"comment_status":"open","ping_status":"open","sticky":false,"template":"","format":"standard","meta":{"_jetpack_memberships_contains_paid_content":false,"footnotes":""},"categories":[10],"tags":[],"class_list":["post-2354","post","type-post","status-publish","format-standard","has-post-thumbnail","hentry","category-unternehmen"],"jetpack_featured_media_url":"https:\/\/www.vdsm.net\/wronline\/wp-content\/uploads\/2015\/02\/v.l.-Uwe-Kittel-Minister-Garrelt-Duin-Jan-Kr\u00fcckemeyer-2.jpg","jetpack_sharing_enabled":true,"_links":{"self":[{"href":"https:\/\/www.vdsm.net\/wronline\/wp-json\/wp\/v2\/posts\/2354","targetHints":{"allow":["GET"]}}],"collection":[{"href":"https:\/\/www.vdsm.net\/wronline\/wp-json\/wp\/v2\/posts"}],"about":[{"href":"https:\/\/www.vdsm.net\/wronline\/wp-json\/wp\/v2\/types\/post"}],"author":[{"embeddable":true,"href":"https:\/\/www.vdsm.net\/wronline\/wp-json\/wp\/v2\/users\/2"}],"replies":[{"embeddable":true,"href":"https:\/\/www.vdsm.net\/wronline\/wp-json\/wp\/v2\/comments?post=2354"}],"version-history":[{"count":1,"href":"https:\/\/www.vdsm.net\/wronline\/wp-json\/wp\/v2\/posts\/2354\/revisions"}],"predecessor-version":[{"id":2356,"href":"https:\/\/www.vdsm.net\/wronline\/wp-json\/wp\/v2\/posts\/2354\/revisions\/2356"}],"wp:featuredmedia":[{"embeddable":true,"href":"https:\/\/www.vdsm.net\/wronline\/wp-json\/wp\/v2\/media\/2355"}],"wp:attachment":[{"href":"https:\/\/www.vdsm.net\/wronline\/wp-json\/wp\/v2\/media?parent=2354"}],"wp:term":[{"taxonomy":"category","embeddable":true,"href":"https:\/\/www.vdsm.net\/wronline\/wp-json\/wp\/v2\/categories?post=2354"},{"taxonomy":"post_tag","embeddable":true,"href":"https:\/\/www.vdsm.net\/wronline\/wp-json\/wp\/v2\/tags?post=2354"}],"curies":[{"name":"wp","href":"https:\/\/api.w.org\/{rel}","templated":true}]}}