{"id":2337,"date":"2015-02-17T15:53:05","date_gmt":"2015-02-17T14:53:05","guid":{"rendered":"http:\/\/www.vdsm.net\/wronline\/?p=2337"},"modified":"2015-02-17T15:53:05","modified_gmt":"2015-02-17T14:53:05","slug":"walter-mennekes-mit-aussenminister-dr-frank-walter-steinmeier-in-lateinamerika","status":"publish","type":"post","link":"https:\/\/www.vdsm.net\/wronline\/walter-mennekes-mit-aussenminister-dr-frank-walter-steinmeier-in-lateinamerika\/","title":{"rendered":"Walter Mennekes mit Au\u00dfenminister Dr. Frank-Walter Steinmeier in Lateinamerika"},"content":{"rendered":"<div id=\"attachment_2338\" style=\"width: 310px\" class=\"wp-caption alignleft\"><a href=\"http:\/\/www.vdsm.net\/wronline\/wp-content\/uploads\/2015\/02\/Walter-Mennekes-mit-BM-Steinmeier-in-Lima-Peru.jpg\"><img loading=\"lazy\" decoding=\"async\" aria-describedby=\"caption-attachment-2338\" class=\"size-medium wp-image-2338\" src=\"http:\/\/www.vdsm.net\/wronline\/wp-content\/uploads\/2015\/02\/Walter-Mennekes-mit-BM-Steinmeier-in-Lima-Peru-300x225.jpg\" alt=\"(Von links nach rechts): Walter Mennekes, BM Dr. Frank-Walter Steinmeier, Jos\u00e9 Mendoza Pejerrey und Vivian Mendoza Pejerrey \/ Electro Enchufe S.A.C Lima\/Peru.\" width=\"300\" height=\"225\" srcset=\"https:\/\/www.vdsm.net\/wronline\/wp-content\/uploads\/2015\/02\/Walter-Mennekes-mit-BM-Steinmeier-in-Lima-Peru-300x225.jpg 300w, https:\/\/www.vdsm.net\/wronline\/wp-content\/uploads\/2015\/02\/Walter-Mennekes-mit-BM-Steinmeier-in-Lima-Peru.jpg 640w\" sizes=\"auto, (max-width: 300px) 100vw, 300px\" \/><\/a><p id=\"caption-attachment-2338\" class=\"wp-caption-text\">(Von links nach rechts): Walter Mennekes, BM Dr. Frank-Walter Steinmeier, Jos\u00e9 Mendoza Pejerrey und Vivian Mendoza Pejerrey \/ Electro Enchufe S.A.C Lima\/Peru.<\/p><\/div>\n<p>Der sauerl\u00e4ndische Unternehmer Walter Mennekes begleitete als Mitglied einer Wirtschaftsdelegation den Au\u00dfenminister Dr. Frank-Walter Steinmeier auf seiner Reise vom 11. bis 17.02.2015 nach Brasilien, Peru und Kolumbien. Der Au\u00dfenminister sowie die gesamte Delegation trafen sich in allen drei Staaten Lateinamerikas mit Ministern und weiteren hochrangigen Vertretern aus Politik und Wirtschaft. Die Begegnungen dienten dem Austausch aktueller Themen zu Rahmenbedingungen der Wirtschafts-, und Investitionspolitik, vor allem auch \u00fcber die brisante Entwicklung auf dem Welt-Energiemarkt, und um weitere M\u00f6glichkeiten in der Vertiefung der interkontinentalen Kooperation auszuloten.<\/p>\n<p>Die Staaten S\u00fcdamerikas sind vor allem auch wirtschaftlich wichtige Partner Deutschlands, die Beziehung zu ihnen hat sich erfreulich gut entwickelt. Walter Mennekes freute sich \u00fcber die Einladung des Au\u00dfenministeriums: Einerseits war er hinsichtlich der allgemeinen Reiseziele als unmittelbarer Teilhaber am Gedankenaustausch mit den prominenten Vertretern der gastgebenden L\u00e4nder auf die Meinungsbildung gespannt. Andererseits nutze er die Gelegenheit, um auch mit den in den einzelnen Ziell\u00e4ndern gesch\u00e4ftlich aktiven wichtigen Kunden und Partnern des Mennekes Unternehmens den pers\u00f6nlichen Kontakt zu pflegen. Walter Mennekes: \u201eDie Reise war zwar kurz, aber sehr intensiv und effektiv. Fazit f\u00fcr mich: Wenn die Politiker miteinander sprechen, dann ist das gut f\u00fcr die Wirtschaft. Denn das florierende Gesch\u00e4ft mit zum Beispiel unserem Partner in Peru ist ein wichtiges und stabiles Standbein unseres Unternehmens.\u201c<\/p>\n","protected":false},"excerpt":{"rendered":"<p>Der sauerl\u00e4ndische Unternehmer Walter Mennekes begleitete als Mitglied einer Wirtschaftsdelegation den Au\u00dfenminister Dr. Frank-Walter Steinmeier auf seiner Reise vom 11. bis 17.02.2015 nach Brasilien, Peru&#8230;<\/p>\n","protected":false},"author":2,"featured_media":2338,"comment_status":"open","ping_status":"open","sticky":false,"template":"","format":"standard","meta":{"_jetpack_memberships_contains_paid_content":false,"footnotes":""},"categories":[10],"tags":[],"class_list":["post-2337","post","type-post","status-publish","format-standard","has-post-thumbnail","hentry","category-unternehmen"],"jetpack_featured_media_url":"https:\/\/www.vdsm.net\/wronline\/wp-content\/uploads\/2015\/02\/Walter-Mennekes-mit-BM-Steinmeier-in-Lima-Peru.jpg","jetpack_sharing_enabled":true,"_links":{"self":[{"href":"https:\/\/www.vdsm.net\/wronline\/wp-json\/wp\/v2\/posts\/2337","targetHints":{"allow":["GET"]}}],"collection":[{"href":"https:\/\/www.vdsm.net\/wronline\/wp-json\/wp\/v2\/posts"}],"about":[{"href":"https:\/\/www.vdsm.net\/wronline\/wp-json\/wp\/v2\/types\/post"}],"author":[{"embeddable":true,"href":"https:\/\/www.vdsm.net\/wronline\/wp-json\/wp\/v2\/users\/2"}],"replies":[{"embeddable":true,"href":"https:\/\/www.vdsm.net\/wronline\/wp-json\/wp\/v2\/comments?post=2337"}],"version-history":[{"count":1,"href":"https:\/\/www.vdsm.net\/wronline\/wp-json\/wp\/v2\/posts\/2337\/revisions"}],"predecessor-version":[{"id":2339,"href":"https:\/\/www.vdsm.net\/wronline\/wp-json\/wp\/v2\/posts\/2337\/revisions\/2339"}],"wp:featuredmedia":[{"embeddable":true,"href":"https:\/\/www.vdsm.net\/wronline\/wp-json\/wp\/v2\/media\/2338"}],"wp:attachment":[{"href":"https:\/\/www.vdsm.net\/wronline\/wp-json\/wp\/v2\/media?parent=2337"}],"wp:term":[{"taxonomy":"category","embeddable":true,"href":"https:\/\/www.vdsm.net\/wronline\/wp-json\/wp\/v2\/categories?post=2337"},{"taxonomy":"post_tag","embeddable":true,"href":"https:\/\/www.vdsm.net\/wronline\/wp-json\/wp\/v2\/tags?post=2337"}],"curies":[{"name":"wp","href":"https:\/\/api.w.org\/{rel}","templated":true}]}}