{"id":23239,"date":"2021-04-20T14:11:20","date_gmt":"2021-04-20T12:11:20","guid":{"rendered":"https:\/\/www.vdsm.net\/wronline\/?p=23239"},"modified":"2021-04-20T14:11:20","modified_gmt":"2021-04-20T12:11:20","slug":"kompakte-informationen-fuer-gruender","status":"publish","type":"post","link":"https:\/\/www.vdsm.net\/wronline\/kompakte-informationen-fuer-gruender\/","title":{"rendered":"Kompakte Informationen f\u00fcr Gr\u00fcnder"},"content":{"rendered":"<p>Die Industrie- und Handelskammer Siegen (IHK) bietet am 27. April von 12:00 bis 14:30 Uhr und am 7. Mai von 09:00 bis 11:30 Uhr den ersten Teil des \u201eBasisseminars f\u00fcr Existenzgr\u00fcnder\u201c per Videokonferenz an. Im kostenlosen Webinar kl\u00e4ren die Expertinnen der IHK die formalen und rechtlichen Rahmenbedingungen der Gr\u00fcndung. Sie informieren die Teilnehmer au\u00dferdem \u00fcber M\u00f6glichkeiten zur Risikoabsicherung. Ebenso beantworten die Referentinnen zahlreiche Fragen, die Gr\u00fcnder umtreiben. Weitere Informationen und die M\u00f6glichkeit zur Anmeldung finden Interessierte f\u00fcr den 27. April unter <a href=\"https:\/\/events.ihk-siegen.de\/termine\/654\/\" target=\"_blank\" rel=\"noopener\">https:\/\/events.ihk-siegen.de\/termine\/654\/<\/a> und f\u00fcr den 7. Mai unter <a href=\"https:\/\/events.ihk-siegen.de\/termine\/753\/\" target=\"_blank\" rel=\"noopener\">https:\/\/events.ihk-siegen.de\/termine\/753\/<\/a>. Die Teilnahme ist mit mobilem Endger\u00e4t (Video\/Audio) ebenso m\u00f6glich wie per Telefon.<\/p>\n<p>Die IHK Siegen ist Mitglied bei \u201eStartpunkt57&#8243;. Die Initiative f\u00fcr Gr\u00fcnder ist ein Zusammenschluss zahlreicher Unternehmen und Institutionen aus der Region Siegen-Wittgenstein zur F\u00f6rderung von Existenzgr\u00fcndern. Weitere Informationen zu Existenzgr\u00fcndung und Selbstst\u00e4ndigkeit gibt es unter <a href=\"http:\/\/www.ihk-siegen.de\" target=\"_blank\" rel=\"noopener\">www.ihk-siegen.de<\/a> und <a href=\"http:\/\/www.startpunkt57.de\" target=\"_blank\" rel=\"noopener\">www.startpunkt57.de<\/a>.<\/p>\n<p>Infos: <a href=\"https:\/\/www.ihk-siegen.de\/\" target=\"_blank\" rel=\"noopener\">IHK Siegen\u00a0<\/a><\/p>\n","protected":false},"excerpt":{"rendered":"<p>Die Industrie- und Handelskammer Siegen (IHK) bietet am 27. April von 12:00 bis 14:30 Uhr und am 7. Mai von 09:00 bis 11:30 Uhr den&#8230;<\/p>\n","protected":false},"author":6,"featured_media":4018,"comment_status":"open","ping_status":"open","sticky":false,"template":"","format":"standard","meta":{"_jetpack_newsletter_access":"","_jetpack_dont_email_post_to_subs":false,"_jetpack_newsletter_tier_id":0,"_jetpack_memberships_contains_paywalled_content":false,"_jetpack_feature_clip_id":0,"_jetpack_memberships_contains_paid_content":false,"footnotes":"","jetpack_post_was_ever_published":false},"categories":[32,34,11],"tags":[],"class_list":["post-23239","post","type-post","status-publish","format-standard","has-post-thumbnail","hentry","category-infos","category-termine","category-regionale-wirtschaft"],"jetpack_sharing_enabled":true,"jetpack_featured_media_url":"https:\/\/www.vdsm.net\/wronline\/wp-content\/uploads\/2016\/06\/wronline-ihk.jpg","_links":{"self":[{"href":"https:\/\/www.vdsm.net\/wronline\/wp-json\/wp\/v2\/posts\/23239","targetHints":{"allow":["GET"]}}],"collection":[{"href":"https:\/\/www.vdsm.net\/wronline\/wp-json\/wp\/v2\/posts"}],"about":[{"href":"https:\/\/www.vdsm.net\/wronline\/wp-json\/wp\/v2\/types\/post"}],"author":[{"embeddable":true,"href":"https:\/\/www.vdsm.net\/wronline\/wp-json\/wp\/v2\/users\/6"}],"replies":[{"embeddable":true,"href":"https:\/\/www.vdsm.net\/wronline\/wp-json\/wp\/v2\/comments?post=23239"}],"version-history":[{"count":2,"href":"https:\/\/www.vdsm.net\/wronline\/wp-json\/wp\/v2\/posts\/23239\/revisions"}],"predecessor-version":[{"id":23241,"href":"https:\/\/www.vdsm.net\/wronline\/wp-json\/wp\/v2\/posts\/23239\/revisions\/23241"}],"wp:featuredmedia":[{"embeddable":true,"href":"https:\/\/www.vdsm.net\/wronline\/wp-json\/wp\/v2\/media\/4018"}],"wp:attachment":[{"href":"https:\/\/www.vdsm.net\/wronline\/wp-json\/wp\/v2\/media?parent=23239"}],"wp:term":[{"taxonomy":"category","embeddable":true,"href":"https:\/\/www.vdsm.net\/wronline\/wp-json\/wp\/v2\/categories?post=23239"},{"taxonomy":"post_tag","embeddable":true,"href":"https:\/\/www.vdsm.net\/wronline\/wp-json\/wp\/v2\/tags?post=23239"}],"curies":[{"name":"wp","href":"https:\/\/api.w.org\/{rel}","templated":true}]}}