{"id":23210,"date":"2021-04-15T10:05:57","date_gmt":"2021-04-15T08:05:57","guid":{"rendered":"https:\/\/www.vdsm.net\/wronline\/?p=23210"},"modified":"2021-04-15T10:05:57","modified_gmt":"2021-04-15T08:05:57","slug":"eine-starke-industrieregion-mit-demografischen-sorgen","status":"publish","type":"post","link":"https:\/\/www.vdsm.net\/wronline\/eine-starke-industrieregion-mit-demografischen-sorgen\/","title":{"rendered":"Eine starke Industrieregion mit demografischen Sorgen"},"content":{"rendered":"<p><b> <\/b>\u201eDie Zahlen belegen eindrucksvoll: S\u00fcdwestfalen ist nach wie vor eine der st\u00e4rksten Industrieregionen. W\u00e4hrend bundes- und landesweit nur etwa jeder vierte Besch\u00e4ftigte im produzierenden Gewerbe t\u00e4tig ist, kann in S\u00fcdwestfalen nahezu jeder zweite Arbeitsplatz der Industrie zugeordnet werden. Der Industrieumsatz legte in den letzten zehn Jahren st\u00e4rker zu als im Landesdurchschnitt. Er stieg in S\u00fcdwestfalen um 9,3 Prozent, in NRW hingegen ,nur\u2018 um 2,0 Prozent.\u201c Mit diesen Worten kommentiert Stephan H\u00e4ger, Leiter des Referats Konjunktur, Arbeitsmarkt und Statistik der IHK Siegen, die dritte Auflage von \u201eS\u00fcdwestfalen in Zahlen\u201c. Ein weiteres Kennzeichen der Industriest\u00e4rke der Region: Fast die H\u00e4lfte der Bruttowertsch\u00f6pfung ist dem produzierenden Gewerbe zuzuordnen. Im Vergleich hierzu f\u00e4llt sie in NRW mit weniger als einem Drittel deutlich geringer aus. Zudem ist die Entwicklung der sozialversicherungspflichtig Besch\u00e4ftigten in S\u00fcdwestfalen positiv. Die Anzahl stieg von 2009 bis 2019 um 86.478 oder 18,1 Prozent.<\/p>\n<p>Stephan H\u00e4ger: \u201eDie guten Wirtschaftszahlen der vergangenen Jahre und die geringere Arbeitslosenquote im Vergleich zum Landesdurchschnitt wirken sich jedoch nicht positiv auf die demografische Entwicklung aus. Das ist insbesondere im Hinblick auf den Fachkr\u00e4ftemangel problematisch.\u201c Die Bev\u00f6lkerungsentwicklung ist entgegen dem Landes- und Bundestrend negativ. W\u00e4hrend in S\u00fcdwestfalen die Bev\u00f6lkerungsanzahl in den letzten zehn Jahren um mehr als 50.000 bzw. 3,5 Prozent zur\u00fcckging, stieg sie in NRW um mehr als 74.000 bzw. 0,4 Prozent. Bundesweit ist die Bev\u00f6lkerungsentwicklung mit einem Plus von 1,7 Prozent sogar noch deutlicher im positiven Bereich. Auch der Anteil der j\u00fcngeren Erwachsenen (20 bis 49 Jahre) ist in der Region geringer. \u201eEs ist paradox: Obwohl wir \u00fcber beste Voraussetzungen verf\u00fcgen, gelingt es uns nicht in ausreichendem Ma\u00dfe, junge Menschen in der Region zu binden.\u201c Gleichzeitig ist der Anteil der \u00fcber 50-J\u00e4hrigen um fast zwei Prozentpunkte h\u00f6her als im Bundes- und Landesdurchschnitt. \u201eDas Arbeitskr\u00e4fteangebot wird schrumpfen und den Fachkr\u00e4ftemangel in Zukunft noch verst\u00e4rken. Um diesen ein St\u00fcck weit zu begegnen, sind konsequente standortpolitische Entscheidungen notwendig\u201c, so Stephan H\u00e4ger weiter. Der Zahlenspiegel liefert zudem Informationen zur Kaufkraft und zu S\u00fcdwestfalens Weltmarktf\u00fchrern. \u201eS\u00fcdwestfalen in Zahlen\u201c ist unter <a href=\"https:\/\/www.ihk-siegen.de\/konjunktur-arbeitsmarkt-und-statistik\/statistische-daten-1\/\" target=\"_blank\" rel=\"noopener\">https:\/\/www.ihk-siegen.de\/konjunktur-arbeitsmarkt-und-statistik\/statistische-daten-1\/<\/a> abrufbar.<\/p>\n<p>Info: <a href=\"https:\/\/www.ihk-siegen.de\/\" target=\"_blank\" rel=\"noopener\">IHK Siegen<\/a><\/p>\n","protected":false},"excerpt":{"rendered":"<p>\u201eDie Zahlen belegen eindrucksvoll: S\u00fcdwestfalen ist nach wie vor eine der st\u00e4rksten Industrieregionen. W\u00e4hrend bundes- und landesweit nur etwa jeder vierte Besch\u00e4ftigte im produzierenden Gewerbe&#8230;<\/p>\n","protected":false},"author":2,"featured_media":4018,"comment_status":"open","ping_status":"open","sticky":false,"template":"","format":"standard","meta":{"_jetpack_newsletter_access":"","_jetpack_dont_email_post_to_subs":false,"_jetpack_newsletter_tier_id":0,"_jetpack_memberships_contains_paywalled_content":false,"_jetpack_feature_clip_id":0,"_jetpack_memberships_contains_paid_content":false,"footnotes":"","jetpack_post_was_ever_published":false},"categories":[32,30,11],"tags":[],"class_list":["post-23210","post","type-post","status-publish","format-standard","has-post-thumbnail","hentry","category-infos","category-vermischtes","category-regionale-wirtschaft"],"jetpack_sharing_enabled":true,"jetpack_featured_media_url":"https:\/\/www.vdsm.net\/wronline\/wp-content\/uploads\/2016\/06\/wronline-ihk.jpg","_links":{"self":[{"href":"https:\/\/www.vdsm.net\/wronline\/wp-json\/wp\/v2\/posts\/23210","targetHints":{"allow":["GET"]}}],"collection":[{"href":"https:\/\/www.vdsm.net\/wronline\/wp-json\/wp\/v2\/posts"}],"about":[{"href":"https:\/\/www.vdsm.net\/wronline\/wp-json\/wp\/v2\/types\/post"}],"author":[{"embeddable":true,"href":"https:\/\/www.vdsm.net\/wronline\/wp-json\/wp\/v2\/users\/2"}],"replies":[{"embeddable":true,"href":"https:\/\/www.vdsm.net\/wronline\/wp-json\/wp\/v2\/comments?post=23210"}],"version-history":[{"count":1,"href":"https:\/\/www.vdsm.net\/wronline\/wp-json\/wp\/v2\/posts\/23210\/revisions"}],"predecessor-version":[{"id":23211,"href":"https:\/\/www.vdsm.net\/wronline\/wp-json\/wp\/v2\/posts\/23210\/revisions\/23211"}],"wp:featuredmedia":[{"embeddable":true,"href":"https:\/\/www.vdsm.net\/wronline\/wp-json\/wp\/v2\/media\/4018"}],"wp:attachment":[{"href":"https:\/\/www.vdsm.net\/wronline\/wp-json\/wp\/v2\/media?parent=23210"}],"wp:term":[{"taxonomy":"category","embeddable":true,"href":"https:\/\/www.vdsm.net\/wronline\/wp-json\/wp\/v2\/categories?post=23210"},{"taxonomy":"post_tag","embeddable":true,"href":"https:\/\/www.vdsm.net\/wronline\/wp-json\/wp\/v2\/tags?post=23210"}],"curies":[{"name":"wp","href":"https:\/\/api.w.org\/{rel}","templated":true}]}}