{"id":23179,"date":"2021-04-13T14:12:25","date_gmt":"2021-04-13T12:12:25","guid":{"rendered":"https:\/\/www.vdsm.net\/wronline\/?p=23179"},"modified":"2021-04-13T14:13:17","modified_gmt":"2021-04-13T12:13:17","slug":"neues-fuehrungsduo-bei-fischer-profil","status":"publish","type":"post","link":"https:\/\/www.vdsm.net\/wronline\/neues-fuehrungsduo-bei-fischer-profil\/","title":{"rendered":"Neues F\u00fchrungsduo bei Fischer Profil"},"content":{"rendered":"<p>Mit Gordon Brede und Michael Wahl hat die Fischer Profil GmbH mit Wirkung zum 01. April 2021 eine neue Doppelspitze. Abgel\u00f6st wird der bisherige Gesch\u00e4ftsf\u00fchrer Dr.-Ing. Horst Dieter Schulz, der sich in den wohlverdienten Ruhestand verabschiedet hat.<\/p>\n<p>Gordon Brede (52) ist bereits seit mehr als zwei Jahrzehnten in F\u00fchrungspositionen in der Branche t\u00e4tig. Herr Brede leitete zuletzt den Bereich Vertrieb bei Fischer Profil, den er 2017 nach einem Wechsel von Hoesch Bausysteme, Kreuztal-Eichen, \u00fcbernahm. Auf seiner neuen Position verantwortet er nun zus\u00e4tzlich zum Vertrieb und Marketing die Leitung der Bereiche Finanzen, Beschaffung und Materialwirtschaft. Gordon Brede sagt:\u00a0\u201eWir danken Dr. Horst Dieter Schulz f\u00fcr seine zielf\u00fchrende Leitung und sein au\u00dferordentliches Engagement. Vor 20 Jahren begann ich bereits meine Karriere als Teamleiter Vertrieb bei Fischer Profil und nun freue ich mich, das Unternehmen gemeinsam mit Michael Wahl und dem Fokus auf unsere Kunden weiterzuentwickeln.\u201c<\/p>\n<p>Michael Wahl (58) blickt ebenfalls auf eine lange Karriere in der Industrie zur\u00fcck. Mehrere Jahre war er im Bereich Automotive als Produktionsleiter und sp\u00e4ter als Bereichsleiter Produktion bei der Unilux AG t\u00e4tig. In den letzten 14 Jahren war er f\u00fcr die Werkleitung bei Fischer Profil verantwortlich. Als Gesch\u00e4ftsf\u00fchrer ist er nun zust\u00e4ndig f\u00fcr die Bereiche Produktion, Personal, Entwicklung, Zulassungen, Health and Safety und Qualit\u00e4t. \u201eIch freue mich sehr \u00fcber diese neue Herausforderung,\u201c so Michael Wahl \u201eund bin bereit, diese in der Doppelspitze mit Gordon Brede anzugehen. Unser Ziel ist es, Fischer Profil als verl\u00e4sslichen und zukunftsorientierten Partner f\u00fcr unsere Kunden weiter zu festigen.\u201c<\/p>\n<p>Bild und Info: <a href=\"https:\/\/www.fischerprofil.de\/de\/\" target=\"_blank\" rel=\"noopener\">Fischer Profil GmbH<\/a><\/p>\n","protected":false},"excerpt":{"rendered":"<p>Mit Gordon Brede und Michael Wahl hat die Fischer Profil GmbH mit Wirkung zum 01. April 2021 eine neue Doppelspitze. Abgel\u00f6st wird der bisherige Gesch\u00e4ftsf\u00fchrer&#8230;<\/p>\n","protected":false},"author":2,"featured_media":23180,"comment_status":"open","ping_status":"open","sticky":false,"template":"","format":"standard","meta":{"_jetpack_newsletter_access":"","_jetpack_dont_email_post_to_subs":false,"_jetpack_newsletter_tier_id":0,"_jetpack_memberships_contains_paywalled_content":false,"_jetpack_feature_clip_id":0,"_jetpack_memberships_contains_paid_content":false,"footnotes":"","jetpack_post_was_ever_published":false},"categories":[32,10],"tags":[],"class_list":["post-23179","post","type-post","status-publish","format-standard","has-post-thumbnail","hentry","category-infos","category-unternehmen"],"jetpack_sharing_enabled":true,"jetpack_featured_media_url":"https:\/\/www.vdsm.net\/wronline\/wp-content\/uploads\/2021\/04\/fischer-spitze.jpg","_links":{"self":[{"href":"https:\/\/www.vdsm.net\/wronline\/wp-json\/wp\/v2\/posts\/23179","targetHints":{"allow":["GET"]}}],"collection":[{"href":"https:\/\/www.vdsm.net\/wronline\/wp-json\/wp\/v2\/posts"}],"about":[{"href":"https:\/\/www.vdsm.net\/wronline\/wp-json\/wp\/v2\/types\/post"}],"author":[{"embeddable":true,"href":"https:\/\/www.vdsm.net\/wronline\/wp-json\/wp\/v2\/users\/2"}],"replies":[{"embeddable":true,"href":"https:\/\/www.vdsm.net\/wronline\/wp-json\/wp\/v2\/comments?post=23179"}],"version-history":[{"count":2,"href":"https:\/\/www.vdsm.net\/wronline\/wp-json\/wp\/v2\/posts\/23179\/revisions"}],"predecessor-version":[{"id":23182,"href":"https:\/\/www.vdsm.net\/wronline\/wp-json\/wp\/v2\/posts\/23179\/revisions\/23182"}],"wp:featuredmedia":[{"embeddable":true,"href":"https:\/\/www.vdsm.net\/wronline\/wp-json\/wp\/v2\/media\/23180"}],"wp:attachment":[{"href":"https:\/\/www.vdsm.net\/wronline\/wp-json\/wp\/v2\/media?parent=23179"}],"wp:term":[{"taxonomy":"category","embeddable":true,"href":"https:\/\/www.vdsm.net\/wronline\/wp-json\/wp\/v2\/categories?post=23179"},{"taxonomy":"post_tag","embeddable":true,"href":"https:\/\/www.vdsm.net\/wronline\/wp-json\/wp\/v2\/tags?post=23179"}],"curies":[{"name":"wp","href":"https:\/\/api.w.org\/{rel}","templated":true}]}}