{"id":2315,"date":"2015-01-29T10:07:42","date_gmt":"2015-01-29T09:07:42","guid":{"rendered":"http:\/\/www.vdsm.net\/wronline\/?p=2315"},"modified":"2015-01-29T10:07:42","modified_gmt":"2015-01-29T09:07:42","slug":"winter-ist-auf-dem-arbeitsmarkt-angekommen","status":"publish","type":"post","link":"https:\/\/www.vdsm.net\/wronline\/winter-ist-auf-dem-arbeitsmarkt-angekommen\/","title":{"rendered":"Winter ist auf dem Arbeitsmarkt angekommen"},"content":{"rendered":"<p><a href=\"http:\/\/www.vdsm.net\/wronline\/wp-content\/uploads\/2011\/12\/AASiegen.jpg\"><img loading=\"lazy\" decoding=\"async\" class=\"alignleft size-full wp-image-104\" src=\"http:\/\/www.vdsm.net\/wronline\/wp-content\/uploads\/2011\/12\/AASiegen.jpg\" alt=\"Arbeitsagentur Siegen\" width=\"250\" height=\"188\" \/><\/a>Der Winter ist auf dem heimischen Arbeitsmarkt angekommen. Nachdem im vergangenen Monat die kalte Jahreszeit fast keine Auswirkungen auf den Arbeitsmarkt hatte, stiegen nun die Arbeitslosenzahlen deutlich an. Im Januar waren 12.501 M\u00e4nner und Frauen im Bezirk der Agentur f\u00fcr Arbeit Siegen arbeitslos, das waren 877 Personen mehr als Im Dezember. Damit stieg die Zahl der Arbeitslosen um 7,5 Prozent, die Arbeitslosenquote stieg um 0,4 Prozentpunkte auf 5,5 Prozent.\u00a0\u201eSchnee und Eis haben sich auf den Arbeitsmarkt ausgewirkt\u201c, kommentierte Dr. Bettina Wolf, Vorsitzende der Gesch\u00e4ftsf\u00fchrung der Agentur f\u00fcr Arbeit Siegen die Entwicklung. \u201eWir sind aber zuversichtlich, dass wir die M\u00e4nner und Frauen mit der Fr\u00fchjahrsbelebung wieder in Arbeit bringen k\u00f6nnen.\u201c<\/p>\n<p>Der saison\u00fcbliche Anstieg im Januar bedeutet, dass gerade in Au\u00dfenberufen wie etwa der Bauwirtschaft weniger Auftr\u00e4ge vorhanden sind, und dadurch Mitarbeiter entlassen werden. Gleichzeitig enden die 3 \u00bd j\u00e4hrigen Ausbildungen, sodass die Zahl der Arbeitslosen ansteigt. Dementsprechend waren auch besonders M\u00e4nner (+10,7 Prozent) und unter 25-J\u00e4hrige (+10,2 Prozent) vom Anstieg betroffen.<\/p>\n<p>Trotzdem konnte Dr. Bettina Wolf auch positive Nachrichten bei der Pr\u00e4sentation der Arbeitsmarktzahlen verk\u00fcnden. Im Jahresvergleich \u2013 also saisonbereinigt \u2013 durfte die Arbeitsagentur einen R\u00fcckgang der Arbeitslosen verzeichnen: Die Zahl der Arbeitslosen sank, verglichen mit Januar 2014, um 503 Personen bzw. 3,9 Prozent. \u201eDiese Entwicklung stimmt uns optimistisch. Ich hoffe, dass wir diesen positiven Trend in den weiteren Jahresverlauf mitnehmen werden und so mehr Menschen auf dem Arbeitsmarkt eine Perspektive geben k\u00f6nnen\u201c, freute sich Dr. Bettina Wolf.<\/p>\n<p>Im Kreis Siegen Wittgenstein waren im Januar 8.804 M\u00e4nner und Frauen arbeitslos. Das waren 571 Personen mehr als im Dezember. Die Zahl der Arbeitslosen stieg damit um 6,9 Prozent, die Arbeitslosenquote kletterte von 5,4 Prozent auf 5,8 Prozent. Der positive Jahresvergleich war auch im Kreis Siegen-Wittgenstein deutlich erkennbar. Verglichen mit Januar des vergangenen Jahres sank die Zahl der Arbeitslosen um 334 M\u00e4nner und Frauen, das war ein R\u00fcckgang um 3,7 Prozent.<\/p>\n<p>Im Kreis Olpe waren im Januar 3.697 Personen arbeitslos. Die Zahl der Arbeitslosen stieg damit um 306 Personen, das entspricht 9 Prozent. Damit lag die Arbeitslosenquote nun bei 4,8 Prozent. Verglichen mit Januar 2014 fiel die Zahl der Arbeitslosen um 4,4 Prozent, das entspricht 169 M\u00e4nnern und Frauen.<\/p>\n<p>Die Betriebe in der Region meldeten im Januar 763 freie Arbeitsstellen. Das waren 18 Stellen weniger als im Dezember, jedoch 165 und damit 27,6 Prozent mehr als im vergangenen Jahr. Dr. Bettina Wolf: \u201eDie Nachfrage nach gut ausgebildeten Arbeitskr\u00e4ften ist in der Region ungebrochen hoch. Wir appellieren an die Personalentscheider, auch Bewerbern eine Chance zu geben, die die gesetzten Herausforderungen nicht zu 100 Prozent erf\u00fcllen. Bei einer Einstellungszusage unterst\u00fctzen wir, falls erforderlich, gerne mit entsprechenden Qualifizierungsangeboten.\u201c<\/p>\n<p>Die Zahl der Arbeitslosen summiert sich in Siegen aus Kunden der Arbeitslosenversicherung \/ Arbeitslosengeld (Agentur f\u00fcr Arbeit Siegen) und aus den Kunden der Grundsicherung \/ \u201eHartz IV\u201c (Jobcenter Kreis Siegen-Wittgenstein und Jobcenter Kreis Olpe).\u00a0Im Bereich der Arbeitslosenversicherung waren im Januar 4.848 M\u00e4nner und Frauen arbeitslos. Damit waren 673 Personen mehr arbeitslos als im Dezember, die Zahl stieg um 16,1 Prozent an. Verglichen mit dem Vorjahr sank die Zahl der von Agentur f\u00fcr Arbeit betreuten arbeitslosen M\u00e4nnern und Frauen dagegen um 81 Personen.<\/p>\n<p>Im Rechtskreis der Grundsicherung waren bei den Jobcentern des Agenturbezirks 7.653 Personen als arbeitslos registriert, 204 M\u00e4nner und Frauen mehr als im Dezember. Vergleichen mit Januar 2014 zeigte sich ein deutlicher R\u00fcckgang um 422 Personen, das entspricht 5,2 Prozent.\u00a0Das Jobcenter Kreis Siegen-Wittgenstein betreute im Januar 5.589 arbeitslose M\u00e4nner und Frauen. Die Zahl stieg damit um 144 Personen, ein Anstieg um 2,6 Prozent. Im Jahresvergleich sank die Zahl dagegen um 289 Personen, das entspricht einem Minus von 4,9 Prozent.\u00a0Das Jobcenter Kreis Olpe war im Januar f\u00fcr 2.064 arbeitslose Personen verantwortlich. Das waren 60 mehr als im Dezember, ein Zuwachs um 3 Prozent. Verglichen mit Januar 2014 sank die Zahl der vom Jobcenter Kreis Olpe betreuten Arbeitslosen um 6,1 Prozent, das entspricht 133 Personen.<\/p>\n","protected":false},"excerpt":{"rendered":"<p>Der Winter ist auf dem heimischen Arbeitsmarkt angekommen. Nachdem im vergangenen Monat die kalte Jahreszeit fast keine Auswirkungen auf den Arbeitsmarkt hatte, stiegen nun die&#8230;<\/p>\n","protected":false},"author":2,"featured_media":0,"comment_status":"open","ping_status":"open","sticky":false,"template":"","format":"standard","meta":{"_jetpack_memberships_contains_paid_content":false,"footnotes":""},"categories":[16],"tags":[],"class_list":["post-2315","post","type-post","status-publish","format-standard","hentry","category-arbeitsmarkt"],"jetpack_featured_media_url":"","jetpack_sharing_enabled":true,"_links":{"self":[{"href":"https:\/\/www.vdsm.net\/wronline\/wp-json\/wp\/v2\/posts\/2315","targetHints":{"allow":["GET"]}}],"collection":[{"href":"https:\/\/www.vdsm.net\/wronline\/wp-json\/wp\/v2\/posts"}],"about":[{"href":"https:\/\/www.vdsm.net\/wronline\/wp-json\/wp\/v2\/types\/post"}],"author":[{"embeddable":true,"href":"https:\/\/www.vdsm.net\/wronline\/wp-json\/wp\/v2\/users\/2"}],"replies":[{"embeddable":true,"href":"https:\/\/www.vdsm.net\/wronline\/wp-json\/wp\/v2\/comments?post=2315"}],"version-history":[{"count":1,"href":"https:\/\/www.vdsm.net\/wronline\/wp-json\/wp\/v2\/posts\/2315\/revisions"}],"predecessor-version":[{"id":2316,"href":"https:\/\/www.vdsm.net\/wronline\/wp-json\/wp\/v2\/posts\/2315\/revisions\/2316"}],"wp:attachment":[{"href":"https:\/\/www.vdsm.net\/wronline\/wp-json\/wp\/v2\/media?parent=2315"}],"wp:term":[{"taxonomy":"category","embeddable":true,"href":"https:\/\/www.vdsm.net\/wronline\/wp-json\/wp\/v2\/categories?post=2315"},{"taxonomy":"post_tag","embeddable":true,"href":"https:\/\/www.vdsm.net\/wronline\/wp-json\/wp\/v2\/tags?post=2315"}],"curies":[{"name":"wp","href":"https:\/\/api.w.org\/{rel}","templated":true}]}}