{"id":2312,"date":"2015-01-22T15:09:08","date_gmt":"2015-01-22T14:09:08","guid":{"rendered":"http:\/\/www.vdsm.net\/wronline\/?p=2312"},"modified":"2015-01-22T15:09:08","modified_gmt":"2015-01-22T14:09:08","slug":"siegen-wittgenstein-ist-eine-starke-industrieregion-im-gruenen","status":"publish","type":"post","link":"https:\/\/www.vdsm.net\/wronline\/siegen-wittgenstein-ist-eine-starke-industrieregion-im-gruenen\/","title":{"rendered":"Siegen-Wittgenstein ist eine starke Industrieregion im Gr\u00fcnen"},"content":{"rendered":"<div style=\"width: 316px\" class=\"wp-caption alignleft\"><a href=\"http:\/\/www.uni-siegen.de\/start\/news\/oeffentlichkeit\/images\/ministerremmelhp.jpg\"><img loading=\"lazy\" decoding=\"async\" class=\"\" src=\"http:\/\/www.uni-siegen.de\/start\/news\/oeffentlichkeit\/images\/ministerremmelhp.jpg\" alt=\"\" width=\"306\" height=\"306\" \/><\/a><p class=\"wp-caption-text\">Johannes Remmel ist Minister f\u00fcr Klimaschutz, Umwelt, Landwirtschaft, Natur- und Verbraucherschutz des Landes Nordrhein-Westfalen.<\/p><\/div>\n<p>\u201eWenn wir keinen Planeten mehr haben, geht es der Wirtschaft nicht gut\u201c, zitierte Landrat Andreas M\u00fcller den ehemaligen US-amerikanischen Vizepr\u00e4sidenten Al Gore in seiner Begr\u00fc\u00dfungsrede zur j\u00fcngsten Veranstaltung der Zukunftsinitiative Wirtschaft Siegen-Wittgenstein 2025 (KM:SI, Forschungskolleg Siegen, Universit\u00e4t Siegen).\u00a0 Das Thema lautete \u201eRegionale Chancen durch Klimaschutz\u201c. Zu Gast war NRW-Umweltminister Johannes Remmel. Der Landrat verwies auf die Chancen, die der Klimaschutz auch den Unternehmen biete: \u201eDas ist ein Gesch\u00e4ftsfeld, mit dem man gutes Geld verdienen kann.\u201c Diese Chance sei in der heimischen Region erkannt worden und werde genutzt: \u201eViele Unternehmen in der Region sind auf diesem Gebiet unterwegs.\u201c<\/p>\n<p>Vielleicht stellte Minister Remmel vor diesem Hintergrund zu Beginn seiner Ausf\u00fchrungen die Frage in den Raum, ob er nicht Butter nach Friesland trage. S\u00fcdwestfalen, so Remmel, sei eine \u201estarke Industrieregion im Gr\u00fcnen\u201c, stark im Eisen- und Metallbau, der Stahlindustrie, dem Handwerk, gepr\u00e4gt vom Mittelstand und versehen mit einer guten Universit\u00e4t. Ver\u00e4nderungsprozesse auch im Rahmen der industriellen Entwicklung h\u00e4tten heutzutage auch immer mit dem Thema Energie zu tun, so Remmel. Das Thema stehe in engem Zusammenhang mit dem Klimaschutz. Der Kohlendioxidaussto\u00df solle bis 2050 drastisch gesenkt werden. Derzeit liege er in NRW bei rund 16 Tonnen pro Kopf und Jahr. Ein Inder indes bringe es auf 1,5 Tonnen pro Jahr und Kopf. Im industriell gepr\u00e4gten Nordrhein-Westfalen solle der Aussto\u00df um etwa 80 Prozent im Planungszeitraum gesenkt werden. Der Minister: \u201eWenn wir das in NRW nicht schaffen, schaffen wir es auch national und auf europ\u00e4ischer Ebene nicht.\u201c Von daher sei NRW \u201eein Brennglas der Klimapolitik\u201c. Die Reduzierung des Kohlendioxidaussto\u00dfes gehe nur mit technischen L\u00f6sungen. Remmel: \u201eEs besteht die Chance, diese L\u00f6sungen im internationalen Wettbewerb anzubieten.\u201c Eine Region, die sich an Nachhaltigkeit und Klimaschutz orientiere, sei Teil dieser L\u00f6sung. Es gelte, Kr\u00e4fte abzustimmen, Ressourcen zu b\u00fcndeln und den Netzwerkgedanken zu st\u00e4rken.<\/p>\n<p>Deutschland strebe seit 2011 eine umfassende Energiewende an. Allerdings seien die Grundlagen daf\u00fcr noch nicht geschaffen worden. Vor allem in die Infrastruktur m\u00fcsse investiert werden. In Sachen Energie und Klimaschutz w\u00fcrden Initiativen vor Ort in Netzwerken ben\u00f6tigt, Systeml\u00f6sungen, Qualifikation und Ausbildung. Remmel: \u201eWir brauchen eine \u00f6kologische industrielle Revolution. Und diese braucht Revolution\u00e4re.\u201c In diesem Sinne habe NRW eine gute Zukunftsperspektive, nicht zuletzt wegen der engen Hochschullandschaft auch im Bereich Energie.<\/p>\n","protected":false},"excerpt":{"rendered":"<p>\u201eWenn wir keinen Planeten mehr haben, geht es der Wirtschaft nicht gut\u201c, zitierte Landrat Andreas M\u00fcller den ehemaligen US-amerikanischen Vizepr\u00e4sidenten Al Gore in seiner Begr\u00fc\u00dfungsrede&#8230;<\/p>\n","protected":false},"author":2,"featured_media":0,"comment_status":"open","ping_status":"open","sticky":false,"template":"","format":"standard","meta":{"_jetpack_memberships_contains_paid_content":false,"footnotes":""},"categories":[11],"tags":[],"class_list":["post-2312","post","type-post","status-publish","format-standard","hentry","category-regionale-wirtschaft"],"jetpack_featured_media_url":"","jetpack_sharing_enabled":true,"_links":{"self":[{"href":"https:\/\/www.vdsm.net\/wronline\/wp-json\/wp\/v2\/posts\/2312","targetHints":{"allow":["GET"]}}],"collection":[{"href":"https:\/\/www.vdsm.net\/wronline\/wp-json\/wp\/v2\/posts"}],"about":[{"href":"https:\/\/www.vdsm.net\/wronline\/wp-json\/wp\/v2\/types\/post"}],"author":[{"embeddable":true,"href":"https:\/\/www.vdsm.net\/wronline\/wp-json\/wp\/v2\/users\/2"}],"replies":[{"embeddable":true,"href":"https:\/\/www.vdsm.net\/wronline\/wp-json\/wp\/v2\/comments?post=2312"}],"version-history":[{"count":2,"href":"https:\/\/www.vdsm.net\/wronline\/wp-json\/wp\/v2\/posts\/2312\/revisions"}],"predecessor-version":[{"id":2314,"href":"https:\/\/www.vdsm.net\/wronline\/wp-json\/wp\/v2\/posts\/2312\/revisions\/2314"}],"wp:attachment":[{"href":"https:\/\/www.vdsm.net\/wronline\/wp-json\/wp\/v2\/media?parent=2312"}],"wp:term":[{"taxonomy":"category","embeddable":true,"href":"https:\/\/www.vdsm.net\/wronline\/wp-json\/wp\/v2\/categories?post=2312"},{"taxonomy":"post_tag","embeddable":true,"href":"https:\/\/www.vdsm.net\/wronline\/wp-json\/wp\/v2\/tags?post=2312"}],"curies":[{"name":"wp","href":"https:\/\/api.w.org\/{rel}","templated":true}]}}