{"id":2285,"date":"2014-12-22T11:04:03","date_gmt":"2014-12-22T10:04:03","guid":{"rendered":"http:\/\/www.vdsm.net\/wronline\/?p=2285"},"modified":"2014-12-22T11:04:03","modified_gmt":"2014-12-22T10:04:03","slug":"nach-einem-soliden-jahr-waechst-die-unsicherheit","status":"publish","type":"post","link":"https:\/\/www.vdsm.net\/wronline\/nach-einem-soliden-jahr-waechst-die-unsicherheit\/","title":{"rendered":"Nach einem soliden Jahr w\u00e4chst die Unsicherheit"},"content":{"rendered":"<div id=\"attachment_2286\" style=\"width: 310px\" class=\"wp-caption alignleft\"><a href=\"http:\/\/www.vdsm.net\/wronline\/wp-content\/uploads\/2014\/12\/MG_9631.jpg\"><img loading=\"lazy\" decoding=\"async\" aria-describedby=\"caption-attachment-2286\" class=\"size-medium wp-image-2286\" src=\"http:\/\/www.vdsm.net\/wronline\/wp-content\/uploads\/2014\/12\/MG_9631-300x200.jpg\" alt=\"VdSM-Vorsitzender Dipl.-Ing. J\u00f6rg Dienenthal und der neue Verbandsgesch\u00e4ftsf\u00fchrrr, Dr. Thorsten Doublet, im Gespr\u00e4ch mit Radio Siegen-Reporterin  Jessica Gummersbach.\" width=\"300\" height=\"200\" srcset=\"https:\/\/www.vdsm.net\/wronline\/wp-content\/uploads\/2014\/12\/MG_9631-300x200.jpg 300w, https:\/\/www.vdsm.net\/wronline\/wp-content\/uploads\/2014\/12\/MG_9631-150x100.jpg 150w, https:\/\/www.vdsm.net\/wronline\/wp-content\/uploads\/2014\/12\/MG_9631.jpg 600w\" sizes=\"auto, (max-width: 300px) 100vw, 300px\" \/><\/a><p id=\"caption-attachment-2286\" class=\"wp-caption-text\">VdSM-Vorsitzender Dipl.-Ing. J\u00f6rg Dienenthal und der neue Verbandsgesch\u00e4ftsf\u00fchrrr, Dr. Thorsten Doublet, im Gespr\u00e4ch mit Radio Siegen-Reporterin Jessica Gummersbach.<\/p><\/div>\n<p>Der VdSM Verband der Siegerl\u00e4nder Metallindustriellen e.V. in Siegen hat seine Mitgliedsunternehmen traditionsgem\u00e4\u00df zum Jahresende nach deren Wirtschaftsentwicklung befragt. Insgesamt 39 Unternehmen mit knapp 10.000 Besch\u00e4ftigten haben sich an der Umfrage beteiligt. VdSM-Vorsitzender Dipl.-Ing. J\u00f6rg Dienenthal und der neue Verbandsgesch\u00e4ftsf\u00fchrer Dr. Thorsten Doublet stellten die Ergebnisse im Rahmen eines Pressegespr\u00e4ches vor. \u201e2014 war f\u00fcr die Unternehmen der Metall- und Elektroindustrie in Siegen-Wittgen\u00adstein ein durchaus solides und weitgehend stabiles Jahr. Allerdings ist die Skepsis gro\u00df, dass dies 2015 auch so sein wird\u201c, erl\u00e4uterte J\u00f6rg Dienenthal. Insgesamt bewerteten \u00fcber 76 Prozent der Unternehmen, die sich an der VdSM-Umfrage beteiligt haben, ihre aktuelle Gesch\u00e4ftslage als \u201egut\u201c oder \u201ebefriedigend\u201c. Das entspricht einem leichten Zuwachs gegen\u00fcber 2013 (72,5 Prozent). Die Einsch\u00e4tzung der Gesch\u00e4ftsentwicklung f\u00fcr 2015 f\u00e4llt dagegen deutlich pessimistischer aus. Nur noch ca. 56 Prozent der Unternehmen erwarten eine g\u00fcnstigere oder gleichbleibend gute Gesch\u00e4ftsentwicklung. 2013 lag dieser Wert noch bei \u00fcber 63 Prozent. Gut 20 Prozent gehen sogar von einer Verschlechterung aus. 2013 gaben diese Einsch\u00e4tzung nur knapp f\u00fcnf Prozent der Unternehmen ab.<\/p>\n<p>\u201eWas die Auftragsentwicklung in 2014 angeht, hat sich das Inlandsgesch\u00e4ft auf dem Niveau von 2013 stabilisiert\u201c, so Dr. Doublet weiter. Allerdings seien die schw\u00e4chelnde Weltkonjunktur und die politischen Ereignisse rund um die Ukraine-Krise nicht ohne Auswirkungen auf das Auslandsgesch\u00e4ft geblieben. Nur noch knapp \u00fcber 74 Prozent (2013: fast 82 Prozent) der Unternehmen gaben an, dass die Auftragseing\u00e4nge aus dem Ausland \u201egut\u201c oder \u201ebefriedigend\u201c gewesen seien. \u00dcber ein Viertel (2013: rund 18 Prozent) wertete sie hingegen als \u201eschlecht.<\/p>\n<p>Dennoch war die Produktionsauslastung in den Unternehmen 2014 noch relativ hoch. Sie lag bei rund 92 Prozent (2013: ca. 82 Prozent). Gleiches gilt auch f\u00fcr die Ertragslage. Etwas \u00fcber 62 Prozent der Unternehmen, die an der Umfrage teilgenommen haben, bezeichneten ihre Ertragssituation als \u201egut\u201c oder \u201ebefriedigend\u201c. 2013 lag dieser Wert bei 55 Prozent. \u201eAuch wenn dies auf den ersten Blick eine Verbesserung darstellt, konnten die Unternehmen dennoch nicht das Ergebnis von 2012 mit fast 82 Prozent guter bzw. befriedigender Bewertung erreichen. Hier besteht nach wie vor noch Aufholbedarf\u201c, betonte Dr. Doublet.\u00a0Dies d\u00fcrfte allerdings in 2015 nicht zu erwarten sein. Vielmehr rechnen nur noch knapp 24 Prozent der Betriebe mit einer Ertragsverbesserung. 2013 waren es noch \u00fcber 42 Prozent. Ebenso erwarten die Unternehmen 2015 eine r\u00fcckl\u00e4ufige Produktionsentwicklung. Dennoch ist die Investitionsbereitschaft gegen\u00fcber 2014 nahezu unver\u00e4ndert.<\/p>\n<p>\u201eAufgrund der soliden Wirtschaftslage in diesem Jahr hat es bei der Personalentwicklung keine wesentlichen Ver\u00e4nderungen gegeben\u201c, erl\u00e4uterte der neue Verbandsgesch\u00e4ftsf\u00fchrer. Nach wie vor halten die Unternehmen ihren Fachkr\u00e4ftestamm auf einem weitgehend gleichbleibenden Niveau mit leichter Zunahme bei den Einstellungen. Erneut gaben \u00fcber 60 Prozent der Unternehmen eine unver\u00e4nderte Belegschaftsentwicklung an. Rund 21 Prozent meldeten eine Zunahme (2013: 16,7 Prozent), aber auch knapp 19 Prozent eine Verringerung (2013: 16,7 Prozent).<\/p>\n<p>F\u00fcr 2015 zeichnet sich eine vergleichbare Entwicklung ab, mit einem leichten Anstieg beim Personallabbau. Fast 74 Prozent der Unternehmen wollen ihre Belegschaftsst\u00e4rke auch im kommenden Jahr weiter halten. Knapp 14 Prozent (2013: knapp sieben Prozent) gehen allerdings davon aus, Stellen abbauen zu m\u00fcssen.<\/p>\n<p>\u201eAuch die Ausbildungsbereitschaft der M+E-Unternehmen in Siegen-Wittgenstein bleibt 2015 nach wie vor hoch\u201c, unterstrich Dr. Doublet. Knapp \u00fcber 84 Prozent der Unternehmen werden ihr Ausbildungsangebot nicht ver\u00e4ndern. Das ist gegen\u00fcber 2013 mit knapp 70 Prozent noch einmal eine deutliche Steigerung. Allerdings wollen nur noch knapp drei Prozent (2013: fast 13 Prozent) mehr Ausbildungspl\u00e4tze anbieten. Hier wirkt m\u00f6glicherweise noch die in der letzten Tarifrunde von der IG Metall erstrittene \u00dcbernahmegarantie f\u00fcr Auszubildende nach.<\/p>\n<p>\u201eZusammenfassend l\u00e4sst sich festhalten: Die Unternehmen der Metall- und Elektroindustrie in Siegen-Wittgenstein haben 2014 solide gewirtschaftet, der Arbeitsmarkt in der Region ist stabil und das Ausbildungsangebot weiterhin auf einem hohen Niveau. Allerdings mehren sich f\u00fcr 2015 die Zeichen der Unsicherheit. Grund daf\u00fcr sind nicht zuletzt die wirtschaftlichen Auswirkungen der wachsenden politischen Krisen in der Welt, unter denen vor allem die stark exportorientierten Unternehmen in Siegen-Wittgenstein leiden. Verst\u00e4rkt werden die konjunkturellen Unsicherheiten auch durch kostenintensive Beschl\u00fcsse der Bundesregierung, wie beispielsweise die Rente mit 63\u201c, so J\u00f6rg Dienenthal abschlie\u00dfend.<\/p>\n","protected":false},"excerpt":{"rendered":"<p>Der VdSM Verband der Siegerl\u00e4nder Metallindustriellen e.V. in Siegen hat seine Mitgliedsunternehmen traditionsgem\u00e4\u00df zum Jahresende nach deren Wirtschaftsentwicklung befragt. Insgesamt 39 Unternehmen mit knapp 10.000&#8230;<\/p>\n","protected":false},"author":2,"featured_media":2286,"comment_status":"open","ping_status":"open","sticky":false,"template":"","format":"standard","meta":{"_jetpack_memberships_contains_paid_content":false,"footnotes":""},"categories":[11],"tags":[],"class_list":["post-2285","post","type-post","status-publish","format-standard","has-post-thumbnail","hentry","category-regionale-wirtschaft"],"jetpack_featured_media_url":"https:\/\/www.vdsm.net\/wronline\/wp-content\/uploads\/2014\/12\/MG_9631.jpg","jetpack_sharing_enabled":true,"_links":{"self":[{"href":"https:\/\/www.vdsm.net\/wronline\/wp-json\/wp\/v2\/posts\/2285","targetHints":{"allow":["GET"]}}],"collection":[{"href":"https:\/\/www.vdsm.net\/wronline\/wp-json\/wp\/v2\/posts"}],"about":[{"href":"https:\/\/www.vdsm.net\/wronline\/wp-json\/wp\/v2\/types\/post"}],"author":[{"embeddable":true,"href":"https:\/\/www.vdsm.net\/wronline\/wp-json\/wp\/v2\/users\/2"}],"replies":[{"embeddable":true,"href":"https:\/\/www.vdsm.net\/wronline\/wp-json\/wp\/v2\/comments?post=2285"}],"version-history":[{"count":1,"href":"https:\/\/www.vdsm.net\/wronline\/wp-json\/wp\/v2\/posts\/2285\/revisions"}],"predecessor-version":[{"id":2287,"href":"https:\/\/www.vdsm.net\/wronline\/wp-json\/wp\/v2\/posts\/2285\/revisions\/2287"}],"wp:featuredmedia":[{"embeddable":true,"href":"https:\/\/www.vdsm.net\/wronline\/wp-json\/wp\/v2\/media\/2286"}],"wp:attachment":[{"href":"https:\/\/www.vdsm.net\/wronline\/wp-json\/wp\/v2\/media?parent=2285"}],"wp:term":[{"taxonomy":"category","embeddable":true,"href":"https:\/\/www.vdsm.net\/wronline\/wp-json\/wp\/v2\/categories?post=2285"},{"taxonomy":"post_tag","embeddable":true,"href":"https:\/\/www.vdsm.net\/wronline\/wp-json\/wp\/v2\/tags?post=2285"}],"curies":[{"name":"wp","href":"https:\/\/api.w.org\/{rel}","templated":true}]}}